{"id":5968,"date":"2009-03-21T10:08:23","date_gmt":"2009-03-21T08:08:23","guid":{"rendered":"http:\/\/www.korhanyilmaz.com\/?p=5968"},"modified":"2009-03-21T10:08:23","modified_gmt":"2009-03-21T08:08:23","slug":"kilicdaroglu-fark-atti","status":"publish","type":"post","link":"http:\/\/www.korhanyilmaz.com\/?p=5968","title":{"rendered":"K\u0131l\u0131\u00e7daro\u011flu fark att\u0131"},"content":{"rendered":"<p><img loading=\"lazy\" decoding=\"async\" class=\"aligncenter size-full wp-image-5969\" title=\"K\u0131l\u0131\u00e7daro\u011flu fark att\u0131 \" src=\"http:\/\/www.korhanyilmaz.com\/wp-content\/uploads\/2009\/03\/210320091006076317869.jpg\" alt=\"K\u0131l\u0131\u00e7daro\u011flu fark att\u0131 \" width=\"320\" height=\"100\" \/><strong><\/strong><\/p>\n<p style=\"text-align: justify;\"><strong>Yerel se\u00e7imin bas\u0131ndaki yar\u0131\u015f\u0131na damgas\u0131n\u0131 vuran ba\u015fkan aday\u0131 a\u00e7\u0131k farkla Kemal K\u0131l\u0131\u00e7daro\u011flu oldu<\/strong><\/p>\n<p style=\"text-align: justify;\">Se\u00e7ime k\u0131sa bir s\u00fcre kala partiler aras\u0131ndaki b\u00fcy\u00fck rekabet meydanlara ta\u015f\u0131yor, se\u00e7im meydanlar\u0131 ise kar\u015f\u0131l\u0131kl\u0131 at\u0131\u015fmalar\u0131n ya\u015fand\u0131\u011f\u0131 arenalara d\u00f6n\u00fc\u015f\u00fcyor. Medya Takip Merkezi(MTM), yerel se\u00e7im yar\u0131\u015f\u0131nda adaylar\u0131n bas\u0131n yans\u0131malar\u0131n\u0131 mercek alt\u0131na ald\u0131. \u0130stanbul, Ankara ve \u0130zmir B\u00fcy\u00fck\u015fehir belediye ba\u015fkan adaylar\u0131 ile ilgili yay\u0131mlanan haberleri inceleyerek rapora d\u00f6n\u00fc\u015ft\u00fcren MTM&#8217;nin verilerine g\u00f6re, yerel se\u00e7imin bas\u0131ndaki yar\u0131\u015f\u0131na damgas\u0131n\u0131 vuran ba\u015fkan aday\u0131, Kemal K\u0131l\u0131\u00e7daro\u011flu oldu.<!--more--><\/p>\n<p style=\"text-align: justify;\">Medya Takip Merkezi, heyecan\u0131n her ge\u00e7en g\u00fcn daha da artt\u0131\u011f\u0131 yerel se\u00e7im yar\u0131\u015f\u0131n\u0131n bas\u0131n yans\u0131malar\u0131n\u0131 mercek alt\u0131na ald\u0131. 1 \u015eubat-15 Mart tarihleri aras\u0131nda bas\u0131nda, \u0130stanbul, Ankara ve \u0130zmir B\u00fcy\u00fck\u015fehir belediye ba\u015fkan adaylar\u0131 ile ilgili yay\u0131mlanan her haberi tek tek inceleyerek rapora d\u00f6n\u00fc\u015ft\u00fcren MTM&#8217;nin verilerine g\u00f6re, yerel se\u00e7imin bas\u0131ndaki yar\u0131\u015f\u0131na damgas\u0131n\u0131 vuran ba\u015fkan aday\u0131, Kemal K\u0131l\u0131\u00e7daro\u011flu oldu.<\/p>\n<p style=\"text-align: justify;\"><strong>-KILI\u00c7DARO\u011eLU PART\u0130 L\u0130DERLER\u0130YLE YARI\u015eTI-<\/strong><\/p>\n<p style=\"text-align: justify;\">Ara\u015ft\u0131rma d\u00f6neminin bas\u0131nda en \u00e7ok haber ve yaz\u0131ya konu olan belediye ba\u015fkan aday\u0131, a\u00e7\u0131k arayla CHP&#8217;nin \u0130stanbul B\u00fcy\u00fck\u015fehir Belediye Ba\u015fkan Aday\u0131 Kemal K\u0131l\u0131\u00e7daro\u011flu oldu. Yolsuzluklara dair a\u00e7\u0131klamalar\u0131 ve d\u00fcr\u00fcstl\u00fc\u011fe yapt\u0131\u011f\u0131 vurguyla \u00f6ne \u00e7\u0131kan K\u0131l\u0131\u00e7daro\u011flu, AKP aday\u0131 Kadir Topba\u015f kar\u015f\u0131s\u0131nda g\u00fc\u00e7l\u00fc bir rakip olarak konumland\u0131r\u0131ld\u0131. 1 \u015eubat-15 Mart tarihleri aras\u0131nda gazete ve dergilerde toplam 2 bin 751 habere konu edilen K\u0131l\u0131\u00e7daro\u011flu&#8217;na bas\u0131n\u0131n ilgisi, Topba\u015f&#8217;a g\u00f6re y\u00fczde 44 daha y\u00fcksek oldu. \u0130stanbul i\u00e7in yar\u0131\u015fan Mehmet Bekaro\u011flu, Ahmet Turgut gibi isimler ise, K\u0131l\u0131\u00e7daro\u011flu-Topba\u015f bas\u0131ndaki \u00e7eki\u015fmesinin g\u00f6lgesinde kald\u0131. Bin 914 habere konu edilen Topba\u015f&#8217;\u0131, 399 haber ile Saadet Partisi Aday\u0131 Mehmet Bekaro\u011flu izledi. MHP&#8217;nin \u0130stanbul B\u00fcy\u00fck\u015fehir Belediye Ba\u015fkan Aday\u0131 Ahmet Turgut ise sadece 114 haberde yer ald\u0131.<\/p>\n<p style=\"text-align: justify;\"><strong>-ERDO\u011eAN VE BAYKAL&#8217;DAN SONRA GEL\u0130YOR-<\/strong><\/p>\n<p style=\"text-align: justify;\">K\u0131l\u0131\u00e7daro\u011flu, sadece t\u00fcm adaylar aras\u0131nda en \u00e7ok ilgi g\u00f6sterilen isim olmakla yetinmeyerek, pek \u00e7ok parti liderini de geride b\u0131rakt\u0131. Erdo\u011fan ve Baykal&#8217;dan sonra en \u00e7ok haber yap\u0131lan \u00fc\u00e7\u00fcnc\u00fc isim olan K\u0131l\u0131\u00e7daro\u011flu&#8217;nun, bas\u0131nda MHP lideri Devlet Bah\u00e7eli&#8217;den bile daha fazla yer almas\u0131, ara\u015ft\u0131rman\u0131n dikkat \u00e7eken bir di\u011fer ba\u015fl\u0131\u011f\u0131yd\u0131.<\/p>\n<p style=\"text-align: justify;\"><strong>-ANKARA ADAYLARI ARASINDAK\u0130 YARI\u015eIN GAL\u0130B\u0130 G\u00d6K\u00c7EK-<\/strong><\/p>\n<p style=\"text-align: justify;\">MTM&#8217;nin raporuna g\u00f6re, Ankara adaylar\u0131 aras\u0131nda en b\u00fcy\u00fck rekabet yine AKP ve CHP aras\u0131nda ya\u015fand\u0131. AKP aday\u0131 Melih G\u00f6k\u00e7ek, bin 787 haber ve yaz\u0131 ile ilk s\u0131raya yerle\u015firken, CHP aday\u0131 Murat Karayal\u00e7\u0131n&#8217;dan y\u00fczde 53 oran\u0131nda daha fazla habere konu oldu. Bin 166 haber ile ikinci s\u0131rada olan Karayal\u00e7\u0131n&#8217;\u0131 MHP&#8217;nin aday\u0131 Mansur Yava\u015f 443 haber ile izledi.<\/p>\n<p style=\"text-align: justify;\"><strong>-CHP \u0130ZM\u0130R&#8217;DE L\u0130DERL\u0130\u011e\u0130N\u0130 KORUYOR-<\/strong><\/p>\n<p style=\"text-align: justify;\">1 \u015eubat-15 Mart tarihleri aras\u0131nda, bas\u0131nda en \u00e7ok yer bulan \u0130zmir B\u00fcy\u00fck\u015fehir Belediye Ba\u015fkan Aday\u0131, a\u00e7\u0131k arayla, CHP aday\u0131 Aziz Kocao\u011flu&#8217;ydu. Kocao\u011flu, en yak\u0131n rakibi Taha Aksoy&#8217;dan bile 2.5 kat daha fazla habere konu edildi. Taha Aksoy, 734 habere konu edilirken,\u0130zmir&#8217;in MHP Aday\u0131 M\u00fcsavat Dervi\u015fo\u011flu ise 153 haber ile bas\u0131nda yer buldu.<\/p>\n<p style=\"text-align: justify;\"><span style=\"color: #888888;\">ANKA<\/span><\/p>\n<p style=\"text-align: justify;\">\n","protected":false},"excerpt":{"rendered":"<\/p>\n<p style=\"text-align: justify;\">Yerel se\u00e7imin bas\u0131ndaki yar\u0131\u015f\u0131na damgas\u0131n\u0131 vuran ba\u015fkan aday\u0131 a\u00e7\u0131k farkla Kemal K\u0131l\u0131\u00e7daro\u011flu oldu<\/p>\n<p style=\"text-align: justify;\">Se\u00e7ime k\u0131sa bir s\u00fcre kala partiler aras\u0131ndaki b\u00fcy\u00fck rekabet meydanlara ta\u015f\u0131yor, se\u00e7im meydanlar\u0131 ise kar\u015f\u0131l\u0131kl\u0131 at\u0131\u015fmalar\u0131n ya\u015fand\u0131\u011f\u0131 arenalara d\u00f6n\u00fc\u015f\u00fcyor. Medya Takip Merkezi(MTM), yerel se\u00e7im yar\u0131\u015f\u0131nda adaylar\u0131n bas\u0131n yans\u0131malar\u0131n\u0131 mercek alt\u0131na ald\u0131. \u0130stanbul, Ankara ve \u0130zmir B\u00fcy\u00fck\u015fehir belediye <\/p>\n","protected":false},"author":1,"featured_media":0,"comment_status":"open","ping_status":"closed","sticky":false,"template":"","format":"standard","meta":{"footnotes":""},"categories":[105],"tags":[],"class_list":["post-5968","post","type-post","status-publish","format-standard","hentry","category-gundem","odd"],"_links":{"self":[{"href":"http:\/\/www.korhanyilmaz.com\/index.php?rest_route=\/wp\/v2\/posts\/5968","targetHints":{"allow":["GET"]}}],"collection":[{"href":"http:\/\/www.korhanyilmaz.com\/index.php?rest_route=\/wp\/v2\/posts"}],"about":[{"href":"http:\/\/www.korhanyilmaz.com\/index.php?rest_route=\/wp\/v2\/types\/post"}],"author":[{"embeddable":true,"href":"http:\/\/www.korhanyilmaz.com\/index.php?rest_route=\/wp\/v2\/users\/1"}],"replies":[{"embeddable":true,"href":"http:\/\/www.korhanyilmaz.com\/index.php?rest_route=%2Fwp%2Fv2%2Fcomments&post=5968"}],"version-history":[{"count":0,"href":"http:\/\/www.korhanyilmaz.com\/index.php?rest_route=\/wp\/v2\/posts\/5968\/revisions"}],"wp:attachment":[{"href":"http:\/\/www.korhanyilmaz.com\/index.php?rest_route=%2Fwp%2Fv2%2Fmedia&parent=5968"}],"wp:term":[{"taxonomy":"category","embeddable":true,"href":"http:\/\/www.korhanyilmaz.com\/index.php?rest_route=%2Fwp%2Fv2%2Fcategories&post=5968"},{"taxonomy":"post_tag","embeddable":true,"href":"http:\/\/www.korhanyilmaz.com\/index.php?rest_route=%2Fwp%2Fv2%2Ftags&post=5968"}],"curies":[{"name":"wp","href":"https:\/\/api.w.org\/{rel}","templated":true}]}}