{"id":5963,"date":"2009-03-21T14:01:04","date_gmt":"2009-03-21T12:01:04","guid":{"rendered":"http:\/\/www.korhanyilmaz.com\/?p=5963"},"modified":"2009-03-21T14:01:04","modified_gmt":"2009-03-21T12:01:04","slug":"turkiyede-darbeler-donemi-kapanmistir","status":"publish","type":"post","link":"http:\/\/www.korhanyilmaz.com\/?p=5963","title":{"rendered":"&#039;T\u00fcrkiye&#039;de darbeler d\u00f6nemi kapanm\u0131\u015ft\u0131r&#039;"},"content":{"rendered":"<p><img loading=\"lazy\" decoding=\"async\" class=\"aligncenter size-full wp-image-5964\" title=\"'T\u00fcrkiye'de darbeler d\u00f6nemi kapanm\u0131\u015ft\u0131r'\" src=\"http:\/\/www.korhanyilmaz.com\/wp-content\/uploads\/2009\/03\/fft27_mf141270.jpeg\" alt=\"'T\u00fcrkiye'de darbeler d\u00f6nemi kapanm\u0131\u015ft\u0131r'\" width=\"322\" height=\"97\" \/><\/p>\n<p style=\"text-align: justify;\">Ergenekon soru\u015fturmas\u0131 kapsam\u0131nda, &#8220;Savc\u0131l\u0131k davet ederse, gider konu\u015furum&#8221; diyen, eski Genelkurmay Ba\u015fkan\u0131 Hilmi \u00d6zk\u00f6k, g\u00f6revi boyunca birlikte \u00e7al\u0131\u015ft\u0131\u011f\u0131, 10. Cumhurba\u015fkan\u0131 Ahmet Necdet Sezer ve askeri darbelerle ilgili olarak H\u00fcrriyet&#8217;e konu\u015ftu.<\/p>\n<p style=\"text-align: justify;\">H\u00fcrrriyet gazetesi yazar\u0131 Enis Berbero\u011flu&#8217;nun sorular\u0131n\u0131 cevaplayan \u00d6zk\u00f6k, Ergenekon savc\u0131s\u0131 davet ederse, ne anlataca\u011f\u0131 konusunda yorum yapmad\u0131.<\/p>\n<p style=\"text-align: justify;\">Hilmi \u00d6zk\u00f6k, g\u00f6rev s\u00fcresi boyunca birlikte \u00e7al\u0131\u015ft\u0131\u011f\u0131, eski Cumhurba\u015fkan\u0131 Ahmet Necdet Sezer&#8217;le ili\u015fkisini tarif ederken, &#8220;Sayg\u0131n, devlet idaresine katk\u0131da bulunacak yap\u0131da&#8221; ifadelerini kulland\u0131. <!--more--><\/p>\n<p style=\"text-align: justify;\">\u00d6zk\u00f6k, Sezer&#8217;in varl\u0131\u011f\u0131n\u0131n, kendisine b\u00fcy\u00fck destek sa\u011flad\u0131\u011f\u0131n\u0131 belirtti, &#8220;Farkl\u0131 olarak d\u00fc\u015f\u00fcnd\u00fc\u011f\u00fcm\u00fcz konular da olmu\u015ftur. Ben farkl\u0131 g\u00f6r\u00fc\u015flerimi dahi, en az\u0131ndan dinlenece\u011fi bilinciyle, kendilerine arz ederdim. G\u00f6r\u00fc\u015flerimizi, birbirimize dayatarak kabul ettirmek gibi bir davran\u0131\u015f, sergilemedik&#8221; dedi.<\/p>\n<p style=\"text-align: justify;\">\u00d6zk\u00f6k, &#8220;T\u00fcrk Silahl\u0131 Kuvvetleri&#8217;nin darbe gelene\u011fi, sizce sona erdi mi, ermeli mi?&#8221; sorusuna kar\u015f\u0131l\u0131k olarak da, &#8220;TSK&#8217;n\u0131n ula\u015ft\u0131\u011f\u0131 entelekt\u00fcel seviye, haberle\u015fme teknolojisindeki evrim, demokrasi, T\u00fcrkiye&#8217;nin uluslararas\u0131 kurulu\u015flara kat\u0131l\u0131m\u0131, sivil toplum kurulu\u015flar\u0131ndaki geli\u015fim gibi geli\u015fmelerin darbeler devrini kapatt\u0131\u011f\u0131n\u0131 s\u00f6yledi.<\/p>\n<p style=\"text-align: justify;\">Hilmi \u00d6zk\u00f6k, &#8220;Bence, halk r\u00fc\u015ft\u00fcn\u00fc ispatlam\u0131\u015ft\u0131r. Halk, hak ve hukukunu, sadece vekiller eliyle arama al\u0131\u015fkanl\u0131\u011f\u0131ndan, yava\u015f yava\u015f s\u0131yr\u0131larak, do\u011frudan ve itidalli bir \u015fekilde arama se\u00e7eneklerini de kullanmaya ba\u015flam\u0131\u015ft\u0131r. Onu anlamas\u0131 gerekenler de, yava\u015f yava\u015f ezberlerini bozarak onu anlamaya, iktidar\u0131n kayna\u011f\u0131n\u0131n, sadece oy olmad\u0131\u011f\u0131na, ak\u0131l erdirmeye ba\u015flam\u0131\u015flard\u0131r&#8221; diye konu\u015ftu.<\/p>\n<p style=\"text-align: justify;\">\n","protected":false},"excerpt":{"rendered":"<\/p>\n<p style=\"text-align: justify;\">Ergenekon soru\u015fturmas\u0131 kapsam\u0131nda, &#8220;Savc\u0131l\u0131k davet ederse, gider konu\u015furum&#8221; diyen, eski Genelkurmay Ba\u015fkan\u0131 Hilmi \u00d6zk\u00f6k, g\u00f6revi boyunca birlikte \u00e7al\u0131\u015ft\u0131\u011f\u0131, 10. Cumhurba\u015fkan\u0131 Ahmet Necdet Sezer ve askeri darbelerle ilgili olarak H\u00fcrriyet&#8217;e konu\u015ftu.<\/p>\n<p style=\"text-align: justify;\">H\u00fcrrriyet gazetesi yazar\u0131 Enis Berbero\u011flu&#8217;nun sorular\u0131n\u0131 cevaplayan \u00d6zk\u00f6k, Ergenekon savc\u0131s\u0131 davet ederse, ne anlataca\u011f\u0131 konusunda yorum yapmad\u0131.<\/p>\n<p style=\"text-align: justify;\">Hilmi <\/p>\n","protected":false},"author":1,"featured_media":0,"comment_status":"open","ping_status":"closed","sticky":false,"template":"","format":"standard","meta":{"footnotes":""},"categories":[105],"tags":[],"class_list":["post-5963","post","type-post","status-publish","format-standard","hentry","category-gundem","odd"],"_links":{"self":[{"href":"http:\/\/www.korhanyilmaz.com\/index.php?rest_route=\/wp\/v2\/posts\/5963","targetHints":{"allow":["GET"]}}],"collection":[{"href":"http:\/\/www.korhanyilmaz.com\/index.php?rest_route=\/wp\/v2\/posts"}],"about":[{"href":"http:\/\/www.korhanyilmaz.com\/index.php?rest_route=\/wp\/v2\/types\/post"}],"author":[{"embeddable":true,"href":"http:\/\/www.korhanyilmaz.com\/index.php?rest_route=\/wp\/v2\/users\/1"}],"replies":[{"embeddable":true,"href":"http:\/\/www.korhanyilmaz.com\/index.php?rest_route=%2Fwp%2Fv2%2Fcomments&post=5963"}],"version-history":[{"count":0,"href":"http:\/\/www.korhanyilmaz.com\/index.php?rest_route=\/wp\/v2\/posts\/5963\/revisions"}],"wp:attachment":[{"href":"http:\/\/www.korhanyilmaz.com\/index.php?rest_route=%2Fwp%2Fv2%2Fmedia&parent=5963"}],"wp:term":[{"taxonomy":"category","embeddable":true,"href":"http:\/\/www.korhanyilmaz.com\/index.php?rest_route=%2Fwp%2Fv2%2Fcategories&post=5963"},{"taxonomy":"post_tag","embeddable":true,"href":"http:\/\/www.korhanyilmaz.com\/index.php?rest_route=%2Fwp%2Fv2%2Ftags&post=5963"}],"curies":[{"name":"wp","href":"https:\/\/api.w.org\/{rel}","templated":true}]}}