{"id":5954,"date":"2009-03-21T12:30:36","date_gmt":"2009-03-21T10:30:36","guid":{"rendered":"http:\/\/www.korhanyilmaz.com\/?p=5954"},"modified":"2009-03-21T12:30:36","modified_gmt":"2009-03-21T10:30:36","slug":"1-ordu-komutani-dogan-darbeye-hazirmis","status":"publish","type":"post","link":"http:\/\/www.korhanyilmaz.com\/?p=5954","title":{"rendered":"1. Ordu Komutan\u0131 Do\u011fan darbeye haz\u0131rm\u0131\u015f"},"content":{"rendered":"<p style=\"text-align: center;\"><img loading=\"lazy\" decoding=\"async\" class=\"aligncenter size-full wp-image-5955\" title=\"1. Ordu Komutan\u0131 Do\u011fan darbeye haz\u0131rm\u0131\u015f\" src=\"http:\/\/www.korhanyilmaz.com\/wp-content\/uploads\/2009\/03\/fft5_mf141208.jpeg\" alt=\"1. Ordu Komutan\u0131 Do\u011fan darbeye haz\u0131rm\u0131\u015f\" width=\"321\" height=\"214\" \/><\/p>\n<p style=\"text-align: center;\">\n<p style=\"text-align: justify;\">Cumhuriyet Gazetesi Ankara Temsilcisi Mustafa Balbay&#8217;\u0131n g\u00fcnl\u00fcklerinde yeni darbe giri\u015fiminin notlar\u0131 ortaya \u00e7\u0131kt\u0131. AKP iktidar oldu\u011fu d\u00f6nemde 1. Ordu Komutan\u0131 olan \u00c7etin Do\u011fan &#8216;o g\u00fcn&#8217; diye kodlad\u0131\u011f\u0131 darbeye haz\u0131rl\u0131k yap\u0131yor. Genelkurmay Ba\u015fkan\u0131 \u00d6zk\u00f6k&#8217;\u00fcn emirlerinin yerine getirilmedi\u011fi anlat\u0131l\u0131yor.<\/p>\n<p style=\"text-align: justify;\">Ergenekon soru\u015fturmas\u0131 kapsam\u0131nda tutuklanan Cumhuriyet Gazetesi Ankara Temsilcisi Mustafa Balbay&#8217;a ait oldu\u011fu belirtilen www.tempo24.com.tr&#8217;de yay\u0131mlanan g\u00fcnl\u00fcklerde yeni &#8216;darbe notlar\u0131&#8217; ortaya \u00e7\u0131kt\u0131.<br \/>\nG\u00fcnl\u00fcklerde AKP&#8217;nin iktidara geldi\u011fi d\u00f6nemde 1. Ordu Komutan\u0131 olan \u00c7etin Do\u011fan&#8217;\u0131n &#8216;h\u00fck\u00fcmetin art\u0131k g\u00f6t\u00fcremedi\u011fine inand\u0131\u011f\u0131&#8217; ve &#8216;o g\u00fcne haz\u0131rland\u0131\u011f\u0131&#8217; iddias\u0131 yer al\u0131yor. <!--more--><\/p>\n<p style=\"text-align: justify;\">G\u00fcnl\u00fckteki notlara g\u00f6re, \u00c7etin Do\u011fan, &#8216;o g\u00fcn&#8217;e haz\u0131rl\u0131k amac\u0131yla \u00f6nceden planlad\u0131\u011f\u0131 ameliyat\u0131 oluyor. G\u00fcnl\u00fckte &#8216;d\u00fc\u015fsel bir \u00f6yk\u00fc&#8217; ba\u015fl\u0131\u011f\u0131 ta\u015f\u0131yan b\u00f6l\u00fcmdeki s\u00f6yle\u015fide, darbe giri\u015fimlerine kar\u015f\u0131 \u00e7\u0131kan d\u00f6nemin Genelkurmay Ba\u015fkan\u0131 Hilmi \u00d6zk\u00f6k&#8217;\u00fcn &#8216;ya de\u011fi\u015fece\u011fi, ya gidece\u011fi&#8217;, &#8216;\u00d6zk\u00f6k&#8217;\u00fcn baz\u0131 emirlerinin yerine getirilmedi\u011fi&#8217; anlat\u0131l\u0131yor. \u00d6zk\u00f6k&#8217;\u00fcn, Ba\u015fbakan teklif ederse &#8216;Genelkurmay Ba\u015fkan\u0131&#8217;n\u0131n Milli Savunma Bakan\u0131&#8217;na ba\u011flanmas\u0131n\u0131 kabul edebilece\u011fi&#8217; belirtiliyor ve &#8216;Bunu kabul edemeyiz. O zaman ip kopar&#8217; ifadesi kullan\u0131l\u0131yor. S\u00f6yle\u015fide rumuzlar kullan\u0131yor. \u00d6rne\u011fin; &#8216;Kas\u0131m&#8217;\u0131n Kas\u0131mpa\u015fa&#8217;dan hareketle Ba\u015fbakan Erdo\u011fan, &#8216;G\u00f6n\u00fclsay&#8217;\u0131n eski Say\u0131\u015ftay Ba\u015fkan\u0131 olan Milli Savunma Bakan\u0131 Vecdi G\u00f6n\u00fcl oldu\u011fu anla\u015f\u0131l\u0131yor. G\u00fcnl\u00fckte, &#8216;d\u00fc\u015fsel bir \u00f6yk\u00fc&#8217; ba\u015fl\u0131\u011f\u0131 alt\u0131nda &#8216;Mehmet&#8217;le yap\u0131lan bir s\u00f6yle\u015fiye yer veriliyor. &#8216;D\u00fc\u015fsel bir \u00f6yk\u00fc&#8217; ba\u015fl\u0131\u011f\u0131, Cumhuriyet yazar\u0131 C\u00fcneyt Arcay\u00fcrek&#8217;in 12 Eyl\u00fcl 1980 darbesini, darbe d\u00f6neminin yasaklar\u0131 nedeniyle &#8216;d\u00fc\u015fsel bir \u00f6yk\u00fc&#8217; olarak anlatt\u0131\u011f\u0131 kitab\u0131n\u0131 \u00e7a\u011fr\u0131\u015ft\u0131r\u0131yor.<br \/>\n\u0130\u015fte www.tempo24.com.tr&#8217;de yay\u0131mlanan g\u00fcnl\u00fcklerdeki ilgin\u00e7 diyalog ve notlar: (Yaz\u0131m hatalar\u0131 aynen metindeki gibidir)\n<\/p>\n<p style=\"text-align: justify;\"><strong>H\u00dcK\u00dcMET G\u00d6T\u00dcREM\u0130YOR&#8217; <\/strong><\/p>\n<p style=\"text-align: justify;\">\u00c7etin Pa\u015fa Akt\u00fceldeki yaz\u0131y\u0131 okuduktan sonra demi\u015f ki<br \/>\n&#8211; Ameliyattan \u00f6nce tabancam yan taraf\u0131mdayd\u0131. \u015eimdi \u00e7apraz tutu\u015ftay\u0131m<br \/>\nO haz\u0131r. Onunla ilgili gidi\u015fte bir sorun yok. Amelittan hemen \u00f6nce \u0130zmirde orduk komutanlar\u0131yla konu\u015fmak, toplanmak \u00fczere haz\u0131rl\u0131k yapt\u0131. Orada yapaca\u011f\u0131 konu\u015fmay\u0131 haz\u0131rlad\u0131. Bunu bilgi olsun diye, Genkura da g\u00f6nderdi. Ya\u015far Pa\u015fa bir \u00fcste iletmedi. Konu\u015fmas\u0131 a\u011f\u0131rd\u0131. T\u00fcrkiye b\u00f6yle gitmez, h\u00fck\u00fcmet bu i\u015fi g\u00f6t\u00fcremiyor. t\u00fcr\u00fcndeydi..kesin konu\u015fmay\u0131 yapacakt\u0131 Ayta\u00e7 Pa\u015fa yap demi\u015f..&#8221;\n<\/p>\n<p style=\"text-align: justify;\"><strong>DE\u011eERLEND\u0130RME <\/strong><\/p>\n<p style=\"text-align: justify;\">A\u00e7\u0131k kaynaklardan yap\u0131lan ara\u015ft\u0131rmada, d\u00f6nemin 1. Ordu Komutan\u0131 \u00c7etin DO\u011eAN&#8217;\u0131n 31 Mart 2003 tarihinde by-pass ameliyat\u0131 ge\u00e7irdi\u011fi, \u00c7etin DO\u011eAN&#8217;\u0131n 1. Ordu Komutanl\u0131\u011f\u0131na Ege Ordu Komutanl\u0131\u011f\u0131 sonras\u0131nda atand\u0131\u011f\u0131, Org. Ya\u015far B\u00dcY\u00dcKANIT&#8217;\u0131n 2000 Y\u00fcksek Askeri \u015eura kararlar\u0131 \u00fczerine Genelkurmay \u0130kinci Ba\u015fkanl\u0131\u011f\u0131&#8217;na atand\u0131\u011f\u0131 ve 2003 A\u011fustosuna kadar bu g\u00f6revini s\u00fcrd\u00fcrd\u00fc\u011f\u00fc, \u00c7etin DO\u011eAN&#8217;\u0131n 1.Ordu Komutanl\u0131\u011f\u0131 s\u0131ras\u0131nda Org. Ayta\u00e7 YALMAN&#8217;\u0131n ise Kara Kuvvetleri Komutanl\u0131\u011f\u0131 g\u00f6revini \u00fcstlenmekte oldu\u011fu g\u00f6r\u00fclm\u00fc\u015ft\u00fcr.<\/p>\n<p style=\"text-align: justify;\"><strong>&#8216;O G\u00dcN&#8217;E HAZIRLIK&#8217; <\/strong><\/p>\n<p style=\"text-align: justify;\">&#8220;31 Mart Pazartesi Mehmet Beyle g\u00f6r\u00fc\u015fme<br \/>\n&#8211; Elinize sa\u011fl\u0131k&#8230; Adresini buldu. Arkas\u0131 gelebilir&#8230; \u00c7etin&#8217;in ameliyat olmas\u0131n\u0131n nedeni haz\u0131rl\u0131k. O g\u00fcne haz\u0131rlan\u0131r&#8230; R\u00f6portajda s\u00fcrekli ben emekli olaca\u011f\u0131m demesinin nedeni, baz\u0131 dedikodular \u00e7\u0131kt\u0131\u011f\u0131 i\u00e7in kimseyi \u00fcrk\u00fctmemek. Ama fazla emekli olaca\u011f\u0131m, dedi.&#8221;\n<\/p>\n<p style=\"text-align: justify;\"><strong>DE\u011eERLEND\u0130RME <\/strong><\/p>\n<p style=\"text-align: justify;\">S\u00f6z konusu yaz\u0131da y\u0131l belirtilmedi\u011finden dolay\u0131 takvim \u00fczerinde yap\u0131lan incelemede 31 Mart&#8217;\u0131n 2003 y\u0131l\u0131nda Pazartesi g\u00fcn\u00fcne rast geldi\u011fi ve bu nedenle s\u00f6z konusu g\u00f6r\u00fc\u015fmenin &#8220;31 Mart 2003&#8221; tarihinde yap\u0131ld\u0131\u011f\u0131, A\u00e7\u0131k kaynaklarda yap\u0131lan ara\u015ft\u0131rma ve incelmenin genelinden &#8216;Memet&#8217;in \u00fcst d\u00fczey bir askeri personel, &#8216;\u00c7etin&#8217;in ise d\u00f6nemin 1.Ordu Komutan\u0131 \u00c7etin DO\u011eAN oldu\u011fu de\u011ferlendirilmi\u015ftir.<br \/>\nAyr\u0131ca a\u00e7\u0131k kaynaklarda yap\u0131lan ara\u015ft\u0131rmada 1. Ordu Komutan\u0131 \u00c7etin DO\u011eAN&#8217;\u0131n 31 Mart 2003 tarihinde by-pass ameliyat\u0131 ge\u00e7irdi\u011fi g\u00f6r\u00fclm\u00fc\u015ft\u00fcr.<br \/>\n&#8220;D\u00fc\u015fsel bir \u00f6yk\u00fc..<br \/>\nMehmet sakin, ba\u015f\u0131 yar\u0131 \u00f6ne e\u011fik, yakas\u0131nda Atat\u00fcrk rozetiyle gelir. Rozetin alt k\u0131sm\u0131 uniformasal \u00e7izgilidir. Beyaza \u00e7alan gri sa\u00e7lar\u0131 Ediz HUN gibi taranm\u0131\u015ft\u0131r. K\u0131s\u0131k sesle f\u0131s\u0131ldar gibi konu\u015fur kayg\u0131l\u0131d\u0131r..bizi en b\u00fcy\u00fck ba\u015fkan\u0131m\u0131z der, bizim gibi d\u00fc\u015f\u00fcnm\u00fcyor. Durum ciddidir.<br \/>\n-Sadece o mu<br \/>\nEvet sadece o diyebiliriz. Bir de \u00fc\u00e7\u00fcnc\u00fc arkada\u015f var. Sessiz kal\u0131r o kadar. \u00d6tekiler sa\u011flam. Deniz gidiyor. Onun i\u00e7in bir \u015fey demeyebilir. Ama bize karada havada olumsuzluk yok<br \/>\n-Nedir durum<br \/>\n\u00d6yle san\u0131yoruz ki, onu etkilediler. Avrupada \u00e7ok kald\u0131 oradan etkilendi. Bir de buradaki muhafazakarlardan etkilendi. Biz \u00f6n\u00fcne durumu koydu\u011fumuzda hafif g\u00fcl\u00fcms\u00fcyor. 97-98&#8217;lerde de \u00f6n\u00fcne bir \u015fey koydu\u011fmuzda i\u00e7imizdeki bu durumlarla de\u011fil de etraf\u0131m\u0131zda \u00f6yle alanlarla ilgilenin. \u0130\u00e7imizdekiler de bunu anlarlar, azal\u0131rlar, diye d\u00fc\u015f\u00fcn\u00fcyordu.\n<\/p>\n<p style=\"text-align: justify;\"><strong>DE\u011e\u0130\u015eT\u0130RECE\u011e\u0130Z <\/strong><\/p>\n<p style=\"text-align: justify;\">-De\u011fi\u015fmezse ne yapacaks\u0131n\u0131z<br \/>\nDe\u011fi\u015fme olas\u0131l\u0131\u011f\u0131 y\u00fczde 50&#8217;nin alt\u0131nda. \u00d6yle d\u00fc\u015f\u00fcn\u00fcyoruz. Ama de\u011fi\u015fik gayretlerle olabilir diyoruz. Mesela o yazsa diyoruz. Durumu anlatsa diyoruz. Sallan\u0131r buras\u0131. Bunun devam\u0131nda siz \u00f6teki arkada\u015flar\u0131za da s\u00f6yleyebilirsiniz. Bizim takvimlememiz marta kadar. Martta bunlar\u0131n ger\u00e7ek y\u00fczleri de ortaya \u00e7\u0131kacak. O zamana kadar de\u011fi\u015fmezse bir de\u011fi\u015ftirece\u011fiz. Ya de\u011fi\u015fecek ya gidecek. Biz ba\u015fkanla ters d\u00fc\u015fersek k\u00f6t\u00fc olur. Mesela emekli olur. Bu da ho\u015f olmaz ama, b\u00f6yle devam edemez.<br \/>\n-Yaln\u0131z m\u0131<br \/>\nEvet evet. \u00d6rne\u011fiz bir haber vard\u0131, o haber. Yalanlan\u0131r denen haber. Kim verdi bunu bulun demi\u015f. Telefon etmelerini istemi\u015fler, o telefon edilmedi. Yani \u00f6yle&#8230; Sonra baz\u0131 bilgiler ge\u00e7iyor. Onun bilgisi d\u0131\u015f\u0131nda&#8230; Bizi en \u00e7ok rahats\u0131z eden Kas\u0131m\u0131n ziyareti. KASIM yan\u0131nda emekliyle gelmi\u015f. Olacak \u015fey de\u011fil. dayat\u0131yor&#8230; Bunun olmamas\u0131 laz\u0131md\u0131. Bizi dinlemeden yapt\u0131. Kutlamay\u0131 da bizim yan\u0131 kurumsal bilginin d\u0131\u015f\u0131nda yapt\u0131. Durumu bildi\u011fi i\u00e7in yapt\u0131. Biz bunun yerine birincinin olmas\u0131 i\u00e7in \u00e7aba harcam\u0131\u015ft\u0131k, o d\u00f6nem b\u00f6yleydi. olmad\u0131. AHNEC olmaz dedi, geleneklere uygun de\u011fil dedi. Zaten ba\u015fkan da benim i\u00e7in dua edin, zor durumday\u0131m gibi\u015f \u015feyler s\u00f6ylemi\u015f\n<\/p>\n<p style=\"text-align: justify;\"><strong>\u00d6ZK\u00d6K&#8217;E UYARI <\/strong><\/p>\n<p style=\"text-align: justify;\">Bir tek \u00c7EB\u0130R var. Onun d\u0131\u015f\u0131nda olumsuzluk yok. O da Amerikaya gitti. Sonra 13-14 Avrupa \u00fclkesine gitti. Hepsime KASIM iyidir dedi. Destekleyin dedi. Ama \u00f6tekiler \u00e7ok iyi hatta ba\u015fkana mektup yazd\u0131lar. B\u00f6yle davranma dediler. \u00d6z\u00fc genli bir ba\u015fkan da ayn\u0131 \u015fekilde yazd\u0131. \u00d6tekiler de yazd\u0131. Ama dinlemiyor<br \/>\n-\u00c7EB\u0130R neden b\u00f6yle bir davran\u0131\u015f i\u00e7inde olmu\u015f olabilir<br \/>\nBu konuda siz ne d\u00fc\u015f\u00fcr\u00fcns\u00fcn\u00fcz. Biz tam \u00e7\u00f6zemedik. Herhalde ona \u00f6yle dediler<br \/>\n-Burada Do\u011fanlara ne dersiniz<br \/>\nOnlar olumsuz. Bu a\u00e7\u0131k. Hatta do\u011frudan 100 milyon dolar ald\u0131klar\u0131 y\u00f6n\u00fcnde sa\u011flam bilgi var. olur ya misyon ya neden bilemem. G\u00f6revliler mi diye d\u00fc\u015f\u00fcn\u00fcyor insan. \u00d6rne\u011fin may\u0131sta man\u015fet att\u0131lar ki, psikoloji.<br \/>\n-Peki marta kadar ba\u015fkan\u0131n olumsuzlu\u011fu devam ederse ne yapacaks\u0131n\u0131z<br \/>\nO zaman Ege denizinden ba\u015flay\u0131p konu\u015facaklar. Tek tek. Hani organize bir durum yokmu\u015f gibi. Tek tek&#8230; Onun sonucunda art\u0131k ne olur? Kar\u0131\u015f\u0131r&#8230; \u00d6yle olsun istemiyoruz burada ona gittik. Nas\u0131l tercih edildi. Zor oldu. Herkes kendi i\u00e7inde d\u00fc\u015f\u00fcnd\u00fc. T\u00fcm J\u0130LETLER. Ayn\u0131 d\u00fc\u015f\u00fcnd\u00fcler. Tek isim oldu. Ba\u015fka yok. Tek isim.\n<\/p>\n<p style=\"text-align: justify;\"><strong>ABD NE YAPAR? <\/strong><\/p>\n<p style=\"text-align: justify;\">-Yanki ne yapar<br \/>\nOnlar \u00e7ok kararl\u0131. Bunu biliyoruz. Kesin Iraklayacak. Ama bir ay, ama iki ay, ama \u00fc\u00e7 ay, ama bir y\u0131l. Mutlaka ve buraya yerle\u015fecek. Zaten bir misyonerlik faaliyeti olan yerlere bakt\u0131k, hepsi enerji alanlar\u0131 i\u00e7inde. Haritaya bak\u0131nca bu ortaya \u00e7\u0131k\u0131yor. Adamlar limanlar\u0131 istiyorlar. \u0130skender, Trabzan&#8230; Buralar\u0131n g\u00fcc\u00fcn\u00fc, kapasitesini soran yaz\u0131lar yaz\u0131yorlar. Trabzandan G\u00fcrcana vaziyet eyleyecekler. \u015eimdi Arman\u0131 Russodan ay\u0131rmaya \u00e7al\u0131\u015f\u0131yorlar. Sonra \u015eiiyi par\u00e7alayacaklar. Bize oradaki Azerler sizin olur ya da Azere ba\u011flar\u0131z. Ya da kendileri ba\u011f\u0131ms\u0131z olur, siz tercih edin diyorlar. Bizi 7-8 y\u0131l \u00f6ncesine kadar b\u00f6lmek ve K\u00fcrd\u00fcs\u00fc kurmak istiyorlard\u0131. \u015eimdi bunu gereksiz g\u00f6r\u00fcyorlar. Ama Hans\u0131n derdi yine bu.\n<\/p>\n<p style=\"text-align: justify;\"><strong>&#8216;BAKAN&#8217;A BA\u011eLANMAYIZ&#8217; <\/strong><\/p>\n<p style=\"text-align: justify;\">Bizim en b\u00fcy\u00fck kayg\u0131m\u0131z ba\u015fkan. Kas\u0131m derse ki, ba\u015fkan bakana ba\u011flans\u0131n belki de evet der. O zaman ip kopar. Kopar. bunu kabul edemeyiz. \u0130\u015fte o zaman kopar. Ge\u00e7en g\u00fcn G\u00f6n\u00fclsay geldi. Ba\u015fkan\u0131 ziyarete. 20 kadar GENPA vard\u0131. Hi\u00e7biri y\u00fcz\u00fcne bakmad\u0131. Kimi s\u0131rt\u0131n\u0131 d\u00f6nd\u00fc. Kimi sigaras\u0131n\u0131 i\u00e7meye devam etti. Kimi i\u00e7eri girdi. \u00c7ok bozuldu. Yan\u0131t da o s\u0131rada bilerek toplant\u0131y\u0131 uzatt\u0131 ki, u\u011furlamayay\u0131m, diye&#8230; Durum b\u00f6yle yani<br \/>\n-Kalba\u015fkan\u0131 nas\u0131l buluyorsunuz<br \/>\nBizim gibi hareket eder diye d\u00fc\u015f\u00fcn\u00fcyoruz. O 50&#8217;lerin d\u00f6n\u00fcs\u00fc olabilir diye d\u00fc\u015f\u00fcy\u00fcruz. Olmal\u0131 diyoruz, olmal\u0131. Tabi bir hareket olmadan hemen \u015f\u00f6yle b\u00f6yle yapmak olmaz..<br \/>\n-Gidi\u015fi nereye kadar g\u00f6r\u00fcyorsunuz<br \/>\nBunlara da alttan bask\u0131 var. Bir ki\u015fi neden takam\u0131yoruz diye e-mail \u00e7ekti. Hemen yan\u0131t geldi, sizinle r\u00f6portaj yapal\u0131m, yay\u0131nlayal\u0131m. Bask\u0131 yapal\u0131m. Alttan bask\u0131 var diyelim, dediler. Onlar\u0131n da alt\u0131 durmayacakt\u0131r. Onlar\u0131n yay\u0131nlar\u0131nda ba\u015fkanla ilgili \u00e7ok \u00f6v\u00fcc\u00fc yay\u0131nlar var. Bu ilgin\u00e7..Biz \u015fundan eminiz; 57. nin ba\u015f\u0131n\u0131n d\u00fc\u015fmesi \u00f6zel bir planlamayd\u0131. Ba\u015f\u0131ndaki Irak&#8217;a sald\u0131r\u0131ya hay\u0131r dedi\u011fi i\u00e7in mi de\u011fi\u015ftirmek, bitirmek istediler diye d\u00fc\u015f\u00fcn\u00fcyoruz. Ama \u00f6zel olarak par\u00e7aland\u0131\u011f\u0131n\u0131 d\u00fc\u015f\u00fcn\u00fcyoruz bir \u00f6nemli durum daha var. Ba\u015fkan, listeye at\u0131lan almak istemiyor. Hi\u00e7 \u00e7\u0131kmas\u0131n diyor. Israr ettik var \u00e7\u00fcnk\u00fc. \u00dclkede olan ne varsa bir miktar da bizde vard\u0131r. Toplumda y\u00fczde 1 ise bizde binde birdir. Ama vard\u0131r. Sonunda \u0131srarla 8 tane ald\u0131rmay\u0131 ba\u015fard\u0131k. Bu malum G\u00fcven Kurul Toplant\u0131lar\u0131n\u0131n neden erken bitti\u011fini d\u00fc\u015f\u00fcn\u00fcyorsunu? \u00c7\u00fcnk\u00fc ba\u015fkan alt\u0131ndakilerin konu\u015fmas\u0131n\u0131 istemiyor. Bundan sonra da b\u00f6yle devam eder mi, bilmiyoruz. Ama biz etmemesi i\u00e7in \u00e7aba harcayaca\u011f\u0131z.&#8221;\n<\/p>\n<p style=\"text-align: justify;\"><strong>DE\u011eERLEND\u0130RME <\/strong><\/p>\n<p style=\"text-align: justify;\">S\u00f6z konusu yaz\u0131da ismi ge\u00e7en &#8216;AHNEC&#8217;in eski Cumhurba\u015fkan\u0131 Ahmet Necdet SEZER, &#8216;\u00c7EB\u0130R&#8217;in emekli Orgeneral \u00c7evik B\u0130R, &#8216;Yan\u0131t&#8217;\u0131n Genelkurmay eski Ba\u015fkan\u0131 Ya\u015far B\u00dcY\u00dcKANIT, &#8216;Yanki&#8217;nin Amerika Birle\u015fik Devletleri, &#8216;Hans&#8217;\u0131n Almanya, &#8216;\u0130skender&#8217;in \u0130skenderun, &#8216;Trabzan&#8217;\u0131n Trabzon, &#8216;Arman&#8217;\u0131n Ermenistan, &#8216;Russo&#8217;nun Rusya, &#8216;Azer&#8217;in Azerbaycan, &#8216;K\u00fcrd\u00fcs&#8217;\u00fcn K\u00fcrdistan, &#8216;G\u00fcrcan&#8217;\u0131n G\u00fcrcistan, &#8216;\u015eii&#8217;nin \u0130ran, &#8216;G\u00f6n\u00fclsay&#8217;\u0131n Savunma Bakan\u0131 Vecdi G\u00d6N\u00dcL, &#8216;Kas\u0131m&#8217;\u0131n Ba\u015fbakan Recep Tayip ERDO\u011eAN, 57.H\u00fck\u00fcmetin ise Ba\u015fkanl\u0131\u011f\u0131n\u0131 B\u00fclent ECEV\u0130T&#8217;in yapt\u0131\u011f\u0131 h\u00fck\u00fcmet oldu\u011fu de\u011ferlendirilmi\u015ftir.<\/p>\n<p style=\"text-align: justify;\"><strong>&#8216;T\u00dcRK\u0130YE ASKIDA&#8217; <\/strong><\/p>\n<p style=\"text-align: justify;\">&#8220;14 Kas\u0131m 02-Per\u015femb<br \/>\n-Mini ehli dil&#8230; gazi orduevinde. Yener, Artuk, Ayd\u0131n, Erdal, \u00d6nal..<br \/>\nEv sahibi \u015eenel, ben \u00e7ok karamsar\u0131m dedi devam etti ben T\u00fcrkiye Cumhuriyeti ask\u0131ya al\u0131nm\u0131\u015ft\u0131r diyorum. Karamsar\u0131m. \u00c7ok karamsar\u0131m. Bunlar ba\u015flang\u0131\u00e7ta \u0131l\u0131man gelecekler, sonra usul usul girecekler. Kadrola\u015facaklar. Fethullah iktidarda&#8230; Bunlar ekonomide de ba\u015far\u0131l\u0131 olur. Yast\u0131k alt\u0131ndaki paralar\u0131 \u00e7\u0131kar\u0131rlar, ye\u015fil sermayeyi getirirler.. Demek ki biz patinaj yapm\u0131\u015f\u0131z. Bunlarla m\u00fccadele ediyoruz dedik ama, bo\u015funaym\u0131\u015f. CHP de umut vermiyor&#8230; bilmiyorum&#8230; karamsar\u0131m&#8230;<br \/>\nAyn\u0131 g\u00fcn Yarbay Mehmet, B\u00fcy\u00fckan\u0131t&#8217;la g\u00f6r\u00fc\u015fmeyi anlatt\u0131&#8230; Tek Cumhuriyet kald\u0131 demi\u015f bilgi notlar\u0131 sadece bize..&#8221;\n<\/p>\n<p style=\"text-align: justify;\"><strong>DE\u011eERLEND\u0130RME <\/strong><\/p>\n<p style=\"text-align: justify;\">Di\u011fer notlara bak\u0131ld\u0131\u011f\u0131nda &#8220;Per\u015fembe grubu&#8221; olarak adland\u0131r\u0131lan bir grubun oldu\u011fu, &#8217;25&#8217; isimli dosya i\u00e7erisinde &#8220;Per\u015fembe g\u00fcn\u00fc ak\u015fam d\u00fczenlenen yemekli toplant\u0131ya kat\u0131lan ki\u015filerin isim listelerinin bulundu\u011fu, bu listede \u015fah\u0131slar\u0131n ad-soyad ve g\u00f6revlerinin yaz\u0131ld\u0131\u011f\u0131, bu verilere dayanarak yaz\u0131da ge\u00e7en &#8216;\u015eenel&#8217;in belirtilen tarihte Genel Kurmay Adli M\u00fc\u015faviri T\u00fcmgeneral Erdal \u015eENEL, &#8216;Yener&#8217;in belirtilen tarihte TRT Genel M\u00fcd\u00fcr\u00fc Y\u00fccel YENER, &#8216;Ayd\u0131n&#8217;\u0131n belirtilen tarihte Adalet Bakanl\u0131\u011f\u0131 Dan\u0131\u015fman\u0131 &#8216;Engin AYDIN&#8217;, &#8216;Erdal&#8217;\u0131n ise belirtilen tarihte K\u0130T Komisyon Ba\u015fkan\u0131 Birkan ERDAL oldu\u011fu anla\u015f\u0131lm\u0131\u015ft\u0131r.<\/p>\n<p style=\"text-align: justify;\"><strong>&#8216;S\u0130ZDE SARSILMA VAR&#8217; <\/strong><\/p>\n<p style=\"text-align: justify;\">&#8220;25 Nisan cuma \u015eener Pa\u015fa..<br \/>\n&#8211; \u0130yi oldu Kat\u0131lmamam\u0131z iyi oldu ama, neler \u00e7ektik, sorma&#8230; O g\u00fcn Baykal&#8217;\u0131 arad\u0131m. Sonra o beni arad\u0131. Sizde bir sars\u0131lma var dedi, ben yok dedim. Derken onlar da \u00f6yle davrand\u0131. Olur mu can\u0131m, Atat\u00fcrk&#8217;\u00fcn partisi sen oraya nas\u0131l gideceksin.. \u015eimdi bir d\u00f6nem ba\u015flad\u0131 denebilir. Bundan sonra uygun platformlarda gereken \u015feyler s\u00f6ylenir. MGK da da gereken s\u00f6ylenecek, MGK iyi ge\u00e7ecek. Tek neden t\u00fcrban de\u011fil. Ama bunlar ona indirgiyor. Yahu bunlar seks manya\u011f\u0131 m\u0131? Kad\u0131n\u0131 g\u00f6r\u00fcnce ak\u0131llar\u0131na hemen a\u00e7\u0131k-kapal\u0131 yerleri geliyor<br \/>\nMGK de millet affetmeyecek, ne demek (Erdo\u011fan s\u00f6ylemi\u015fti) onu da soraca\u011f\u0131z i\u015fimiz zor ama, bunlarla m\u00fccadele edece\u011fiz.<br \/>\nResepsiyona 5-6 ki\u015finin t\u00fcrbanl\u0131 gelmesi isteniyor. Onlar emir alm\u0131\u015f gibi t\u00fcrbanl\u0131 geliyor.. Bal\u0131kesir&#8217;e gittim, babam orada \u00f6\u011fretmendi. Ak\u00e7aka&#8217;ya k\u00f6y\u00fc&#8230; Orada ayn\u0131 s\u0131n\u0131fta okudu\u011fumuz kad\u0131nlar geldi. Bana sar\u0131l\u0131yorlar. Anadolu insan\u0131 budur. G\u00f6rseniz.&#8221;\n<\/p>\n<p style=\"text-align: justify;\"><strong>DE\u011eERLEND\u0130RME <\/strong><\/p>\n<p style=\"text-align: justify;\">S\u00f6z konusu yaz\u0131da y\u0131l belirtilmedi\u011finden dolay\u0131 takvim \u00fczerinde yap\u0131lan incelemede 25 Nisan&#8217;\u0131n 2003 y\u0131l\u0131nda Cuma g\u00fcn\u00fcne rast geldi\u011fi ve bu nedenle s\u00f6z konusu g\u00f6r\u00fc\u015fmenin &#8220;25 Nisan 2003&#8221; tarihinde yap\u0131ld\u0131\u011f\u0131,<br \/>\nA\u00e7\u0131k kaynaklarda yap\u0131lan ara\u015ft\u0131rma ve incelemenin genelinden s\u00f6z konusu notta bahsi ge\u00e7en konunun 23 Nisan nedeniyle TBMM Ba\u015fkan\u0131&#8217;n\u0131n verdi\u011fi resepsiyon, &#8216;Baykal&#8217;\u0131n CHP genel Ba\u015fkan\u0131 Deniz BAYKAL, &#8216;Erdo\u011fan&#8217;\u0131n Ba\u015fbakan Recep Tayip ERDO\u011eAN oldu\u011fu de\u011ferlendirilmi\u015ftir.<br \/>\nAyr\u0131ca a\u00e7\u0131k kaynaklarda yer alan 25 Nisan 2003 Cuma 11.05 tarih ve saatli bir haberde, Mehmet \u015eener ERUYGUR&#8217;un 51 y\u0131l \u00f6nce babas\u0131n\u0131n \u00f6\u011fretmenlik yapt\u0131\u011f\u0131 ve kendisinin de ilkokulu okudu\u011fu Bal\u0131kesir&#8217;e gitti\u011fi, daha sonra Ak\u00e7akaya K\u00f6y\u00fc&#8217;ne ge\u00e7erek ilkokul arkada\u015flar\u0131 ile 50 y\u0131ll\u0131k \u00f6zlemini giderdi\u011fi g\u00f6r\u00fclm\u00fc\u015ft\u00fcr.\n<\/p>\n<p style=\"text-align: justify;\"><strong>&#8216;BUNLAR \u00c7\u00dcR\u00dcM\u00dc\u015e&#8217; <\/strong><\/p>\n<p style=\"text-align: justify;\">&#8220;13 Ocak pazartesi g\u00fcn\u00fc<br \/>\nBaykal, komutanlarla ayr\u0131 ayr\u0131 g\u00f6r\u00fc\u015ft\u00fc. \u015eener ERUYGUR<br \/>\n&#8211; Bunlar\u0131n kafas\u0131n\u0131n bir taraf\u0131 \u00e7\u00fcr\u00fcm\u00fc\u015f. Bunlar\u0131n normal olmas\u0131, normal kararlar vermesi m\u00fcmk\u00fcn de\u011fil. olamaz&#8230; Baykal&#8217;a da s\u00f6yledik., siz y\u00fczde 65&#8217;siniz dedik..<br \/>\nBunlarla y\u0131lmadan m\u00fccadele. Biz jandarmaya g\u00f6nderdi\u011fimiz dergide \u00e7a\u011fda\u015f bir hayat i\u00e7in m\u00fccadele ediyoruz..&#8221;\n<\/p>\n<p style=\"text-align: justify;\"><strong>DE\u011eERLEND\u0130RME <\/strong><\/p>\n<p style=\"text-align: justify;\">S\u00f6z konusu yaz\u0131da y\u0131l belirtilmedi\u011finden dolay\u0131 takvim \u00fczerinde yap\u0131lan incelemede 13 Ocak&#8217;\u0131n 2003 y\u0131l\u0131nda Pazartesi g\u00fcn\u00fcne rast geldi\u011fi ve bu nedenle s\u00f6z konusu g\u00f6r\u00fc\u015fmenin &#8220;13 Ocak 2003&#8221; tarihinde yap\u0131ld\u0131\u011f\u0131,<br \/>\nA\u00e7\u0131k kaynaklarda yap\u0131lan ara\u015ft\u0131rmada ise &#8216;Baykal&#8217;\u0131n CHP Genel Ba\u015fkan\u0131 Deniz BAYKAL oldu\u011fu de\u011ferlendirilmi\u015ftir.\n<\/p>\n<p style=\"text-align: justify;\"><span style=\"color: #888888;\">Kaynak : Radikal Gazetesi<\/span><\/p>\n","protected":false},"excerpt":{"rendered":"<p style=\"text-align: center;\">\n<p style=\"text-align: center;\">\n<p style=\"text-align: justify;\">Cumhuriyet Gazetesi Ankara Temsilcisi Mustafa Balbay&#8217;\u0131n g\u00fcnl\u00fcklerinde yeni darbe giri\u015fiminin notlar\u0131 ortaya \u00e7\u0131kt\u0131. AKP iktidar oldu\u011fu d\u00f6nemde 1. Ordu Komutan\u0131 olan \u00c7etin Do\u011fan &#8216;o g\u00fcn&#8217; diye kodlad\u0131\u011f\u0131 darbeye haz\u0131rl\u0131k yap\u0131yor. Genelkurmay Ba\u015fkan\u0131 \u00d6zk\u00f6k&#8217;\u00fcn emirlerinin yerine getirilmedi\u011fi anlat\u0131l\u0131yor.<\/p>\n<p style=\"text-align: justify;\">Ergenekon soru\u015fturmas\u0131 kapsam\u0131nda tutuklanan Cumhuriyet Gazetesi Ankara Temsilcisi <\/p>\n","protected":false},"author":1,"featured_media":0,"comment_status":"open","ping_status":"closed","sticky":false,"template":"","format":"standard","meta":{"footnotes":""},"categories":[105],"tags":[],"class_list":["post-5954","post","type-post","status-publish","format-standard","hentry","category-gundem","odd"],"_links":{"self":[{"href":"http:\/\/www.korhanyilmaz.com\/index.php?rest_route=\/wp\/v2\/posts\/5954","targetHints":{"allow":["GET"]}}],"collection":[{"href":"http:\/\/www.korhanyilmaz.com\/index.php?rest_route=\/wp\/v2\/posts"}],"about":[{"href":"http:\/\/www.korhanyilmaz.com\/index.php?rest_route=\/wp\/v2\/types\/post"}],"author":[{"embeddable":true,"href":"http:\/\/www.korhanyilmaz.com\/index.php?rest_route=\/wp\/v2\/users\/1"}],"replies":[{"embeddable":true,"href":"http:\/\/www.korhanyilmaz.com\/index.php?rest_route=%2Fwp%2Fv2%2Fcomments&post=5954"}],"version-history":[{"count":0,"href":"http:\/\/www.korhanyilmaz.com\/index.php?rest_route=\/wp\/v2\/posts\/5954\/revisions"}],"wp:attachment":[{"href":"http:\/\/www.korhanyilmaz.com\/index.php?rest_route=%2Fwp%2Fv2%2Fmedia&parent=5954"}],"wp:term":[{"taxonomy":"category","embeddable":true,"href":"http:\/\/www.korhanyilmaz.com\/index.php?rest_route=%2Fwp%2Fv2%2Fcategories&post=5954"},{"taxonomy":"post_tag","embeddable":true,"href":"http:\/\/www.korhanyilmaz.com\/index.php?rest_route=%2Fwp%2Fv2%2Ftags&post=5954"}],"curies":[{"name":"wp","href":"https:\/\/api.w.org\/{rel}","templated":true}]}}