{"id":5945,"date":"2009-03-20T17:31:03","date_gmt":"2009-03-20T15:31:03","guid":{"rendered":"http:\/\/www.korhanyilmaz.com\/?p=5945"},"modified":"2009-03-20T17:31:03","modified_gmt":"2009-03-20T15:31:03","slug":"tehdit-etme-tesvik-et","status":"publish","type":"post","link":"http:\/\/www.korhanyilmaz.com\/?p=5945","title":{"rendered":"&#8216;Tehdit etme, te\u015fvik et&#8217;"},"content":{"rendered":"<p><img loading=\"lazy\" decoding=\"async\" class=\"aligncenter size-full wp-image-5946\" title=\"T\u00fcrkiye \u0130\u015fveren Sendikalar\u0131 Konfederasyonu (T\u0130SK) Ba\u015fkan\u0131 Tu\u011frul Kutadgobilik\" src=\"http:\/\/www.korhanyilmaz.com\/wp-content\/uploads\/2009\/03\/kyerel-18kcwo9i4e0uxmsl3hya572bgtq6fzpnjv1r.jpg\" alt=\"T\u00fcrkiye \u0130\u015fveren Sendikalar\u0131 Konfederasyonu (T\u0130SK) Ba\u015fkan\u0131 Tu\u011frul Kutadgobilik\" width=\"300\" height=\"200\" \/><strong><\/strong><\/p>\n<p style=\"text-align: justify;\"><strong>Patronlardan &#8216;i\u015f\u00e7i \u00e7\u0131karmay\u0131n&#8217; diyen Ba\u015fbakan&#8217;a yan\u0131t<\/strong><\/p>\n<p style=\"text-align: justify;\">&#8220;\u0130\u015f\u00e7i \u00e7\u0131karanlar bedelini \u00f6deyecek&#8221; diyen Ba\u015fbakan Erdo\u011fan&#8217;a i\u015fverenlerden tepki geldi. T\u00fcrkiye \u0130\u015fveren Sendikalar\u0131 Konfederasyonu (T\u0130SK) Ba\u015fkan\u0131 Tu\u011frul Kutadgobilik, &#8220;Sanayiciyi tehdit de\u011fil te\u015fvik edin&#8221; dedi<\/p>\n<p style=\"text-align: justify;\">\u0130\u015fverenler, Ba\u015fbakan Recep Tayyip Erdo\u011fan&#8217;\u0131n \u00f6nceki g\u00fcn &#8220;\u0130\u015f\u00e7i \u00e7\u0131karmay\u0131n, \u00e7\u0131karana bedelini \u00f6detiriz&#8221; s\u00f6zlerini tehdit olarak nitelendirdi. Ba\u015fbakan Erdo\u011fan&#8217;\u0131n k\u0131sa \u00e7al\u0131\u015fma \u00f6dene\u011fi uygulamas\u0131n\u0131 kabul etmeyerek i\u015f\u00e7i \u00e7\u0131karan i\u015fverenleri, i\u015fsizli\u011fin artmas\u0131n\u0131n nedenleri aras\u0131nda g\u00f6stermesini ve &#8220;Bedelini \u00f6deyecekler&#8221; s\u00f6zlerini de\u011ferlendiren T\u00fcrkiye \u0130\u015fveren Sendikalar\u0131 Konfederasyonu (T\u0130SK) Ba\u015fkan\u0131 Tu\u011frul Kutadgobilik, &#8220;Say\u0131n Ba\u015fbakan\u0131m\u0131z T\u00fcrk sanayicisini tehdit etmeyin. Sanayi durup dururken i\u015f\u00e7isini \u00e7\u0131karmaz. Dolay\u0131s\u0131yla burada sanayiciyi tehdit etmek yerine sanayiciyi te\u015fvik etmek laz\u0131m. Sanayici durup dururken i\u015f\u00e7isini \u00e7\u0131karmaz&#8221; dedi.<!--more--><\/p>\n<p style=\"text-align: justify;\"><strong>D\u00fcnyada tehdit olmad\u0131<\/strong><\/p>\n<p style=\"text-align: justify;\">Di\u011fer \u00fclkelerin sanayicisini tehdit etmedi\u011fini, aksine te\u015fvik etti\u011fini kaydeden Kutadgobilik, \u015f\u00f6yle devam etti: &#8220;Amerika, 3 firmaya 30&#8217;ar milyar dolar verdi. Amerika kendi sanayicisini tehdit etmedi. Fransa Renault ve Peugeot&#8217;ya milyarlarca euro verdi, hi\u00e7bir \u015fekilde tehdit duymad\u0131k. Almanya&#8217;da Mercedes ve di\u011fer sanayiciler bu te\u015fvikten yararland\u0131lar ve halen yararlan\u0131yorlar. Ama kimse Alman sanayicisini, Frans\u0131z sanayicisini tehdit etmedi. T\u00fcrk sanayicisi olarak T\u00fcrk i\u015f\u00e7isi ile beraber el ele 2002-2007 aras\u0131nda y\u00fczde 7.2 b\u00fcy\u00fcmeyi yapt\u0131k. \u015eimdi bug\u00fcn T\u00fcrk sanayicisini b\u00f6yle hedef g\u00f6stererek&#8230; \u0130\u015f\u00e7inin \u00e7\u0131kmas\u0131 bizim i\u00e7in en k\u00f6t\u00fc neticedir. \u00c7\u00fcnk\u00fc o i\u015f\u00e7iyi biz verimli olarak yeti\u015ftirmi\u015fiz, can\u0131m\u0131z, kan\u0131m\u0131z yapm\u0131\u015f\u0131z. Bu i\u015f\u00e7iyi \u00e7\u0131karmak T\u00fcrk sanayinin en son yapaca\u011f\u0131, en ak\u0131ls\u0131z yapaca\u011f\u0131 i\u015ftir.&#8221;<\/p>\n<p style=\"text-align: justify;\"><strong>MERCEDES&#8217;E CEVAP B\u0130LE VERMED\u0130LER<\/strong><\/p>\n<p style=\"text-align: justify;\">TU\u011eRUL Kutadgobilik, Ba\u015fbakan&#8217;\u0131n &#8220;Kabul etmeyip i\u015f\u00e7i \u00e7\u0131kar\u0131yorlar&#8221; dedi\u011fi k\u0131sa \u00e7al\u0131\u015fma \u00f6dene\u011finin uygulanamad\u0131\u011f\u0131n\u0131 savundu. Kutadgobilik&#8217;in verdi\u011fi rakamlara g\u00f6re, \u00f6denekten yararlanmak i\u00e7in \u015fu ana kadar 2 bin 45 firma ba\u015fvurdu. 283 ba\u015fvuru kabul edildi ancak sadece 96&#8217;s\u0131na \u00f6deme yap\u0131ld\u0131. Kutadgobilik, &#8220;Mercedes&#8217;in me\u015fhur Aksaray fabrikas\u0131 Aral\u0131k&#8217;ta ba\u015fvurmu\u015f, daha cevap vermemi\u015fler&#8221; dedi.<\/p>\n<p style=\"text-align: justify;\"><span style=\"color: #888888;\">Kaynak : Vatan Gazetesi<\/span><\/p>\n","protected":false},"excerpt":{"rendered":"<\/p>\n<p style=\"text-align: justify;\">Patronlardan &#8216;i\u015f\u00e7i \u00e7\u0131karmay\u0131n&#8217; diyen Ba\u015fbakan&#8217;a yan\u0131t<\/p>\n<p style=\"text-align: justify;\">&#8220;\u0130\u015f\u00e7i \u00e7\u0131karanlar bedelini \u00f6deyecek&#8221; diyen Ba\u015fbakan Erdo\u011fan&#8217;a i\u015fverenlerden tepki geldi. T\u00fcrkiye \u0130\u015fveren Sendikalar\u0131 Konfederasyonu (T\u0130SK) Ba\u015fkan\u0131 Tu\u011frul Kutadgobilik, &#8220;Sanayiciyi tehdit de\u011fil te\u015fvik edin&#8221; dedi<\/p>\n<p style=\"text-align: justify;\">\u0130\u015fverenler, Ba\u015fbakan Recep Tayyip Erdo\u011fan&#8217;\u0131n \u00f6nceki g\u00fcn &#8220;\u0130\u015f\u00e7i \u00e7\u0131karmay\u0131n, \u00e7\u0131karana bedelini \u00f6detiriz&#8221; s\u00f6zlerini tehdit olarak nitelendirdi. Ba\u015fbakan Erdo\u011fan&#8217;\u0131n <\/p>\n","protected":false},"author":1,"featured_media":0,"comment_status":"open","ping_status":"closed","sticky":false,"template":"","format":"standard","meta":{"footnotes":""},"categories":[7],"tags":[],"class_list":["post-5945","post","type-post","status-publish","format-standard","hentry","category-ekonomi","odd"],"_links":{"self":[{"href":"http:\/\/www.korhanyilmaz.com\/index.php?rest_route=\/wp\/v2\/posts\/5945","targetHints":{"allow":["GET"]}}],"collection":[{"href":"http:\/\/www.korhanyilmaz.com\/index.php?rest_route=\/wp\/v2\/posts"}],"about":[{"href":"http:\/\/www.korhanyilmaz.com\/index.php?rest_route=\/wp\/v2\/types\/post"}],"author":[{"embeddable":true,"href":"http:\/\/www.korhanyilmaz.com\/index.php?rest_route=\/wp\/v2\/users\/1"}],"replies":[{"embeddable":true,"href":"http:\/\/www.korhanyilmaz.com\/index.php?rest_route=%2Fwp%2Fv2%2Fcomments&post=5945"}],"version-history":[{"count":0,"href":"http:\/\/www.korhanyilmaz.com\/index.php?rest_route=\/wp\/v2\/posts\/5945\/revisions"}],"wp:attachment":[{"href":"http:\/\/www.korhanyilmaz.com\/index.php?rest_route=%2Fwp%2Fv2%2Fmedia&parent=5945"}],"wp:term":[{"taxonomy":"category","embeddable":true,"href":"http:\/\/www.korhanyilmaz.com\/index.php?rest_route=%2Fwp%2Fv2%2Fcategories&post=5945"},{"taxonomy":"post_tag","embeddable":true,"href":"http:\/\/www.korhanyilmaz.com\/index.php?rest_route=%2Fwp%2Fv2%2Ftags&post=5945"}],"curies":[{"name":"wp","href":"https:\/\/api.w.org\/{rel}","templated":true}]}}