{"id":5935,"date":"2009-03-21T08:22:49","date_gmt":"2009-03-21T06:22:49","guid":{"rendered":"http:\/\/www.korhanyilmaz.com\/?p=5935"},"modified":"2009-03-21T08:22:49","modified_gmt":"2009-03-21T06:22:49","slug":"sekreteri-boyle-pencereden-attilar","status":"publish","type":"post","link":"http:\/\/www.korhanyilmaz.com\/?p=5935","title":{"rendered":"Sekreteri b\u00f6yle pencereden att\u0131lar"},"content":{"rendered":"<p style=\"text-align: center;\"><a href=\"http:\/\/www.korhanyilmaz.com\/wp-content\/uploads\/2009\/03\/2009-03-21_081711.jpg\"  class=\"lightview\"><img loading=\"lazy\" decoding=\"async\" class=\"aligncenter size-full wp-image-5936\" title=\"Sekreterin b\u00f6yle pencereden att\u0131lar \" src=\"http:\/\/www.korhanyilmaz.com\/wp-content\/uploads\/2009\/03\/2009-03-21_081711.jpg\" alt=\"Sekreterin b\u00f6yle pencereden att\u0131lar \" width=\"288\" height=\"206\" \/><\/a><a class=\"lightview\" title=\"Sekreteri b\u00f6yle pencereden att\u0131lar. ::  :: width: 500, height: 395\" rel=\"iframe\" href=\"http:\/\/www.korhanyilmaz.com\/swf\/flvplayer.swf?file=http:\/\/video.gazetevatan.com\/video\/file\/sekreter.flv \"><img loading=\"lazy\" decoding=\"async\" class=\"aligncenter\" title=\"Habere \u0130li\u015fkin Videoyu \u0130zlemek \u0130\u00e7in T\u0131klay\u0131n..\" src=\"wp-data\/images\/video_izle_tikla.png\" alt=\"\" width=\"30\" height=\"30\" \/ class=\"lightview\"><\/a><\/p>\n<p style=\"text-align: justify;\"><strong>Sekreterin pencereden at\u0131ld\u0131\u011f\u0131 o anlar\u0131, Kanal D Haber buldu&#8230;<\/strong><\/p>\n<p style=\"text-align: justify;\">CHP Ankara B\u00fcy\u00fck\u015fehir Belediye Ba\u015fkan aday\u0131 Murat Karayal\u00e7\u0131n&#8217;\u0131n &#8220;G\u00f6k\u00e7ek sekreterimi camdan att\u0131rd\u0131&#8221; iddias\u0131na G\u00f6k\u00e7ek cephesinden yalanlama geldi. Melih G\u00f6k\u00e7ek, b\u00f6yle bir olay\u0131n ger\u00e7ekle\u015fmedi\u011fini iddia etti. Ancak Kanal D Haber, ar\u015fivleri inceledi ve 15 y\u0131l \u00f6nce ya\u015fanan o olay\u0131n g\u00f6r\u00fcnt\u00fclerine ula\u015ft\u0131.<a href=\"http:\/\/videogaleri.gazetevatan.com\/6621_Camdan-atilan-sekreter.html\" target=\"_blank\"> <\/a>Murat Karayal\u00e7\u0131n kat\u0131ld\u0131\u011f\u0131 bir program\u0131nda, &#8220;g\u00f6reve gelirsek \u00e7al\u0131\u015fanlarla u\u011fra\u015fmayaca\u011f\u0131z&#8221; dedi ve &#8220;G\u00f6k\u00e7ek gibi pencereden atmay\u0131z&#8221; diye de ekledi. Pencereden at\u0131lan Karayal\u00e7\u0131n&#8217;\u0131n sekreteri Fatma Bozkurt Top\u00e7u&#8217;ydu. Top\u00e7u, \u00fczerinden 15 y\u0131l ge\u00e7mesine ra\u011fmen bug\u00fcn gibi hat\u0131rlad\u0131\u011f\u0131 o olaylar\u0131 Kanal D Haber&#8217;e anlatm\u0131\u015ft\u0131.<!--more--><\/p>\n<p style=\"text-align: justify;\">Ar\u015fivlerde yap\u0131lan incelemeyle o g\u00fcn ya\u015fanan olaylar bulundu ve olay\u0131n kahraman\u0131, daha do\u011frusu ma\u011fduru Fatma Bozkurt Top\u00e7u&#8217;yla birlikte tekrar izlendi. O g\u00fcnden beri hem fiziksel hem de ruhsal olarak olay\u0131n izlerini ta\u015f\u0131yan Top\u00e7u, g\u00f6r\u00fcnt\u00fcleri izlerken, o deh\u015feti tekrar ya\u015fad\u0131; maruz kald\u0131\u011f\u0131 travma ise hem y\u00fcz\u00fcnden hem de hareketlerinden a\u00e7\u0131k\u00e7a okunuyordu.<\/p>\n<p style=\"text-align: justify;\"><span style=\"color: #888888;\">Kaynak : Vatan Gazetesi<\/span><\/p>\n","protected":false},"excerpt":{"rendered":"<p style=\"text-align: center;\">\n<p style=\"text-align: justify;\">Sekreterin pencereden at\u0131ld\u0131\u011f\u0131 o anlar\u0131, Kanal D Haber buldu&#8230;<\/p>\n<p style=\"text-align: justify;\">CHP Ankara B\u00fcy\u00fck\u015fehir Belediye Ba\u015fkan aday\u0131 Murat Karayal\u00e7\u0131n&#8217;\u0131n &#8220;G\u00f6k\u00e7ek sekreterimi camdan att\u0131rd\u0131&#8221; iddias\u0131na G\u00f6k\u00e7ek cephesinden yalanlama geldi. Melih G\u00f6k\u00e7ek, b\u00f6yle bir olay\u0131n ger\u00e7ekle\u015fmedi\u011fini iddia etti. Ancak Kanal D Haber, ar\u015fivleri inceledi ve 15 y\u0131l \u00f6nce ya\u015fanan o olay\u0131n g\u00f6r\u00fcnt\u00fclerine <\/p>\n","protected":false},"author":1,"featured_media":0,"comment_status":"open","ping_status":"closed","sticky":false,"template":"","format":"standard","meta":{"footnotes":""},"categories":[105],"tags":[],"class_list":["post-5935","post","type-post","status-publish","format-standard","hentry","category-gundem","odd"],"_links":{"self":[{"href":"http:\/\/www.korhanyilmaz.com\/index.php?rest_route=\/wp\/v2\/posts\/5935","targetHints":{"allow":["GET"]}}],"collection":[{"href":"http:\/\/www.korhanyilmaz.com\/index.php?rest_route=\/wp\/v2\/posts"}],"about":[{"href":"http:\/\/www.korhanyilmaz.com\/index.php?rest_route=\/wp\/v2\/types\/post"}],"author":[{"embeddable":true,"href":"http:\/\/www.korhanyilmaz.com\/index.php?rest_route=\/wp\/v2\/users\/1"}],"replies":[{"embeddable":true,"href":"http:\/\/www.korhanyilmaz.com\/index.php?rest_route=%2Fwp%2Fv2%2Fcomments&post=5935"}],"version-history":[{"count":0,"href":"http:\/\/www.korhanyilmaz.com\/index.php?rest_route=\/wp\/v2\/posts\/5935\/revisions"}],"wp:attachment":[{"href":"http:\/\/www.korhanyilmaz.com\/index.php?rest_route=%2Fwp%2Fv2%2Fmedia&parent=5935"}],"wp:term":[{"taxonomy":"category","embeddable":true,"href":"http:\/\/www.korhanyilmaz.com\/index.php?rest_route=%2Fwp%2Fv2%2Fcategories&post=5935"},{"taxonomy":"post_tag","embeddable":true,"href":"http:\/\/www.korhanyilmaz.com\/index.php?rest_route=%2Fwp%2Fv2%2Ftags&post=5935"}],"curies":[{"name":"wp","href":"https:\/\/api.w.org\/{rel}","templated":true}]}}