{"id":5914,"date":"2009-03-20T17:35:44","date_gmt":"2009-03-20T15:35:44","guid":{"rendered":"http:\/\/www.korhanyilmaz.com\/?p=5914"},"modified":"2009-03-20T17:35:44","modified_gmt":"2009-03-20T15:35:44","slug":"munih-savciligi%e2%80%99ndan-milli-gorus%e2%80%99e-sorusturma","status":"publish","type":"post","link":"http:\/\/www.korhanyilmaz.com\/?p=5914","title":{"rendered":"M\u00fcnih Savc\u0131l\u0131\u011f\u0131\u2019ndan Milli G\u00f6r\u00fc\u015f\u2019e soru\u015fturma"},"content":{"rendered":"<p style=\"text-align: center;\"><img loading=\"lazy\" decoding=\"async\" class=\"aligncenter size-full wp-image-5915\" title=\"M\u00fcnih Savc\u0131l\u0131\u011f\u0131\u2019ndan Milli G\u00f6r\u00fc\u015f\u2019e soru\u015fturma\" src=\"http:\/\/www.korhanyilmaz.com\/wp-content\/uploads\/2009\/03\/200320091736218931831.jpg\" alt=\"M\u00fcnih Savc\u0131l\u0131\u011f\u0131\u2019ndan Milli G\u00f6r\u00fc\u015f\u2019e soru\u015fturma\" width=\"329\" height=\"210\" \/><\/p>\n<p style=\"text-align: justify;\"><strong>Su\u00e7lama: \u00d6rg\u00fct olu\u015fturarak yasa d\u0131\u015f\u0131 yollardan para sa\u011flamak<\/strong><\/p>\n<p style=\"text-align: justify;\">M\u00fcnih Savc\u0131l\u0131\u011f\u0131, su\u00e7 \u00f6rg\u00fct\u00fc olu\u015fturduklar\u0131 \u015f\u00fcphesiyle \u00fclkedeki baz\u0131 \u0130slami dernek y\u00f6neticileri hakk\u0131nda soru\u015fturma ba\u015flatt\u0131.<\/p>\n<p style=\"text-align: justify;\">&#8220;K\u00f6lner Stadt Anzeiger&#8221; gazetesi, \u0130slam Toplumu Milli G\u00f6r\u00fc\u015f (IGMG) derne\u011finin Genel Sekreteri O\u011fuz \u00dc\u00e7\u00fcnc\u00fc, Almanya \u0130slam Toplumu (IGM) Ba\u015fkan\u0131 \u0130brahim El-Zayat ve 5 dernek y\u00f6neticisinin daha, su\u00e7 \u00f6rg\u00fct\u00fc olu\u015fturarak yasa d\u0131\u015f\u0131 yollardan para sa\u011flad\u0131klar\u0131ndan ve bunu &#8220;\u0130slamc\u0131 hedefler&#8221; i\u00e7in kulland\u0131klar\u0131ndan \u015f\u00fcphe edildi\u011fini yazd\u0131.<br \/>\nSoru\u015fturmay\u0131 y\u00fcr\u00fcten M\u00fcnih Ba\u015fsavc\u0131s\u0131 Anton Winkler gazeteye yapt\u0131\u011f\u0131 a\u00e7\u0131klamada, zanl\u0131lar\u0131n para aklad\u0131klar\u0131ndan ve doland\u0131r\u0131c\u0131l\u0131k yapt\u0131klar\u0131ndan, bu yollarla elde ettikleri paralar\u0131 M\u00fcnih ve Ulm kenti \u00e7evrelerindeki &#8220;\u0130slamc\u0131 gruplar\u0131&#8221; desteklemi\u015f olmalar\u0131ndan \u015f\u00fcphelenildi\u011fini s\u00f6yledi. <!--more-->\n<\/p>\n<p style=\"text-align: justify;\">\u00dc\u00e7\u00fcnc\u00fc ve El-Zayat&#8217;\u0131n, kendilerine y\u00f6nelik su\u00e7lamalar\u0131 t\u00fcm\u00fcyle reddettikleri belirtilen gazete haberinde, Arap giri\u015fimcilere dan\u0131\u015fmanl\u0131k yapan El-Zayat&#8217;\u0131n, \u015febekenin ba\u015f\u0131 oldu\u011funun ve \u015fiddet yanl\u0131s\u0131 olarak bilinen &#8220;M\u00fcsl\u00fcman Karde\u015fler Birli\u011fi&#8221; \u00f6rg\u00fct\u00fcyle do\u011frudan ili\u015fkisi bulundu\u011funun tahmin edildi\u011fi kaydedildi.<\/p>\n<p style=\"text-align: justify;\">IGMG&#8217;nin emlak i\u015fleriyle de ilgilenen El-Zayat&#8217;\u0131n, &#8220;Avrupa Cami \u0130n\u015faat\u0131n\u0131 Destek Derne\u011fi&#8221;nin genel sorumlusu olarak da Avrupa&#8217;daki 600&#8217;den fazla caminin bak\u0131m\u0131ndan da sorumlu oldu\u011fu ifade edildi.<\/p>\n<p style=\"text-align: justify;\">Gazetenin haberinde ayr\u0131ca, K\u00f6ln Savc\u0131l\u0131\u011f\u0131&#8217;n\u0131n da bir \u0130slami derne\u011fin 3 y\u00f6netim kurulu \u00fcyesi hakk\u0131nda vergi su\u00e7u i\u015flemek ve sahte bilan\u00e7o d\u00fczenlemek \u015f\u00fcphesiyle soru\u015fturma ba\u015flatt\u0131\u011f\u0131 bildirildi.<\/p>\n<p style=\"text-align: justify;\">M\u00fcnih Savc\u0131l\u0131\u011f\u0131 taraf\u0131ndan hakk\u0131nda su\u00e7 \u00f6rg\u00fct\u00fc olu\u015fturmak \u015f\u00fcphesiyle soru\u015fturma ba\u015flat\u0131lan \u0130slam Toplumu Milli G\u00f6r\u00fc\u015f (IGMG) derne\u011finin Genel Sekreteri O\u011fuz \u00dc\u00e7\u00fcnc\u00fc, kendisine y\u00f6nelik su\u00e7lamalar\u0131n t\u00fcm\u00fcyle as\u0131ls\u0131z oldu\u011funu belirtti.<br \/>\nIGMG&#8217;nin internet sitesinde yer alan haberde de, \u00dc\u00e7\u00fcnc\u00fc hakk\u0131nda soru\u015fturma ba\u015flat\u0131ld\u0131\u011f\u0131 do\u011frulanarak, \u00dc\u00e7\u00fcnc\u00fc&#8217;n\u00fcn soru\u015fturmayla ilgili gerek\u00e7eyi &#8220;sudan bir sebep olarak&#8221; g\u00f6rd\u00fc\u011f\u00fc ve bu konuda &#8220;Su\u00e7lamalar t\u00fcm\u00fcyle as\u0131ls\u0131z&#8221; \u015feklinde konu\u015ftu\u011fu ifade edildi.\n<\/p>\n<p style=\"text-align: justify;\">Hen\u00fcz somutla\u015ft\u0131r\u0131lm\u0131\u015f su\u00e7lamalar olmad\u0131\u011f\u0131 i\u00e7in \u00dc\u00e7\u00fcnc\u00fc&#8217;n\u00fcn, soru\u015fturman\u0131n i\u00e7eri\u011fiyle ilgili olarak \u015fimdilik daha ayr\u0131nt\u0131l\u0131 de\u011ferlendirmelerde bulunmak istemedi\u011fi ve &#8220;Sonu\u00e7ta iddialar do\u011fru de\u011fil&#8221; dedi\u011fi bildirildi.<\/p>\n<p style=\"text-align: justify;\">\u00dc\u00e7\u00fcnc\u00fc&#8217;n\u00fcn iddialara kar\u015f\u0131 gerekli hukuki ad\u0131mlar\u0131 att\u0131\u011f\u0131 ve soru\u015fturman\u0131n sonu\u00e7lanmas\u0131ndan sonra konuya ili\u015fkin olarak geni\u015f \u015fekilde a\u00e7\u0131klamada bulunaca\u011f\u0131 kaydedildi.<\/p>\n<p style=\"text-align: justify;\"><span style=\"color: #888888;\">Kaynak : Vatan Gazetesi<\/span><\/p>\n","protected":false},"excerpt":{"rendered":"<p style=\"text-align: center;\">\n<p style=\"text-align: justify;\">Su\u00e7lama: \u00d6rg\u00fct olu\u015fturarak yasa d\u0131\u015f\u0131 yollardan para sa\u011flamak<\/p>\n<p style=\"text-align: justify;\">M\u00fcnih Savc\u0131l\u0131\u011f\u0131, su\u00e7 \u00f6rg\u00fct\u00fc olu\u015fturduklar\u0131 \u015f\u00fcphesiyle \u00fclkedeki baz\u0131 \u0130slami dernek y\u00f6neticileri hakk\u0131nda soru\u015fturma ba\u015flatt\u0131.<\/p>\n<p style=\"text-align: justify;\">&#8220;K\u00f6lner Stadt Anzeiger&#8221; gazetesi, \u0130slam Toplumu Milli G\u00f6r\u00fc\u015f (IGMG) derne\u011finin Genel Sekreteri O\u011fuz \u00dc\u00e7\u00fcnc\u00fc, Almanya \u0130slam Toplumu (IGM) Ba\u015fkan\u0131 \u0130brahim El-Zayat ve 5 dernek <\/p>\n","protected":false},"author":1,"featured_media":0,"comment_status":"open","ping_status":"closed","sticky":false,"template":"","format":"standard","meta":{"footnotes":""},"categories":[3],"tags":[],"class_list":["post-5914","post","type-post","status-publish","format-standard","hentry","category-dunya","odd"],"_links":{"self":[{"href":"http:\/\/www.korhanyilmaz.com\/index.php?rest_route=\/wp\/v2\/posts\/5914","targetHints":{"allow":["GET"]}}],"collection":[{"href":"http:\/\/www.korhanyilmaz.com\/index.php?rest_route=\/wp\/v2\/posts"}],"about":[{"href":"http:\/\/www.korhanyilmaz.com\/index.php?rest_route=\/wp\/v2\/types\/post"}],"author":[{"embeddable":true,"href":"http:\/\/www.korhanyilmaz.com\/index.php?rest_route=\/wp\/v2\/users\/1"}],"replies":[{"embeddable":true,"href":"http:\/\/www.korhanyilmaz.com\/index.php?rest_route=%2Fwp%2Fv2%2Fcomments&post=5914"}],"version-history":[{"count":0,"href":"http:\/\/www.korhanyilmaz.com\/index.php?rest_route=\/wp\/v2\/posts\/5914\/revisions"}],"wp:attachment":[{"href":"http:\/\/www.korhanyilmaz.com\/index.php?rest_route=%2Fwp%2Fv2%2Fmedia&parent=5914"}],"wp:term":[{"taxonomy":"category","embeddable":true,"href":"http:\/\/www.korhanyilmaz.com\/index.php?rest_route=%2Fwp%2Fv2%2Fcategories&post=5914"},{"taxonomy":"post_tag","embeddable":true,"href":"http:\/\/www.korhanyilmaz.com\/index.php?rest_route=%2Fwp%2Fv2%2Ftags&post=5914"}],"curies":[{"name":"wp","href":"https:\/\/api.w.org\/{rel}","templated":true}]}}