{"id":5907,"date":"2009-03-20T12:52:06","date_gmt":"2009-03-20T10:52:06","guid":{"rendered":"http:\/\/www.korhanyilmaz.com\/?p=5907"},"modified":"2009-03-20T12:52:06","modified_gmt":"2009-03-20T10:52:06","slug":"tesettur-firmasinda-kardes-kavgasi","status":"publish","type":"post","link":"http:\/\/www.korhanyilmaz.com\/?p=5907","title":{"rendered":"Tesett\u00fcr firmas\u0131nda karde\u015f kavgas\u0131"},"content":{"rendered":"<p style=\"text-align: center;\"><a href=\"http:\/\/www.korhanyilmaz.com\/wp-content\/uploads\/2009\/03\/200320091256065353596.jpg\"  class=\"lightview\"><img loading=\"lazy\" decoding=\"async\" class=\"aligncenter size-full wp-image-5908\" title=\"Tesett\u00fcr firmas\u0131nda karde\u015f kavgas\u0131 \" src=\"http:\/\/www.korhanyilmaz.com\/wp-content\/uploads\/2009\/03\/200320091256065353596.jpg\" alt=\"Tesett\u00fcr firmas\u0131nda karde\u015f kavgas\u0131 \" width=\"376\" height=\"240\" \/><\/a><\/p>\n<p style=\"text-align: justify;\"><strong>Mahalle bask\u0131s\u0131 ve vergi ka\u00e7ak\u00e7\u0131l\u0131\u011f\u0131 &#8216;Huzur&#8217;u bozdu <\/strong><\/p>\n<p style=\"text-align: justify;\">Tesett\u00fcr firmas\u0131 Huzur Giyim&#8217;in ortaklar\u0131ndan Abdullah Gen\u00e7al, \u00e7apk\u0131nl\u0131klar\u0131 nedeniyle \u015firket hisseleri elinden al\u0131n\u0131p maa\u015f\u0131 kesilince gemileri yakt\u0131 ve yapt\u0131\u011f\u0131 ihbarla iki karde\u015finin vergi ka\u00e7ak\u00e7\u0131l\u0131\u011f\u0131ndan san\u0131k olmas\u0131n\u0131 sa\u011flad\u0131.<\/p>\n<p style=\"text-align: justify;\">Haber T\u00fcrk gazetesinin haberine g\u00f6re Huzur Giyim orta\u011f\u0131 Abdullah Gen\u00e7al, &#8220;Hayat tarz\u0131n bize uymuyor. Hayat\u0131na \u00e7ekid\u00fczen ver&#8221; denilerek ailesi taraf\u0131ndan uyar\u0131ld\u0131. Ancak \u00e7apk\u0131nl\u0131klar\u0131na devam eden Gen\u00e7al, \u015firketteki hisselerini devredip ortakl\u0131ktan ayr\u0131lmak istedi. O\u011flunun ailenin ve markan\u0131n imaj\u0131na zarar verdi\u011fini d\u00fc\u015f\u00fcnen Turgut Gen\u00e7al, Abdullah Gen\u00e7al&#8217;\u0131n bu iste\u011fini reddetti ve \u015firketi di\u011fer o\u011fullar\u0131 Hulusi ve Bahad\u0131r Gen\u00e7al&#8217;a devretti. <!--more--><\/p>\n<p style=\"text-align: center;\"><a href=\"http:\/\/www.korhanyilmaz.com\/wp-content\/uploads\/2009\/03\/200320091256496037563_3.jpg\"  class=\"lightview\"><img loading=\"lazy\" decoding=\"async\" class=\"aligncenter size-full wp-image-5909\" src=\"http:\/\/www.korhanyilmaz.com\/wp-content\/uploads\/2009\/03\/200320091256496037563_3.jpg\" alt=\"\" width=\"347\" height=\"184\" \/><\/a><\/p>\n<p style=\"text-align: justify;\">Abdullah Gen\u00e7al, bunun \u00fczerine hakk\u0131n\u0131 a\u011fabeylerinden istedi. Ancak Hulusi Gen\u00e7al, \u00f6demeye yana\u015fmad\u0131. Mahkemeye ba\u015fvuraca\u011f\u0131n\u0131 karde\u015flerine s\u00f6yleyen Abdullah Gen\u00e7al, bir sonu\u00e7 alamay\u0131nca Ocak 2007&#8217;de Maliye Bakanl\u0131\u011f\u0131, Vergi Denetmenleri Grup Ba\u015fkanl\u0131\u011f\u0131 ve vergi dairesi ba\u015fta olmak \u00fczere 20 yere \u015fikayet dilek\u00e7esi verdi. Bu ba\u015fvurulardan sonu\u00e7 \u00e7\u0131kmay\u0131nca Gen\u00e7al, Cumhurba\u015fkanl\u0131\u011f\u0131 ve Ba\u015fbakanl\u0131\u011fa da dilek\u00e7e g\u00f6nderdi. D\u00f6nemin Cumhurba\u015fkan\u0131 Ahmet Necdet Sezer&#8217;in dilek\u00e7enin i\u015fleme koyulmas\u0131 i\u00e7in talimat vermesi \u00fczerine, Vergi Denetmenleri Grup Ba\u015fkanl\u0131\u011f\u0131 da incelemeyi ba\u015flatt\u0131.<\/p>\n<p style=\"text-align: justify;\">Raporlara g\u00f6re vergi kayb\u0131 su\u00e7u i\u015flendi\u011fine h\u00fckmedildi. Firma, Uzla\u015f\u0131 Kurulu&#8217;na sokuldu. Huzur Giyim, uzla\u015fma sonucunda tahakkuk ettirilen 12 milyon TL&#8217;yi pe\u015fin \u00f6dedi. Ancak Abdullah Gen\u00e7al, Huzur Giyim&#8217;in a\u011f\u0131r su\u00e7 i\u015flendi\u011fini ve \u015firketin sorumlular\u0131 olan a\u011fabeylerinin cezaland\u0131r\u0131lmas\u0131 gerekti\u011fini belirterek, raporu d\u00fczenleyen vergi denetmeni hakk\u0131nda su\u00e7 duyurusunda bulundu.<\/p>\n<p style=\"text-align: justify;\"><strong>CEZA DAVASI A\u00c7ILDI <\/strong><\/p>\n<p style=\"text-align: justify;\">Bu arada \u00dcmraniye Cumhuriyet Savc\u0131l\u0131\u011f\u0131, dosyay\u0131 bilirki\u015fiye g\u00f6ndererek, 2002-2003-2004 y\u0131llar\u0131ndaki i\u015flemlerde vergi usul kanununa muhalefet olup olmad\u0131\u011f\u0131n\u0131n incelenmesini istedi. Hesaplar\u0131 ve \u015fikayet dilek\u00e7elerini inceleyen bilirki\u015fi, tek bir ay\u0131n incelenmesinde bile su\u00e7un sabit oldu\u011funu ve organize bir su\u00e7un te\u015fkil etti\u011fine h\u00fckmetti. Dosyay\u0131 savc\u0131l\u0131\u011fa g\u00f6ndererek vergi ka\u00e7ak\u00e7\u0131l\u0131\u011f\u0131 su\u00e7undan dava a\u00e7\u0131lmas\u0131n\u0131 istedi. \u0130ddianame haz\u0131rlanarak Huzur Giyim&#8217;in ortaklar\u0131 Hulusi ve Bahad\u0131r Gen\u00e7al hakk\u0131nda &#8220;359 say\u0131l\u0131 vergi usul kanununa muhalefet su\u00e7u&#8221;ndan 6 aydan 3 y\u0131la kadar hapis cezas\u0131 talep edildi. Gen\u00e7al karde\u015flerin, kay\u0131tlarda usuls\u00fczl\u00fck yapt\u0131klar\u0131, bu yolla da milyonlarca TL vergi kayb\u0131na neden olduklar\u0131 \u00f6ne s\u00fcr\u00fcld\u00fc.<\/p>\n<p style=\"text-align: justify;\"><strong>KAVGA \u00c7IKARAN FOTO\u011eRAF <\/strong><\/p>\n<p style=\"text-align: justify;\">Posta gazetesinden U\u011fur Soysal, 14 Nisan 2007&#8217;de Huzur giyim&#8217;de ya\u015fanan kavygay\u0131 \u015f\u00f6yle yazm\u0131\u015ft\u0131: Huzur Giyim&#8217;in patronu Turgut Gen\u00e7al 1990&#8217;da, aile \u015firketinin y\u00f6netim kuruluna o\u011fullar\u0131 Abdullah, Hulusi ve Bahad\u0131r&#8217;\u0131 da ald\u0131. Abdullah Gen\u00e7al&#8217;\u0131n ad\u0131n\u0131n G\u00fclben Ergen, Ebru G\u00fcnde\u015f, Deniz Seki ve Demet Akal\u0131n ile an\u0131lmas\u0131 baba Turgut Gen\u00e7al&#8217;\u0131 k\u0131zd\u0131rd\u0131. Tutucu ki\u015fili\u011fiyle tan\u0131nan Turgut Gen\u00e7al o\u011flu Abdullah&#8217;\u0131 \u00f6zel hayat\u0131na dikkat etmesi i\u00e7in defalarca uyard\u0131.<\/p>\n<p style=\"text-align: justify;\">Abdullah Gen\u00e7al buna ra\u011fmen yava\u015flamad\u0131. 1991&#8217;de H\u00fclya Av\u015far ile 5 ay a\u015fk ya\u015fay\u0131nca muhafazakarl\u0131\u011f\u0131 ile bilinen ailesi k\u00fcplere bindi. Turgut Gen\u00e7al o\u011fluna verdi\u011fi Huzur Giyim&#8217;in y\u00fczde 23&#8217;l\u00fck hissesini geri ald\u0131 ve \u00e7evre de\u011fi\u015ftirmesi i\u00e7in Avustralya&#8217;ya yollad\u0131. 6 ay sonra geri d\u00f6nen Abdullah Gen\u00e7al babas\u0131ndan hisselerini istedi. A\u011fabeyleri Hulusi ve Bahad\u0131r Gen\u00e7al buna izin vermedi. Hisseleri iade edilmeyen ancak \u015firketten maa\u015f almaya devam eden Abdullah Gen\u00e7al 2002&#8217;de \u015fark\u0131c\u0131 Sevda Karababa ile Bodrum&#8217;da yakaland\u0131. Sevda Karababa \u00fcsts\u00fcz ve tangal\u0131yd\u0131.<\/p>\n<p style=\"text-align: center;\"><a href=\"http:\/\/www.korhanyilmaz.com\/wp-content\/uploads\/2009\/03\/200320091256065353596_3.jpg\"  class=\"lightview\"><img loading=\"lazy\" decoding=\"async\" class=\"aligncenter size-full wp-image-5910\" src=\"http:\/\/www.korhanyilmaz.com\/wp-content\/uploads\/2009\/03\/200320091256065353596_3.jpg\" alt=\"\" width=\"250\" height=\"368\" \/><\/a><br \/>\nBu foto\u011fraflar medyada yay\u0131nlan\u0131nca Abdullah Gen\u00e7al&#8217;\u0131 ailesi aforoz etti. Aile gazetelere, &#8216;Abdullah Gen\u00e7al&#8217;\u0131n Huzur Giyim ile alakas\u0131 yoktur&#8217; diye ilan bile verdi. Abdullah Gen\u00e7al&#8217;\u0131n \u015firketten ald\u0131\u011f\u0131 maa\u015f da kesildi. Abdullah Gen\u00e7al, &#8220;1991&#8217;den bu yana ailem bana 800 bin dolar \u00f6dedi. Oysa bana verilen ve sonra da aile bask\u0131s\u0131yla elimden al\u0131nan y\u00fczde 23&#8217;l\u00fck hissenin 1991&#8217;deki de\u011feri 4.5 milyon dolard\u0131. Hakk\u0131m\u0131 bana vermediler&#8221; diyerek a\u011fabeylerine sava\u015f a\u00e7t\u0131. Abdullah Gen\u00e7al aile \u015firketi Huzur Giyim&#8217;in ortaklar\u0131 olan babas\u0131 ve a\u011fabeylerini vergi ka\u00e7\u0131rd\u0131klar\u0131 iddias\u0131yla \u0130stanbul Defterdarl\u0131\u011f\u0131&#8217;na ihbar etti.<\/p>\n<p style=\"text-align: justify;\"><span style=\"color: #888888;\">Kaynak : Vatan Gazetesi<\/span><\/p>\n","protected":false},"excerpt":{"rendered":"<p style=\"text-align: center;\">\n<p style=\"text-align: justify;\">Mahalle bask\u0131s\u0131 ve vergi ka\u00e7ak\u00e7\u0131l\u0131\u011f\u0131 &#8216;Huzur&#8217;u bozdu <\/p>\n<p style=\"text-align: justify;\">Tesett\u00fcr firmas\u0131 Huzur Giyim&#8217;in ortaklar\u0131ndan Abdullah Gen\u00e7al, \u00e7apk\u0131nl\u0131klar\u0131 nedeniyle \u015firket hisseleri elinden al\u0131n\u0131p maa\u015f\u0131 kesilince gemileri yakt\u0131 ve yapt\u0131\u011f\u0131 ihbarla iki karde\u015finin vergi ka\u00e7ak\u00e7\u0131l\u0131\u011f\u0131ndan san\u0131k olmas\u0131n\u0131 sa\u011flad\u0131.<\/p>\n<p style=\"text-align: justify;\">Haber T\u00fcrk gazetesinin haberine g\u00f6re Huzur Giyim orta\u011f\u0131 Abdullah Gen\u00e7al, &#8220;Hayat <\/p>\n","protected":false},"author":1,"featured_media":0,"comment_status":"open","ping_status":"closed","sticky":false,"template":"","format":"standard","meta":{"footnotes":""},"categories":[7],"tags":[],"class_list":["post-5907","post","type-post","status-publish","format-standard","hentry","category-ekonomi","odd"],"_links":{"self":[{"href":"http:\/\/www.korhanyilmaz.com\/index.php?rest_route=\/wp\/v2\/posts\/5907","targetHints":{"allow":["GET"]}}],"collection":[{"href":"http:\/\/www.korhanyilmaz.com\/index.php?rest_route=\/wp\/v2\/posts"}],"about":[{"href":"http:\/\/www.korhanyilmaz.com\/index.php?rest_route=\/wp\/v2\/types\/post"}],"author":[{"embeddable":true,"href":"http:\/\/www.korhanyilmaz.com\/index.php?rest_route=\/wp\/v2\/users\/1"}],"replies":[{"embeddable":true,"href":"http:\/\/www.korhanyilmaz.com\/index.php?rest_route=%2Fwp%2Fv2%2Fcomments&post=5907"}],"version-history":[{"count":0,"href":"http:\/\/www.korhanyilmaz.com\/index.php?rest_route=\/wp\/v2\/posts\/5907\/revisions"}],"wp:attachment":[{"href":"http:\/\/www.korhanyilmaz.com\/index.php?rest_route=%2Fwp%2Fv2%2Fmedia&parent=5907"}],"wp:term":[{"taxonomy":"category","embeddable":true,"href":"http:\/\/www.korhanyilmaz.com\/index.php?rest_route=%2Fwp%2Fv2%2Fcategories&post=5907"},{"taxonomy":"post_tag","embeddable":true,"href":"http:\/\/www.korhanyilmaz.com\/index.php?rest_route=%2Fwp%2Fv2%2Ftags&post=5907"}],"curies":[{"name":"wp","href":"https:\/\/api.w.org\/{rel}","templated":true}]}}