{"id":5901,"date":"2009-03-20T16:07:37","date_gmt":"2009-03-20T14:07:37","guid":{"rendered":"http:\/\/www.korhanyilmaz.com\/?p=5901"},"modified":"2009-03-20T16:07:37","modified_gmt":"2009-03-20T14:07:37","slug":"ergenekon-sorusturmasi-%e2%80%98olum-kuyulari%e2%80%99na-mi-iniyor","status":"publish","type":"post","link":"http:\/\/www.korhanyilmaz.com\/?p=5901","title":{"rendered":"Ergenekon soru\u015fturmas\u0131 \u2018\u00f6l\u00fcm kuyular\u0131\u2019na m\u0131 iniyor?"},"content":{"rendered":"<p style=\"text-align: center;\"><img loading=\"lazy\" decoding=\"async\" class=\"aligncenter size-full wp-image-5902\" title=\"Ergenekon soru\u015fturmas\u0131 \u2018\u00f6l\u00fcm kuyular\u0131\u2019na m\u0131 iniyor?\" src=\"http:\/\/www.korhanyilmaz.com\/wp-content\/uploads\/2009\/03\/fft5_mf140591.jpeg\" alt=\"Ergenekon soru\u015fturmas\u0131 \u2018\u00f6l\u00fcm kuyular\u0131\u2019na m\u0131 iniyor?\" width=\"405\" height=\"210\" \/><\/p>\n<p style=\"text-align: justify;\">\n<p style=\"text-align: justify;\"><strong>\u00d6l\u00fcm kuyular\u0131nda kaz\u0131lar yap\u0131lan Silopi&#8217;ye Ergenekon savc\u0131lar\u0131 kroki g\u00f6nderdi ve g\u00f6sterdi\u011fi alanda kaz\u0131 yap\u0131lmas\u0131n\u0131 istedi.<\/strong><\/p>\n<p style=\"text-align: justify;\">\u015eIRNAK &#8211; Silopi il\u00e7esindeki BOTA\u015e Pompa \u0130stasyonu&#8217;nda &#8216;Ergenekon soru\u015fturmas\u0131n\u0131&#8217; y\u00fcr\u00fcten savc\u0131lar\u0131n talepleri do\u011frultusunda yeniden kaz\u0131 \u00e7al\u0131\u015fmalar\u0131 ba\u015flat\u0131ld\u0131. Ergenekon savc\u0131lar\u0131n\u0131n g\u00f6nderdi\u011fi bir kroki do\u011frultusunda kaz\u0131lar\u0131n s\u00fcrd\u00fcr\u00fcld\u00fc\u011f\u00fc belirtildi.<br \/>\nErgenekon soru\u015fturmas\u0131 kapsam\u0131nda Tuncay G\u00fcney ve yurtd\u0131\u015f\u0131nda bulunan PKK itiraf\u00e7\u0131s\u0131 ve eski J\u0130TEM&#8217;ci Abd\u00fclkadir Aygan&#8217;\u0131n a\u00e7\u0131klamalar\u0131yla g\u00fcndeme gelen \u015e\u0131rnak&#8217;\u0131n Silopi il\u00e7esindeki kuyularda kaz\u0131lar kay\u0131p yak\u0131nlar\u0131n\u0131n ba\u015fvurusu \u00fczerine 9 Mart&#8217;ta ba\u015flam\u0131\u015ft\u0131. <!--more--><br \/>\nD\u00f6rt g\u00fcn s\u00fcren kaz\u0131 \u00e7al\u0131\u015fmalar\u0131nda ikisi bir insan\u0131n kafatas\u0131na ait kemik par\u00e7as\u0131 olmak \u00fczere \u00e7ok say\u0131da kemik, bere, yan\u0131k elbise, domuz ba\u011f\u0131 haline d\u00fc\u011f\u00fcmlenmi\u015f ip, bir tutam sa\u00e7 bulunmu\u015f ve \u0130stanbul Adli T\u0131p Kurumu&#8217;na g\u00f6nderilmi\u015fti. Ayr\u0131ca bir ihbar \u00fczerine Cizre&#8217;deki Ku\u015ftepe K\u00f6y\u00fc&#8217;nde yap\u0131lan kaz\u0131 \u00e7al\u0131\u015flar\u0131nda 20 kemik par\u00e7as\u0131 bulunmu\u015ftu. Hizbullah&#8217;\u0131n e\u011fitim alan\u0131 olarak kulland\u0131\u011f\u0131 \u00f6ne s\u00fcr\u00fclen daha \u00f6nce bo\u015falt\u0131lm\u0131\u015f k\u00f6yde yap\u0131lan kaz\u0131 \u00e7al\u0131\u015fmalar\u0131ndan sonra eski Cizre Belediye Ba\u015fkan\u0131 ve korucuba\u015f\u0131 Kamil Atak aranmaya ba\u015flanm\u0131\u015f ve be\u015f akrabas\u0131 g\u00f6zalt\u0131na al\u0131nm\u0131\u015ft\u0131.<br \/>\n\u00dc\u00e7 g\u00fcn \u00f6nce ise Ergenekon savc\u0131lar\u0131n\u0131n talimat\u0131yla Silopi&#8217;de yap\u0131lan operasyonda il\u00e7ede akaryak\u0131t istasyonu sahibi olan ve eski J\u0130TEM eleman\u0131 oldu\u011fu \u00f6ne s\u00fcr\u00fclen Ko\u00e7ero Saluci, karde\u015fi Hasan Saluci, Ramazan Erkan, karde\u015fi \u0130zzettin Erkan, Sad\u0131k D\u00fczg\u00fcn Lokman G\u00fcnd\u00fcz, \u0130smet Tatar, PKK itiraf\u00e7\u0131s\u0131 Ramazan Altay g\u00f6zalt\u0131na al\u0131narak \u0130stanbul&#8217;a g\u00f6nderilmi\u015fti. Lokman G\u00fcnd\u00fcz&#8217;\u00fcn eski J\u0130TEM eleman\u0131 oldu\u011fu \u00f6ne s\u00fcr\u00fclm\u00fc\u015ft\u00fc. G\u00fcnd\u00fcz yine J\u0130TEM eleman\u0131 olan Ahmet Zeyrek&#8217;i \u00f6ld\u00fcrd\u00fc\u011f\u00fc iddias\u0131yla yarg\u0131lanm\u0131\u015ft\u0131.<br \/>\nSilopi&#8217;deki kaz\u0131lar d\u00fcn Ergenekon soru\u015fturmas\u0131 kapsam\u0131na girdi. Daha \u00f6nce kay\u0131p yak\u0131nlar\u0131n\u0131n Diyarbak\u0131r Cumhuriyet Ba\u015fsavc\u0131l\u0131\u011f\u0131&#8217;na yapt\u0131\u011f\u0131 ba\u015fvuru \u00fczerine yap\u0131lan kaz\u0131lar bu kez do\u011frudan \u0130stanbul&#8217;daki Ergenekon savc\u0131lar\u0131n\u0131n talimat\u0131yla yeniden ba\u015flad\u0131. Diyarbak\u0131r Ba\u015fsavc\u0131l\u0131\u011f\u0131 yetkilileri, \u00f6nceki kaz\u0131lar\u0131n Silopi Cumhuriyet Ba\u015fsavc\u0131l\u0131\u011f\u0131&#8217;na yap\u0131lan ba\u015fvuru ve Diyarbak\u0131r&#8217;daki \u00f6zel yetkili A\u011f\u0131r Ceza Mahkemesi&#8217;nin karar\u0131 ile ger\u00e7ekle\u015fti\u011fini ancak, d\u00fcnk\u00fc kaz\u0131lar\u0131n &#8216;Ergenekon savc\u0131lar\u0131n\u0131n talimat\u0131 ile ger\u00e7ekle\u015fti\u011fini s\u00f6yledi.<br \/>\n\u0130ki i\u015f makinas\u0131 ve \u00fc\u00e7 kamyonun da kat\u0131ld\u0131\u011f\u0131 kaz\u0131lar s\u0131ras\u0131nda \u015e\u0131rnak Barosu Ba\u015fkan\u0131 Nu\u015fiveren El\u00e7i, gazetecilere kaz\u0131lar\u0131n \u0130stanbul&#8217;dan g\u00f6nderilen bir kroki do\u011frultusunda bir futbol sahas\u0131 kadar alan \u00fczerinde yap\u0131ld\u0131\u011f\u0131n\u0131 anlatt\u0131. El\u00e7i, &#8220;Daha \u00f6nce burada askerlerin spor yapt\u0131\u011f\u0131 bir alan ve helikopter pisti varm\u0131\u015f. Kaz\u0131lara, ba\u015fsavc\u0131n\u0131n g\u00f6zetiminde ve y\u00f6netiminde devam ediliyor. Kaz\u0131lan toprak i\u015f\u00e7iler ve g\u00f6revliler taraf\u0131ndan inceleniyor&#8221; dedi.<br \/>\nBu arada, 1994&#8217;te sendikac\u0131 Necati Ayd\u0131n, Ramazan Keskin ve Mehmet Ay&#8217;\u0131n \u00f6ld\u00fcr\u00fclmesiyle ilgili davada, mahkeme Abd\u00fclkadir Aygan&#8217;\u0131n talimatla ifadesinin al\u0131nmas\u0131n\u0131 istedi.\n<\/p>\n<p style=\"text-align: justify;\"><span style=\"color: #888888;\">DHA , Radikal<\/span><\/p>\n","protected":false},"excerpt":{"rendered":"<p style=\"text-align: center;\">\n<p style=\"text-align: justify;\">\n<p style=\"text-align: justify;\">\u00d6l\u00fcm kuyular\u0131nda kaz\u0131lar yap\u0131lan Silopi&#8217;ye Ergenekon savc\u0131lar\u0131 kroki g\u00f6nderdi ve g\u00f6sterdi\u011fi alanda kaz\u0131 yap\u0131lmas\u0131n\u0131 istedi.<\/p>\n<p style=\"text-align: justify;\">\u015eIRNAK &#8211; Silopi il\u00e7esindeki BOTA\u015e Pompa \u0130stasyonu&#8217;nda &#8216;Ergenekon soru\u015fturmas\u0131n\u0131&#8217; y\u00fcr\u00fcten savc\u0131lar\u0131n talepleri do\u011frultusunda yeniden kaz\u0131 \u00e7al\u0131\u015fmalar\u0131 ba\u015flat\u0131ld\u0131. Ergenekon savc\u0131lar\u0131n\u0131n g\u00f6nderdi\u011fi bir kroki do\u011frultusunda kaz\u0131lar\u0131n s\u00fcrd\u00fcr\u00fcld\u00fc\u011f\u00fc belirtildi. Ergenekon soru\u015fturmas\u0131 kapsam\u0131nda Tuncay <\/p>\n","protected":false},"author":1,"featured_media":0,"comment_status":"open","ping_status":"closed","sticky":false,"template":"","format":"standard","meta":{"footnotes":""},"categories":[105],"tags":[],"class_list":["post-5901","post","type-post","status-publish","format-standard","hentry","category-gundem","odd"],"_links":{"self":[{"href":"http:\/\/www.korhanyilmaz.com\/index.php?rest_route=\/wp\/v2\/posts\/5901","targetHints":{"allow":["GET"]}}],"collection":[{"href":"http:\/\/www.korhanyilmaz.com\/index.php?rest_route=\/wp\/v2\/posts"}],"about":[{"href":"http:\/\/www.korhanyilmaz.com\/index.php?rest_route=\/wp\/v2\/types\/post"}],"author":[{"embeddable":true,"href":"http:\/\/www.korhanyilmaz.com\/index.php?rest_route=\/wp\/v2\/users\/1"}],"replies":[{"embeddable":true,"href":"http:\/\/www.korhanyilmaz.com\/index.php?rest_route=%2Fwp%2Fv2%2Fcomments&post=5901"}],"version-history":[{"count":0,"href":"http:\/\/www.korhanyilmaz.com\/index.php?rest_route=\/wp\/v2\/posts\/5901\/revisions"}],"wp:attachment":[{"href":"http:\/\/www.korhanyilmaz.com\/index.php?rest_route=%2Fwp%2Fv2%2Fmedia&parent=5901"}],"wp:term":[{"taxonomy":"category","embeddable":true,"href":"http:\/\/www.korhanyilmaz.com\/index.php?rest_route=%2Fwp%2Fv2%2Fcategories&post=5901"},{"taxonomy":"post_tag","embeddable":true,"href":"http:\/\/www.korhanyilmaz.com\/index.php?rest_route=%2Fwp%2Fv2%2Ftags&post=5901"}],"curies":[{"name":"wp","href":"https:\/\/api.w.org\/{rel}","templated":true}]}}