{"id":5896,"date":"2009-03-20T14:53:18","date_gmt":"2009-03-20T12:53:18","guid":{"rendered":"http:\/\/www.korhanyilmaz.com\/?p=5896"},"modified":"2009-03-20T14:53:18","modified_gmt":"2009-03-20T12:53:18","slug":"yener-yenmezin-yeniden-yargilanma-isegine-red","status":"publish","type":"post","link":"http:\/\/www.korhanyilmaz.com\/?p=5896","title":{"rendered":"Yener Yenmez&#039;in yeniden yarg\u0131lanma ise\u011fine red"},"content":{"rendered":"<p style=\"text-align: center;\"><img loading=\"lazy\" decoding=\"async\" class=\"aligncenter size-full wp-image-5897\" title=\"Yener Yenmez'in yeniden yarg\u0131lanma ise\u011fine red\" src=\"http:\/\/www.korhanyilmaz.com\/wp-content\/uploads\/2009\/03\/fft5_mf140746.jpeg\" alt=\"Yener Yenmez'in yeniden yarg\u0131lanma ise\u011fine red\" width=\"324\" height=\"170\" \/><\/p>\n<p style=\"text-align: center;\">\n<p style=\"text-align: justify;\"><strong>\u00dczeyir Garih cinayeti h\u00fck\u00fcml\u00fcs\u00fc Yener Yermez&#8217;in Ergenekon soru\u015fturmas\u0131 kapsam\u0131nda ortaya at\u0131lan iddialar do\u011frultusunda yeniden yarg\u0131lanmas\u0131 talebiyle yap\u0131lan ba\u015fvuru reddedildi.<\/strong><\/p>\n<p style=\"text-align: justify;\">\u0130\u015fadam\u0131 \u00dczeyir Garih&#8217;in \u00f6ld\u00fcr\u00fclmesi davas\u0131n\u0131n h\u00fck\u00fcml\u00fcs\u00fc Yener Yermez&#8217;in Ergenekon soru\u015fturmas\u0131 kapsam\u0131nda ortaya at\u0131lan iddialardan sonra yeniden yarg\u0131lanmas\u0131 talebiyle yap\u0131lan ba\u015fvuru, &#8216;yeniden yarg\u0131lanmay\u0131 gerektirecek bir delil olmad\u0131\u011f\u0131&#8217; gerek\u00e7esiyle reddedildi. <!--more--><br \/>\nYermez&#8217;in avukat\u0131 Mustafa Yal\u00e7\u0131nkaya, Ergenekon davas\u0131n\u0131n tutuklu san\u0131\u011f\u0131 \u00dcmit Say\u0131n&#8217;\u0131n evinde ele ge\u00e7irilen Garih&#8217;le ilgili bilgi ve belgeleri, m\u00fcvekkili Yermez&#8217;in &#8216;Garih&#8217;i \u00f6ld\u00fcrmem i\u00e7in 1 milyon 500 bin dolar teklif edildi&#8217; ifadelerini ve Garih&#8217;in eski arkada\u015f\u0131 olan Do\u011fan Kasado\u011flu&#8217;nun Garih&#8217;in \u00f6ld\u00fcr\u00fclmesinin sonras\u0131nda torunun ka\u00e7\u0131r\u0131larak fidye istendi\u011fi, fidyenin aile taraf\u0131ndan \u00f6dendi\u011fi, Garih&#8217;in torunun o tarihte Amerika&#8217;ya g\u00f6nderildi\u011fi ve sonras\u0131nda geri gelmedi\u011fi y\u00f6n\u00fcndeki iddialar\u0131n\u0131 gerek\u00e7e g\u00f6stererek yarg\u0131laman\u0131n yenilenmesini istemi\u015fti.\n<\/p>\n<p style=\"text-align: justify;\">Yermez bu iddialar\u0131n\u0131 baz\u0131 gazetecilere g\u00f6nderdi\u011fi mektuplarda da g\u00fcndeme getirmi\u015f ve Meral isimli bir kad\u0131n\u0131n kendisini y\u00f6nlendi\u011fi\u011fi, Ergenekon san\u0131\u011f\u0131 \u00dcmit Say\u0131n&#8217;\u0131n cinayetten sonra sevk edildi\u011fi Adli T\u0131p&#8217;ta kendisini &#8216;cinayeti dini ama\u00e7larla i\u015fledi\u011fini s\u00f6ylemesi y\u00f6n\u00fcnde bask\u0131 kurdu\u011funu&#8217; \u00f6ne s\u00fcrm\u00fc\u015ft\u00fc. Yermez bu iddialarla ilgili Ergenekon savc\u0131s\u0131 taraf\u0131ndan da sorgulanm\u0131\u015ft\u0131. T\u00fcm bu iddialar\u0131 inceleyen Bak\u0131rk\u00f6y 14. A\u011f\u0131r Ceza Mahkemesi, Yermez&#8217;in yeniden yarg\u0131lanmas\u0131 gerektiren bir durum olmad\u0131\u011f\u0131n\u0131 belirterek, &#8216;yarg\u0131laman\u0131n yenilenmesi&#8217; talebini reddetti. Garih, 2001 y\u0131l\u0131nda Ey\u00fcp Mezarl\u0131\u011f\u0131&#8217;nda \u00f6ld\u00fcr\u00fcld\u00fc. Yermez, yakaland\u0131\u011f\u0131 tarihteki ilk ifadelerinde mezarl\u0131kta para istedi\u011fi Garih&#8217;in kendisini tersledi\u011fi i\u00e7in \u00f6ld\u00fcrd\u00fc\u011f\u00fcn\u00fc s\u00f6ylemi\u015fti. Yermez bu davada m\u00fcebbet hapis cezas\u0131na \u00e7arpt\u0131r\u0131lm\u0131\u015ft\u0131.<\/p>\n<p style=\"text-align: justify;\"><span style=\"color: #888888;\">Kaynak : Radikal Gazetesi<\/span><\/p>\n","protected":false},"excerpt":{"rendered":"<p style=\"text-align: center;\">\n<p style=\"text-align: center;\">\n<p style=\"text-align: justify;\">\u00dczeyir Garih cinayeti h\u00fck\u00fcml\u00fcs\u00fc Yener Yermez&#8217;in Ergenekon soru\u015fturmas\u0131 kapsam\u0131nda ortaya at\u0131lan iddialar do\u011frultusunda yeniden yarg\u0131lanmas\u0131 talebiyle yap\u0131lan ba\u015fvuru reddedildi.<\/p>\n<p style=\"text-align: justify;\">\u0130\u015fadam\u0131 \u00dczeyir Garih&#8217;in \u00f6ld\u00fcr\u00fclmesi davas\u0131n\u0131n h\u00fck\u00fcml\u00fcs\u00fc Yener Yermez&#8217;in Ergenekon soru\u015fturmas\u0131 kapsam\u0131nda ortaya at\u0131lan iddialardan sonra yeniden yarg\u0131lanmas\u0131 talebiyle yap\u0131lan ba\u015fvuru, &#8216;yeniden yarg\u0131lanmay\u0131 gerektirecek bir delil olmad\u0131\u011f\u0131&#8217; <\/p>\n","protected":false},"author":1,"featured_media":0,"comment_status":"open","ping_status":"closed","sticky":false,"template":"","format":"standard","meta":{"footnotes":""},"categories":[105],"tags":[],"class_list":["post-5896","post","type-post","status-publish","format-standard","hentry","category-gundem","odd"],"_links":{"self":[{"href":"http:\/\/www.korhanyilmaz.com\/index.php?rest_route=\/wp\/v2\/posts\/5896","targetHints":{"allow":["GET"]}}],"collection":[{"href":"http:\/\/www.korhanyilmaz.com\/index.php?rest_route=\/wp\/v2\/posts"}],"about":[{"href":"http:\/\/www.korhanyilmaz.com\/index.php?rest_route=\/wp\/v2\/types\/post"}],"author":[{"embeddable":true,"href":"http:\/\/www.korhanyilmaz.com\/index.php?rest_route=\/wp\/v2\/users\/1"}],"replies":[{"embeddable":true,"href":"http:\/\/www.korhanyilmaz.com\/index.php?rest_route=%2Fwp%2Fv2%2Fcomments&post=5896"}],"version-history":[{"count":0,"href":"http:\/\/www.korhanyilmaz.com\/index.php?rest_route=\/wp\/v2\/posts\/5896\/revisions"}],"wp:attachment":[{"href":"http:\/\/www.korhanyilmaz.com\/index.php?rest_route=%2Fwp%2Fv2%2Fmedia&parent=5896"}],"wp:term":[{"taxonomy":"category","embeddable":true,"href":"http:\/\/www.korhanyilmaz.com\/index.php?rest_route=%2Fwp%2Fv2%2Fcategories&post=5896"},{"taxonomy":"post_tag","embeddable":true,"href":"http:\/\/www.korhanyilmaz.com\/index.php?rest_route=%2Fwp%2Fv2%2Ftags&post=5896"}],"curies":[{"name":"wp","href":"https:\/\/api.w.org\/{rel}","templated":true}]}}