{"id":5889,"date":"2009-03-20T15:51:33","date_gmt":"2009-03-20T13:51:33","guid":{"rendered":"http:\/\/www.korhanyilmaz.com\/?p=5889"},"modified":"2009-03-20T15:51:33","modified_gmt":"2009-03-20T13:51:33","slug":"nevruz%e2%80%99un-ilk-atesi-sanliurfa%e2%80%99da-yakildi","status":"publish","type":"post","link":"http:\/\/www.korhanyilmaz.com\/?p=5889","title":{"rendered":"Nevruz\u2019un ilk ate\u015fi \u015eanl\u0131urfa\u2019da yak\u0131ld\u0131"},"content":{"rendered":"<p style=\"text-align: center;\"><img loading=\"lazy\" decoding=\"async\" class=\"aligncenter size-full wp-image-5890\" title=\"Nevruz\u2019un ilk ate\u015fi \u015eanl\u0131urfa\u2019da yak\u0131ld\u0131\" src=\"http:\/\/www.korhanyilmaz.com\/wp-content\/uploads\/2009\/03\/fft5_mf140734.jpeg\" alt=\"Nevruz\u2019un ilk ate\u015fi \u015eanl\u0131urfa\u2019da yak\u0131ld\u0131\" width=\"324\" height=\"217\" \/><\/p>\n<p style=\"text-align: justify;\">\n<p style=\"text-align: justify;\"><strong>\u015eanl\u0131urfa&#8217;da, Demokratik Toplum Partisi ve \u00e7e\u015fitli sivil toplum kurulu\u015flar\u0131 taraf\u0131ndan d\u00fczenlenen ve Dikili Mahallesi otogar yak\u0131n\u0131nda ger\u00e7ekle\u015fen kutlamada y\u0131l\u0131n ilk Nevruz ate\u015fi yak\u0131ld\u0131.<\/strong><\/p>\n<p style=\"text-align: justify;\">Kutlamalarda bir konu\u015fma yapan Abdullah \u00d6calan&#8217;\u0131n karde\u015fi Mehmet \u00d6calan, Nevruzun b\u00fct\u00fcn insanlara bar\u0131\u015f ve demokrasi getirmesi temennisinde bulunurken, &#8220;2 hafta \u00f6nce karde\u015fim Abdullah \u00d6calan&#8217;la \u0130mral\u0131&#8217;da g\u00f6r\u00fc\u015ft\u00fcm. T\u00fcrkiye&#8217;deki yasalar\u0131n \u00f6n\u00fc a\u00e7\u0131kt\u0131r. Hukukun herkes i\u00e7in e\u015fit olmas\u0131n\u0131 istiyoruz. 10 y\u0131ldan beridir biz \u0130mral\u0131&#8217;ya gidip geliyoruz. Orada bize 30 dakikal\u0131k bir s\u00fcre veriliyor. Bu uygulama di\u011fer mahkumlar i\u00e7in ge\u00e7erli de\u011fildir. Bu uygulama bizim i\u00e7in \u00e7ok ger\u00e7ek\u00e7i de\u011fil, ac\u0131d\u0131r. A\u011fabeyim Abdullah \u00d6calan, s\u00fcrekli bu co\u011frafyada bar\u0131\u015f\u0131n ye\u015fermesi i\u00e7in var g\u00fcc\u00fcyle \u00e7al\u0131\u015f\u0131yor. 10 y\u0131ll\u0131k s\u00fcre\u00e7te ayn\u0131 \u015fekilde devam ediyor. A\u011fabeyimin sesine kulak verilmesini bekliyorum&#8221; dedi. <!--more--><\/p>\n<p style=\"text-align: justify;\">Irak Cumhurba\u015fkan\u0131 Celal Talabani, Ankara&#8217;daki temaslar\u0131nda K\u00fcrt sorunu ve PKK&#8217;ya silah b\u0131rakma \u00e7a\u011fr\u0131s\u0131na da de\u011finen Mehmet \u00d6calan, &#8220;Talabani buradaki PKK&#8217;n\u0131n s\u00f6zc\u00fcs\u00fc olamaz. Burada baz\u0131 PKK&#8217;l\u0131lar\u0131n s\u00f6z\u00fc dinlemesi gerekiyor. Bu meseleyi Talabani bitiremez. Belki iyi niyetli olarak s\u00f6yl\u00fcyor ama bu 4 par\u00e7an\u0131n temsilcisi de\u011fildir. Belki bar\u0131\u015fa ufak bir katk\u0131s\u0131 olabilir ama buran\u0131n sahipleri vard\u0131r. Bu insanlarla g\u00f6r\u00fc\u015f\u00fclmesine gerekti\u011fine inan\u0131yorum&#8221; diye konu\u015ftu.<br \/>\nDTP \u015eanl\u0131urfa Milletvekili \u0130brahim Binici, DTP \u0130l Ba\u015fkan\u0131 \u0130brahim Ayhan, Parti Meclis \u00fcyesi Vakkas Dalk\u0131l\u0131\u00e7&#8217;\u0131n y\u00f6resel k\u0131yafetler giyerek, zafer i\u015fareti ve sloganlar e\u015fli\u011finde kutlamalara kat\u0131lmas\u0131 da dikkat \u00e7ekti.<br \/>\nKutlaman\u0131n yap\u0131ld\u0131\u011f\u0131 alanda resmi k\u0131yafetli g\u00fcvenlik g\u00fc\u00e7lerinin bulunmamas\u0131 dikkat \u00e7ekti.\n<\/p>\n<p style=\"text-align: justify;\"><span style=\"color: #888888;\">DHA<\/span><\/p>\n","protected":false},"excerpt":{"rendered":"<p style=\"text-align: center;\">\n<p style=\"text-align: justify;\">\n<p style=\"text-align: justify;\">\u015eanl\u0131urfa&#8217;da, Demokratik Toplum Partisi ve \u00e7e\u015fitli sivil toplum kurulu\u015flar\u0131 taraf\u0131ndan d\u00fczenlenen ve Dikili Mahallesi otogar yak\u0131n\u0131nda ger\u00e7ekle\u015fen kutlamada y\u0131l\u0131n ilk Nevruz ate\u015fi yak\u0131ld\u0131.<\/p>\n<p style=\"text-align: justify;\">Kutlamalarda bir konu\u015fma yapan Abdullah \u00d6calan&#8217;\u0131n karde\u015fi Mehmet \u00d6calan, Nevruzun b\u00fct\u00fcn insanlara bar\u0131\u015f ve demokrasi getirmesi temennisinde bulunurken, &#8220;2 hafta \u00f6nce karde\u015fim <\/p>\n","protected":false},"author":1,"featured_media":0,"comment_status":"open","ping_status":"closed","sticky":false,"template":"","format":"standard","meta":{"footnotes":""},"categories":[105],"tags":[],"class_list":["post-5889","post","type-post","status-publish","format-standard","hentry","category-gundem","odd"],"_links":{"self":[{"href":"http:\/\/www.korhanyilmaz.com\/index.php?rest_route=\/wp\/v2\/posts\/5889","targetHints":{"allow":["GET"]}}],"collection":[{"href":"http:\/\/www.korhanyilmaz.com\/index.php?rest_route=\/wp\/v2\/posts"}],"about":[{"href":"http:\/\/www.korhanyilmaz.com\/index.php?rest_route=\/wp\/v2\/types\/post"}],"author":[{"embeddable":true,"href":"http:\/\/www.korhanyilmaz.com\/index.php?rest_route=\/wp\/v2\/users\/1"}],"replies":[{"embeddable":true,"href":"http:\/\/www.korhanyilmaz.com\/index.php?rest_route=%2Fwp%2Fv2%2Fcomments&post=5889"}],"version-history":[{"count":0,"href":"http:\/\/www.korhanyilmaz.com\/index.php?rest_route=\/wp\/v2\/posts\/5889\/revisions"}],"wp:attachment":[{"href":"http:\/\/www.korhanyilmaz.com\/index.php?rest_route=%2Fwp%2Fv2%2Fmedia&parent=5889"}],"wp:term":[{"taxonomy":"category","embeddable":true,"href":"http:\/\/www.korhanyilmaz.com\/index.php?rest_route=%2Fwp%2Fv2%2Fcategories&post=5889"},{"taxonomy":"post_tag","embeddable":true,"href":"http:\/\/www.korhanyilmaz.com\/index.php?rest_route=%2Fwp%2Fv2%2Ftags&post=5889"}],"curies":[{"name":"wp","href":"https:\/\/api.w.org\/{rel}","templated":true}]}}