{"id":5885,"date":"2009-03-20T14:47:13","date_gmt":"2009-03-20T12:47:13","guid":{"rendered":"http:\/\/www.korhanyilmaz.com\/?p=5885"},"modified":"2009-03-20T14:47:13","modified_gmt":"2009-03-20T12:47:13","slug":"basbakan%e2%80%99a-suikast-zanlisi-tutuklandi","status":"publish","type":"post","link":"http:\/\/www.korhanyilmaz.com\/?p=5885","title":{"rendered":"Ba\u015fbakan\u2019a suikast zanl\u0131s\u0131 tutukland\u0131"},"content":{"rendered":"<p><img loading=\"lazy\" decoding=\"async\" class=\"aligncenter size-full wp-image-5886\" title=\"Ba\u015fbakan\u2019a suikast zanl\u0131s\u0131 tutukland\u0131\" src=\"http:\/\/www.korhanyilmaz.com\/wp-content\/uploads\/2009\/03\/fft27_mf140822.jpeg\" alt=\"Ba\u015fbakan\u2019a suikast zanl\u0131s\u0131 tutukland\u0131\" width=\"322\" height=\"97\" \/><\/p>\n<p style=\"text-align: justify;\">Tekirda\u011f Cengiz Topel Meydan\u0131&#8217;nda 16 Mart Pazartesi g\u00fcn\u00fc ger\u00e7ekle\u015ftirilen mitinge, ruhsats\u0131z tabanca ile geldi\u011fi i\u00e7in g\u00f6zalt\u0131na al\u0131nan Muammer Alt\u0131nta\u015f ile Be\u015fikta\u015f&#8217;ta ruhsats\u0131z tabanca ile yakalanan Hasan Yola\u00e7ar, \u0130stanbul Ter\u00f6rle M\u00fccadele \u015eube M\u00fcd\u00fcrl\u00fc\u011f\u00fc&#8217;ndeki i\u015flemleri tamamland\u0131ktan sonra \u0130stanbul Cumhuriyet Ba\u015fsavc\u0131l\u0131\u011f\u0131&#8217;na sevk edildi.<\/p>\n<p style=\"text-align: justify;\">\nSa\u011fl\u0131k kontrollerinin ard\u0131ndan Cumhuriyet Savc\u0131s\u0131 S\u00fcleyman Pehlivan taraf\u0131ndan sorgulanan \u015f\u00fcphelilerden Hasan Yola\u00e7ar, &#8220;ruhsats\u0131z silah bulundurmak&#8221; su\u00e7undan mahkemeye sevk edildi. <!--more--><br \/>\n\u0130stanbul n\u00f6bet\u00e7i 12. A\u011f\u0131r Ceza Mahkemesi taraf\u0131ndan tekrar ifadesi al\u0131nan Yola\u00e7ar tutuklanarak cezaevine g\u00f6nderildi. Ard\u0131ndan Muammer Alt\u0131nta\u015f savc\u0131 Pehlivan taraf\u0131ndan sorguland\u0131. Muammer Alt\u0131nta\u015f ise, &#8220;Ba\u015fbakan Recep Tayyip Erdo\u011fan&#8217;\u0131 \u00f6ld\u00fcrmeye te\u015febb\u00fcs ve ruhsats\u0131z silah bulundurmak&#8221; su\u00e7lar\u0131ndan tutuklanmas\u0131 talebiyle n\u00f6bet\u00e7i mahkemeye sevk edildi. Muammer Alt\u0131nta\u015f&#8217;\u0131n Tekirda\u011f&#8217;da d\u00fczenlenen AK Parti mitinginde, Ba\u015fbakan Recep Tayyip Erdo\u011fan&#8217;\u0131 \u00f6ld\u00fcrmeyi planlad\u0131\u011f\u0131n\u0131 savc\u0131l\u0131k sorgusunda itiraf etti\u011fi belirtildi. Alt\u0131nta\u015f&#8217;\u0131n savc\u0131ya verdi\u011fi ifadede psikolojik sorunlar\u0131n\u0131n oldu\u011funu ve \u00fclkenin k\u00f6t\u00fc gidi\u015finden ba\u015fbakan\u0131 sorumlu tuttu\u011fu i\u00e7in suikast giri\u015fiminde bulundu\u011funu s\u00f6yledi\u011fi \u00f6\u011frenildi. Alt\u0131nta\u015f&#8217;\u0131n ayr\u0131ca, &#8220;Ba\u015fbakan\u0131 \u00f6ld\u00fcrmek i\u00e7in gittim ancak \u015fimdi pi\u015fman\u0131m&#8221; dedi\u011fi belirtildi. Alt\u0131nta\u015f mahkemece,<br \/>\n&#8220;Kamu g\u00f6revlisini g\u00f6revi nedeniyle \u00f6ld\u00fcrmeye te\u015febb\u00fcs etmek&#8221; ve &#8220;ruhsats\u0131z silah bulundurmak&#8221; tutuklanarak cezaevine yolland\u0131. Alt\u0131nta\u015f&#8217;\u0131n herhangi bir ter\u00f6r \u00f6rg\u00fct\u00fc ile ba\u011flant\u0131s\u0131n\u0131n hen\u00fcz bulunamad\u0131\u011f\u0131 ancak bu y\u00f6ndeki incelemelerin devam etti\u011fi ifade edildi.<\/p>\n<p style=\"text-align: justify;\"><strong>\u0130K\u0130NC\u0130 TUTUKLANAMA <\/strong><br \/>\n\u00d6te yandan &#8220;ruhsats\u0131z silah bulundurmak&#8221; su\u00e7undan tutuklanan Hasan Yola\u00e7ar&#8217;\u0131n Ba\u015fbakan Recep Tayyip Erdo\u011fan&#8217;\u0131n Be\u015fikta\u015f&#8217;taki \u00e7al\u0131\u015fma ofisine gelece\u011fi g\u00fcn, ofise yak\u0131n yerlerde ruhsats\u0131z silahla gezdi\u011fi ve suikast d\u00fczenleyece\u011fi \u015f\u00fcphesiyle g\u00f6zalt\u0131na al\u0131nd\u0131\u011f\u0131 \u00f6\u011frenildi. Ancak Yola\u00e7ar&#8217;\u0131n bu y\u00f6nde bir eylem d\u00fczenleyece\u011fine dair delile rastlanamad\u0131\u011f\u0131 belirtildi.\n<\/p>\n<p style=\"text-align: justify;\"><span style=\"color: #888888;\">Kaynak : Radikal Gazetesi<\/span><\/p>\n","protected":false},"excerpt":{"rendered":"<\/p>\n<p style=\"text-align: justify;\">Tekirda\u011f Cengiz Topel Meydan\u0131&#8217;nda 16 Mart Pazartesi g\u00fcn\u00fc ger\u00e7ekle\u015ftirilen mitinge, ruhsats\u0131z tabanca ile geldi\u011fi i\u00e7in g\u00f6zalt\u0131na al\u0131nan Muammer Alt\u0131nta\u015f ile Be\u015fikta\u015f&#8217;ta ruhsats\u0131z tabanca ile yakalanan Hasan Yola\u00e7ar, \u0130stanbul Ter\u00f6rle M\u00fccadele \u015eube M\u00fcd\u00fcrl\u00fc\u011f\u00fc&#8217;ndeki i\u015flemleri tamamland\u0131ktan sonra \u0130stanbul Cumhuriyet Ba\u015fsavc\u0131l\u0131\u011f\u0131&#8217;na sevk edildi.<\/p>\n<p style=\"text-align: justify;\"> Sa\u011fl\u0131k kontrollerinin ard\u0131ndan Cumhuriyet Savc\u0131s\u0131 S\u00fcleyman Pehlivan taraf\u0131ndan sorgulanan <\/p>\n","protected":false},"author":1,"featured_media":0,"comment_status":"open","ping_status":"closed","sticky":false,"template":"","format":"standard","meta":{"footnotes":""},"categories":[105],"tags":[],"class_list":["post-5885","post","type-post","status-publish","format-standard","hentry","category-gundem","odd"],"_links":{"self":[{"href":"http:\/\/www.korhanyilmaz.com\/index.php?rest_route=\/wp\/v2\/posts\/5885","targetHints":{"allow":["GET"]}}],"collection":[{"href":"http:\/\/www.korhanyilmaz.com\/index.php?rest_route=\/wp\/v2\/posts"}],"about":[{"href":"http:\/\/www.korhanyilmaz.com\/index.php?rest_route=\/wp\/v2\/types\/post"}],"author":[{"embeddable":true,"href":"http:\/\/www.korhanyilmaz.com\/index.php?rest_route=\/wp\/v2\/users\/1"}],"replies":[{"embeddable":true,"href":"http:\/\/www.korhanyilmaz.com\/index.php?rest_route=%2Fwp%2Fv2%2Fcomments&post=5885"}],"version-history":[{"count":0,"href":"http:\/\/www.korhanyilmaz.com\/index.php?rest_route=\/wp\/v2\/posts\/5885\/revisions"}],"wp:attachment":[{"href":"http:\/\/www.korhanyilmaz.com\/index.php?rest_route=%2Fwp%2Fv2%2Fmedia&parent=5885"}],"wp:term":[{"taxonomy":"category","embeddable":true,"href":"http:\/\/www.korhanyilmaz.com\/index.php?rest_route=%2Fwp%2Fv2%2Fcategories&post=5885"},{"taxonomy":"post_tag","embeddable":true,"href":"http:\/\/www.korhanyilmaz.com\/index.php?rest_route=%2Fwp%2Fv2%2Ftags&post=5885"}],"curies":[{"name":"wp","href":"https:\/\/api.w.org\/{rel}","templated":true}]}}