{"id":5876,"date":"2009-03-20T11:37:31","date_gmt":"2009-03-20T09:37:31","guid":{"rendered":"http:\/\/www.korhanyilmaz.com\/?p=5876"},"modified":"2009-03-20T11:37:31","modified_gmt":"2009-03-20T09:37:31","slug":"tskdan-aciklama","status":"publish","type":"post","link":"http:\/\/www.korhanyilmaz.com\/?p=5876","title":{"rendered":"TSK&#039;dan a\u00e7\u0131klama!"},"content":{"rendered":"<p><img loading=\"lazy\" decoding=\"async\" class=\"aligncenter size-full wp-image-5877\" title=\"TSK'dan a\u00e7\u0131klama!\" src=\"http:\/\/www.korhanyilmaz.com\/wp-content\/uploads\/2009\/03\/200320091245396521593.jpg\" alt=\"TSK'dan a\u00e7\u0131klama!\" width=\"320\" height=\"100\" \/><strong><\/strong><\/p>\n<p style=\"text-align: justify;\"><strong>&#8216;Kayseri&#8217;de sahte belgeyle b\u00f6lge halk\u0131 garnizon komutan\u0131 aleyhine k\u0131\u015fk\u0131rt\u0131l\u0131yor&#8230;&#8217;<\/strong><\/p>\n<p style=\"text-align: justify;\">Genelkurmay Ba\u015fkanl\u0131\u011f\u0131 \u0130leti\u015fim Daire Ba\u015fkan\u0131 Tu\u011fgeneral Metin G\u00fcrak, &#8216;Kayseri&#8217;de sahte belge d\u00fczenlenerek baz\u0131 i\u015fletmelere g\u00f6nderildi\u011fini&#8217; ifade ederek, &#8216;B\u00f6lge halk\u0131n\u0131n garnizon komutan\u0131 aleyhine k\u0131\u015fk\u0131rt\u0131larak, T\u00fcrk Silahl\u0131 Kuvvetleri&#8217;nin itibar\u0131n\u0131 zedelemek i\u00e7in kamuoyu olu\u015fturulmaya \u00e7al\u0131\u015f\u0131ld\u0131\u011f\u0131 tespit edilmi\u015ftir&#8217; dedi.<\/p>\n<p style=\"text-align: justify;\">Tu\u011fgeneral G\u00fcrak, Genelkurmay Ba\u015fkanl\u0131\u011f\u0131 Karargah\u0131&#8217;ndaki haftal\u0131k bas\u0131n bilgilendirme toplant\u0131s\u0131nda gazetecilerin sorular\u0131n\u0131 yan\u0131tlad\u0131.<\/p>\n<p style=\"text-align: justify;\">Kayseri&#8217;deki soru\u015fturma ile ilgili soru \u00fczerine, Tu\u011fgeneral G\u00fcrak, &#8216;Ge\u00e7en hafta baz\u0131 \u00e7evrelerin y\u00fcr\u00fct\u00fclmekte olan soru\u015fturmadan \u00e7ok endi\u015fe duyup rahats\u0131z olduklar\u0131n\u0131n anla\u015f\u0131ld\u0131\u011f\u0131n\u0131 belirtmi\u015ftik&#8217; kar\u015f\u0131l\u0131\u011f\u0131n\u0131 verdi.<!--more--><\/p>\n<p style=\"text-align: justify;\">Garnizon Komutan\u0131&#8217;na atfen yap\u0131lan iddialarla ilgili olarak konunun incelendi\u011fini bildiren Tu\u011fgeneral G\u00fcrak, yap\u0131lan incelemede Kayseri Garnizon Komutanl\u0131\u011f\u0131&#8217;n\u0131n T\u00fcrk Silahl\u0131 Kuvvetleri \u0130\u00e7 Hizmet Kanunu ve Y\u00f6netmeli\u011fi kapsam\u0131ndaki yetkileri dahilinde, t\u00fcm garnizonlarda oldu\u011fu gibi Kayseri&#8217;de \u0130l Emniyet M\u00fcd\u00fcrl\u00fc\u011f\u00fc&#8217;nden askeri personelin girmesinin sak\u0131ncal\u0131 olaca\u011f\u0131 ve olay \u00e7\u0131kmas\u0131 muhtemel mahalle, sokak, kafe, k\u0131raathane, internet kafe, pastane, m\u00fczik evi, lokanta ve otel gibi yerlerin bildirilmesini talep etti\u011fini anlatt\u0131.<\/p>\n<p style=\"text-align: justify;\">Kayseri \u0130l Emniyet M\u00fcd\u00fcrl\u00fc\u011f\u00fc taraf\u0131ndan bildirilen adreslerin komutanl\u0131k taraf\u0131ndan personele duyuruldu\u011funu ifade eden Tu\u011fgeneral G\u00fcrak, \u015funlar\u0131 kaydetti:<\/p>\n<p style=\"text-align: justify;\">&#8216;Ancak, bu emirde yer alan adreslerin il emniyet m\u00fcd\u00fcrl\u00fc\u011f\u00fcnden elde edildi\u011fine ili\u015fkin ifadelerin maksatl\u0131 olarak yaz\u0131dan \u00e7\u0131kar\u0131larak, belgede tahrifat yap\u0131lmak suretiyle, garnizon komutanl\u0131\u011f\u0131n\u0131n sanki kendi inisiyatifi ile hareket etti\u011fi y\u00f6n\u00fcnde sahte belge tanzim edildi\u011fi, bu belgenin i\u015fletme sahiplerine g\u00f6nderildi\u011fi, b\u00f6lge halk\u0131n garnizon komutan\u0131 aleyhine k\u0131\u015fk\u0131rt\u0131larak T\u00fcrk Silahl\u0131 Kuvvetleri&#8217;nin itibar\u0131n\u0131 zedelemek i\u00e7in kamuoyu olu\u015fturulmaya \u00e7al\u0131\u015f\u0131ld\u0131\u011f\u0131 tespit edilmi\u015ftir.<\/p>\n<p style=\"text-align: justify;\">Di\u011fer yandan, ayn\u0131 \u015fekilde &#8216;karargah evleri&#8217; kapsam\u0131nda tutuklu olan bir albaya yard\u0131m edilmesi gerekti\u011fine ili\u015fkin ayr\u0131 bir sahte belge d\u00fczenlenmi\u015f, bunun da T\u00fcrk Silahl\u0131 Kuvvetleri i\u00e7 yaz\u0131\u015fmas\u0131yla da\u011f\u0131t\u0131m\u0131 yap\u0131lm\u0131\u015f, ancak failleri yakalanm\u0131\u015ft\u0131r.<\/p>\n<p style=\"text-align: justify;\">Garnizon Komutan\u0131&#8217;n\u0131n malum soru\u015fturma ile ili\u015fkilendirilmeye \u00e7al\u0131\u015f\u0131ld\u0131\u011f\u0131 g\u00f6r\u00fclm\u00fc\u015ft\u00fcr. Konuya ili\u015fkin adli soru\u015fturma Hava Kuvvetleri Askeri Savc\u0131l\u0131\u011f\u0131&#8217;nca y\u00fcr\u00fct\u00fclmektedir.&#8217;<\/p>\n<p style=\"text-align: justify;\"><strong>-TALABAN\u0130&#8217;N\u0130N A\u00c7IKLAMALARI-<\/strong><\/p>\n<p style=\"text-align: justify;\">Tu\u011fgeneral G\u00fcrak, Irak Cumhurba\u015fkan\u0131 Celal Talabani&#8217;nin a\u00e7\u0131klamalar\u0131yla  ilgili soruya da \u015fu kar\u015f\u0131l\u0131\u011f\u0131 verdi:<\/p>\n<p style=\"text-align: justify;\">&#8216;T\u00fcrk Silahl\u0131 Kuvvetleri&#8217;nin bu konulara ili\u015fkin g\u00f6r\u00fc\u015fleri devletin ilgili birimleri taraf\u0131ndan bilinmektedir. Bizim beklentimiz Irak&#8217;\u0131n kuzeyindeki b\u00f6l\u00fcc\u00fc ter\u00f6r \u00f6rg\u00fct\u00fc faaliyetlerinin engellenmesi bar\u0131nma ve lojistik almas\u0131na m\u00fcsaade edilmemesi ve bu y\u00f6nde al\u0131nacak etkin ve somut tedbirlerin s\u00fcrekli hale gelmesidir.&#8217;<\/p>\n<p style=\"text-align: justify;\">AA<\/p>\n<p style=\"text-align: justify;\">\n","protected":false},"excerpt":{"rendered":"<\/p>\n<p style=\"text-align: justify;\">&#8216;Kayseri&#8217;de sahte belgeyle b\u00f6lge halk\u0131 garnizon komutan\u0131 aleyhine k\u0131\u015fk\u0131rt\u0131l\u0131yor&#8230;&#8217;<\/p>\n<p style=\"text-align: justify;\">Genelkurmay Ba\u015fkanl\u0131\u011f\u0131 \u0130leti\u015fim Daire Ba\u015fkan\u0131 Tu\u011fgeneral Metin G\u00fcrak, &#8216;Kayseri&#8217;de sahte belge d\u00fczenlenerek baz\u0131 i\u015fletmelere g\u00f6nderildi\u011fini&#8217; ifade ederek, &#8216;B\u00f6lge halk\u0131n\u0131n garnizon komutan\u0131 aleyhine k\u0131\u015fk\u0131rt\u0131larak, T\u00fcrk Silahl\u0131 Kuvvetleri&#8217;nin itibar\u0131n\u0131 zedelemek i\u00e7in kamuoyu olu\u015fturulmaya \u00e7al\u0131\u015f\u0131ld\u0131\u011f\u0131 tespit edilmi\u015ftir&#8217; dedi.<\/p>\n<p style=\"text-align: justify;\">Tu\u011fgeneral G\u00fcrak, Genelkurmay Ba\u015fkanl\u0131\u011f\u0131 <\/p>\n","protected":false},"author":1,"featured_media":0,"comment_status":"open","ping_status":"closed","sticky":false,"template":"","format":"standard","meta":{"footnotes":""},"categories":[105],"tags":[],"class_list":["post-5876","post","type-post","status-publish","format-standard","hentry","category-gundem","odd"],"_links":{"self":[{"href":"http:\/\/www.korhanyilmaz.com\/index.php?rest_route=\/wp\/v2\/posts\/5876","targetHints":{"allow":["GET"]}}],"collection":[{"href":"http:\/\/www.korhanyilmaz.com\/index.php?rest_route=\/wp\/v2\/posts"}],"about":[{"href":"http:\/\/www.korhanyilmaz.com\/index.php?rest_route=\/wp\/v2\/types\/post"}],"author":[{"embeddable":true,"href":"http:\/\/www.korhanyilmaz.com\/index.php?rest_route=\/wp\/v2\/users\/1"}],"replies":[{"embeddable":true,"href":"http:\/\/www.korhanyilmaz.com\/index.php?rest_route=%2Fwp%2Fv2%2Fcomments&post=5876"}],"version-history":[{"count":0,"href":"http:\/\/www.korhanyilmaz.com\/index.php?rest_route=\/wp\/v2\/posts\/5876\/revisions"}],"wp:attachment":[{"href":"http:\/\/www.korhanyilmaz.com\/index.php?rest_route=%2Fwp%2Fv2%2Fmedia&parent=5876"}],"wp:term":[{"taxonomy":"category","embeddable":true,"href":"http:\/\/www.korhanyilmaz.com\/index.php?rest_route=%2Fwp%2Fv2%2Fcategories&post=5876"},{"taxonomy":"post_tag","embeddable":true,"href":"http:\/\/www.korhanyilmaz.com\/index.php?rest_route=%2Fwp%2Fv2%2Ftags&post=5876"}],"curies":[{"name":"wp","href":"https:\/\/api.w.org\/{rel}","templated":true}]}}