{"id":5838,"date":"2009-03-20T11:08:54","date_gmt":"2009-03-20T09:08:54","guid":{"rendered":"http:\/\/www.korhanyilmaz.com\/?p=5838"},"modified":"2009-03-20T11:08:54","modified_gmt":"2009-03-20T09:08:54","slug":"hilmi-cumhurbaskani-olursa-ordu-daha-da-karisir","status":"publish","type":"post","link":"http:\/\/www.korhanyilmaz.com\/?p=5838","title":{"rendered":"&#039;Hilmi cumhurba\u015fkan\u0131 olursa ordu daha da kar\u0131\u015f\u0131r&#039;"},"content":{"rendered":"<p style=\"text-align: right;\"><img loading=\"lazy\" decoding=\"async\" class=\"aligncenter size-full wp-image-5839\" title=\"'Hilmi cumhurba\u015fkan\u0131 olursa ordu daha da kar\u0131\u015f\u0131r' \" src=\"http:\/\/www.korhanyilmaz.com\/wp-content\/uploads\/2009\/03\/200320091105112563328_3.jpg\" alt=\"'Hilmi cumhurba\u015fkan\u0131 olursa ordu daha da kar\u0131\u015f\u0131r' \" width=\"400\" height=\"120\" \/><\/p>\n<p style=\"text-align: justify;\"><strong>Balbay&#8217;a atfedilen g\u00fcnl\u00fckte Sezer&#8217;in g\u00f6r\u00fc\u015fleri anlat\u0131l\u0131yor<\/strong><\/p>\n<p style=\"text-align: justify;\">Balbay&#8217;a atfedilen g\u00fcnl\u00fckte, B\u00fcy\u00fckan\u0131t&#8217;\u0131n G.Kurmay Ba\u015fkanl\u0131\u011f\u0131&#8217;na atanma s\u00fcreciyle ilgili olarak Sezer&#8217;in g\u00f6r\u00fc\u015fleri \u015f\u00f6yle anlat\u0131l\u0131yor:<\/p>\n<p style=\"text-align: justify;\">&#8220;Hilmi&#8217;ye (\u00d6zk\u00f6k) bozuk&#8230; Y.an\u0131t&#8217;la (Ya\u015far B\u00fcy\u00fckan\u0131t) konu\u015fmu\u015f. Bu i\u015fi 45 g\u00fcn \u00f6nceden bitirmek ve kesinlikle bunlar\u0131n eline b\u0131rakmamak gerek. Bu y\u00fczden 45 g\u00fcnden \u00f6nce istifa etmeli ve yerine atamay\u0131 hemen yapmal\u0131. Bunu kendisine dedim, o da tamam plan yapal\u0131m dedi&#8230;&#8221;<br \/>\n&#8220;Bana Ya\u015far&#8217;\u0131 istemediklerini s\u00f6yledi. Ben niye bunu zaman\u0131nda bana demedin dedim, &#8216;Demedim mi&#8217; dedi. Adamlar bu noktaya gelmesini istemediklerini, bir \u00fcst noktaya \u00e7\u0131kart\u0131r m\u0131? Ba\u015f ba\u015fa g\u00f6r\u00fc\u015ft\u00fcler. Ba\u015fbakan a\u00e7\u0131klama yapt\u0131 ama ben hi\u00e7birine inanm\u0131yorum&#8230;&#8221; <!--more-->\n<\/p>\n<p style=\"text-align: justify;\">&#8220;E\u011fer g\u00f6rev uzat\u0131m\u0131 gibi bir \u015fey olursa benim ne diyece\u011fimi biliyorlar. B\u00f6yle bir durumda ordu alt\u00fcst olur. Ya\u015far olmazsa yerine gelen bunlar\u0131n adam\u0131ym\u0131\u015f gibi muamele g\u00f6r\u00fcr. Hilmi CB (Cumhurba\u015fkan\u0131) olursa ordu daha da kar\u0131\u015f\u0131r..&#8221;<\/p>\n<p style=\"text-align: justify;\">-\u0130lhan abi 2 g\u00fcnl\u00fc\u011f\u00fcne geldi. M\u00fcmtaz Soysal k\u00f6kenli Erin\u00e7 Yeldan, Korkut Boratav sorunu..<\/p>\n<p style=\"text-align: justify;\">-\u0130lk ak\u015fam ba\u015fba\u015fa g\u00f6r\u00fc\u015fme&#8230; Emre&#8217;ye yak\u0131nl\u0131k aynen. Hep, benden sonra ne olacak, sorusu..<\/p>\n<p style=\"text-align: justify;\">&#8211; Her geli\u015fteki ola\u011fan g\u00f6r\u00fc\u015fme 15.30&#8217;da \u00e7\u0131k\u0131\u015f. 17.00&#8217;ye kadar kal\u0131\u015f&#8230; Her konuyu konu\u015ftuk..<\/p>\n<p style=\"text-align: justify;\">Medyayla ilgili geli\u015fmelere hi\u00e7 g\u00fcvenmiyor. Bunlar sonunda patron diyor Baykal&#8217;a k\u0131zg\u0131n, tam olarak toparlayam\u0131yor diyor.<\/p>\n<p style=\"text-align: justify;\">H\u00fck\u00fcmetin yapt\u0131klar\u0131n\u0131 dikkatle izliyor. Halk bunlar\u0131 anl\u0131yor diyor.<\/p>\n<p style=\"text-align: justify;\">Hilmi&#8217;ye (\u00d6zk\u00f6k) bozuk&#8230; Yan\u0131tla konu\u015fmu\u015f. \u015eemdinli&#8217;nin sadece ona y\u00f6nelik oldu\u011funu d\u00fc\u015f\u00fcn\u00fcyor. Bu i\u015fi 45 g\u00fcn \u00f6nceden bitirmek ve kesinlikle bunlar\u0131n eline b\u0131rakmamak gerek. Bu y\u00fczden 45 g\u00fcnden \u00f6nce istifa etmeli ve yerine atamay\u0131 hemen yapmal\u0131. Y\u0131ll\u0131k toplant\u0131ya Ya\u015far (B\u00fcy\u00fckan\u0131t) ba\u015fta kat\u0131lmal\u0131. Bunu kendisine dedim, o da tamam bir plan yapal\u0131m dedi. E\u015fim e\u015fyalar\u0131 g\u00f6t\u00fcrmeye ba\u015flad\u0131&#8230; Bir b\u00f6l\u00fcm\u00fcn\u00fc yerle\u015ftiriyor. Hemen bunu bitirelim istiyorum. Bana, Ya\u015far&#8217;\u0131 istemediklerini s\u00f6yledi. Ben &#8216;Niye bunu zaman\u0131nda bana demedin&#8217; dedim, &#8216;Demedim mi&#8217; dedi. Adamlar bu noktaya gelmesini istemediklerini, bir \u00fcst noktaya \u00e7\u0131kart\u0131r m\u0131? Ba\u015fba\u015fa g\u00f6r\u00fc\u015ft\u00fcler. Ba\u015fbakan a\u00e7\u0131klama yapt\u0131 ama ben hi\u00e7birine inanm\u0131yorum. E\u011fer g\u00f6rev uzat\u0131m\u0131 gibi bir \u015fey olursa benim ne diyece\u011fimi biliyorlar.<\/p>\n<p style=\"text-align: justify;\">B\u00f6yle bir durumda ordu alt\u00fcst olur. Ya\u015far olmazsa yerine gelen bunlar\u0131n adam\u0131ym\u0131\u015f gibi mauamele g\u00f6r\u00fcr. Hilmi CB olursa ordu daha da kar\u0131\u015f\u0131r..<\/p>\n<p style=\"text-align: justify;\"><strong>\u00d6zk\u00f6k istifas\u0131n\u0131 istemedi B\u00fcy\u00fckan\u0131t erken atand\u0131<\/strong><\/p>\n<p style=\"text-align: justify;\">(VATAN&#8217;\u0131n notu: 2006&#8217;da Hilmi \u00d6zk\u00f6k&#8217;\u00fcn g\u00f6rev s\u00fcresinin dolmas\u0131 nedeniyle Genelkurmay Ba\u015fkan\u0131&#8217;n\u0131n de\u011fi\u015fecek olmas\u0131 gergin bir s\u00fcre\u00e7 ba\u015flatt\u0131. \u015eemdinli olaylar\u0131n\u0131n da etkisiyle B\u00fcy\u00fckan\u0131t&#8217;\u0131n Genelkurmay Ba\u015fkan\u0131 olmayaca\u011f\u0131 yolundaki s\u00f6ylentiler yayg\u0131nla\u015f\u0131nca, Hilmi \u00d6zk\u00f6k&#8217;\u00fcn 45 g\u00fcn \u00f6nceden istifa etmesi ve yerine B\u00fcy\u00fckan\u0131t&#8217;\u0131n atanmas\u0131 g\u00fcndeme geldi. \u00d6zk\u00f6k, Ba\u015fbakan Erdo\u011fan ile 6 Mart 2006&#8217;da g\u00f6r\u00fc\u015ft\u00fc, B\u00fcy\u00fckan\u0131t ve onun nezdinde TSK&#8217;n\u0131n y\u0131prat\u0131lmas\u0131n\u0131n \u00f6n\u00fcne ge\u00e7mek amac\u0131yla istifaya haz\u0131r oldu\u011funu s\u00f6yledi. Ancak Ba\u015fbakan istifa form\u00fcl\u00fcne onay vermedi. Bu g\u00f6r\u00fc\u015fmenin ard\u0131ndan h\u00fck\u00fcmet bir ilki ger\u00e7ekle\u015ftirerek, Genelkurmay Ba\u015fkanl\u0131\u011f\u0131&#8217;na atamay\u0131 YA\u015e toplant\u0131s\u0131ndan bir g\u00fcn \u00f6nce yapt\u0131.)<\/p>\n<p style=\"text-align: justify;\"><img loading=\"lazy\" decoding=\"async\" class=\"aligncenter\" src=\"http:\/\/foto.gazetevatan.com\/newpics\/news\/200320090427224577404_3.jpg\" alt=\"\" width=\"280\" height=\"260\" \/><\/p>\n<p style=\"text-align: justify;\"><span style=\"color: #888888;\">Kaynak : Vatan Gazetesi<\/span><\/p>\n<p style=\"text-align: justify;\">\n","protected":false},"excerpt":{"rendered":"<p style=\"text-align: right;\">\n<p style=\"text-align: justify;\">Balbay&#8217;a atfedilen g\u00fcnl\u00fckte Sezer&#8217;in g\u00f6r\u00fc\u015fleri anlat\u0131l\u0131yor<\/p>\n<p style=\"text-align: justify;\">Balbay&#8217;a atfedilen g\u00fcnl\u00fckte, B\u00fcy\u00fckan\u0131t&#8217;\u0131n G.Kurmay Ba\u015fkanl\u0131\u011f\u0131&#8217;na atanma s\u00fcreciyle ilgili olarak Sezer&#8217;in g\u00f6r\u00fc\u015fleri \u015f\u00f6yle anlat\u0131l\u0131yor:<\/p>\n<p style=\"text-align: justify;\">&#8220;Hilmi&#8217;ye (\u00d6zk\u00f6k) bozuk&#8230; Y.an\u0131t&#8217;la (Ya\u015far B\u00fcy\u00fckan\u0131t) konu\u015fmu\u015f. Bu i\u015fi 45 g\u00fcn \u00f6nceden bitirmek ve kesinlikle bunlar\u0131n eline b\u0131rakmamak gerek. Bu y\u00fczden 45 g\u00fcnden \u00f6nce istifa etmeli <\/p>\n","protected":false},"author":1,"featured_media":0,"comment_status":"open","ping_status":"closed","sticky":false,"template":"","format":"standard","meta":{"footnotes":""},"categories":[105],"tags":[],"class_list":["post-5838","post","type-post","status-publish","format-standard","hentry","category-gundem","odd"],"_links":{"self":[{"href":"http:\/\/www.korhanyilmaz.com\/index.php?rest_route=\/wp\/v2\/posts\/5838","targetHints":{"allow":["GET"]}}],"collection":[{"href":"http:\/\/www.korhanyilmaz.com\/index.php?rest_route=\/wp\/v2\/posts"}],"about":[{"href":"http:\/\/www.korhanyilmaz.com\/index.php?rest_route=\/wp\/v2\/types\/post"}],"author":[{"embeddable":true,"href":"http:\/\/www.korhanyilmaz.com\/index.php?rest_route=\/wp\/v2\/users\/1"}],"replies":[{"embeddable":true,"href":"http:\/\/www.korhanyilmaz.com\/index.php?rest_route=%2Fwp%2Fv2%2Fcomments&post=5838"}],"version-history":[{"count":0,"href":"http:\/\/www.korhanyilmaz.com\/index.php?rest_route=\/wp\/v2\/posts\/5838\/revisions"}],"wp:attachment":[{"href":"http:\/\/www.korhanyilmaz.com\/index.php?rest_route=%2Fwp%2Fv2%2Fmedia&parent=5838"}],"wp:term":[{"taxonomy":"category","embeddable":true,"href":"http:\/\/www.korhanyilmaz.com\/index.php?rest_route=%2Fwp%2Fv2%2Fcategories&post=5838"},{"taxonomy":"post_tag","embeddable":true,"href":"http:\/\/www.korhanyilmaz.com\/index.php?rest_route=%2Fwp%2Fv2%2Ftags&post=5838"}],"curies":[{"name":"wp","href":"https:\/\/api.w.org\/{rel}","templated":true}]}}