{"id":5834,"date":"2009-03-19T18:50:57","date_gmt":"2009-03-19T16:50:57","guid":{"rendered":"http:\/\/www.korhanyilmaz.com\/?p=5834"},"modified":"2009-03-19T18:50:57","modified_gmt":"2009-03-19T16:50:57","slug":"gozumun-icine-baka-baka-yalan-soylediler","status":"publish","type":"post","link":"http:\/\/www.korhanyilmaz.com\/?p=5834","title":{"rendered":"G\u00f6z\u00fcm\u00fcn i\u00e7ine baka baka yalan s\u00f6ylediler"},"content":{"rendered":"<p style=\"text-align: center;\"><img loading=\"lazy\" decoding=\"async\" class=\"aligncenter size-full wp-image-5835\" title=\"G\u00f6z\u00fcm\u00fcn i\u00e7ine baka baka yalan s\u00f6ylediler \" src=\"http:\/\/www.korhanyilmaz.com\/wp-content\/uploads\/2009\/03\/2009-03-18_1336361.jpg\" alt=\"G\u00f6z\u00fcm\u00fcn i\u00e7ine baka baka yalan s\u00f6ylediler \" width=\"376\" height=\"240\" \/><\/p>\n<p style=\"text-align: justify;\"><strong>Cumhuriyet yazarlar\u0131na &#8220;Sisteme g\u00fcvenin, toplumdan \u00e7\u0131kmal\u0131 her \u015fey, ordudan de\u011fil&#8221; uyar\u0131s\u0131nda bulunan Sezer, ya\u015fad\u0131\u011f\u0131 bir olay\u0131 da aktar\u0131yor&#8230;<\/strong><\/p>\n<p style=\"text-align: justify;\">Gazeteci Mustafa Balbay&#8217;a ait oldu\u011fu iddia edilen g\u00fcnl\u00fcklerde eski Cumhurba\u015fkan\u0131 Ahmet Necdet Sezer&#8217;e ili\u015fkin baz\u0131 b\u00f6l\u00fcmler de ortaya \u00e7\u0131kt\u0131. G\u00fcnl\u00fc\u011fe g\u00f6re Sezer, \u0130lhan Sel\u00e7uk ve arkada\u015flar\u0131na &#8220;Her \u015feye ra\u011fmen parlamenter sistemden umut kesmemek gerek. O g\u00fcvendi\u011finiz yerlere de g\u00fcvenmeyin. Toplumdan \u00e7\u0131kmal\u0131 her \u015fey&#8221; diyor<\/p>\n<p style=\"text-align: justify;\">Tempo24 haber sitesi, Ergenekon soru\u015fturmas\u0131 kapsam\u0131nda tutuklanan Cumhuriyet Gazetesi Ankara Temsilcisi Mustafa Balbay&#8217;a atfedilen g\u00fcnl\u00fcklerin 10&#8217;uncu Cumhurba\u015fkan\u0131 Necdet Sezer&#8217;e ili\u015fkin baz\u0131 b\u00f6l\u00fcmlerini de yay\u0131nlad\u0131. \u0130\u015fte g\u00fcnl\u00fckteki Sezer&#8217;le ilgili b\u00f6l\u00fcmler&#8230;<!--more--><\/p>\n<p style=\"text-align: justify;\"><strong>\u0130lhan Sel\u00e7uk: Bu parlamento fa\u015fizm getirir <\/strong><\/p>\n<p style=\"text-align: justify;\"><strong>10 Eyl\u00fcl Sal\u0131, saat 14.30 Cumhurba\u015fkan\u0131 ile g\u00f6r\u00fc\u015fme&#8230;<\/strong><\/p>\n<p style=\"text-align: justify;\">Tam 14.30&#8217;da kabul etti. Planlanan yar\u0131m saatti. Ucu a\u00e7\u0131k b\u0131rak\u0131ld\u0131\u011f\u0131 i\u00e7in 80 dakika s\u00fcrd\u00fc. Daha ba\u015flang\u0131\u00e7ta, &#8216;\u0130lhan Bey, b\u00f6yle yaz\u0131l\u0131 randevu ba\u015fvurular\u0131na gerek yok. Siz Ankara&#8217;ya gelince haber verin, mutlaka zaman ay\u0131r\u0131r\u0131z&#8217; dedi.<\/p>\n<p style=\"text-align: justify;\"><strong>\u0130S-(\u0130lhan Sel\u00e7uk)<\/strong> Size medya d\u00fcnyas\u0131nda olup bitenleri anlatal\u0131m diye geldik. Yeni bir da\u011f\u0131t\u0131m \u015firketi kuruldu. Turgay Ciner, Karamehmet, kendilerini savunmak i\u00e7in bu sekt\u00f6re girdi. Ba\u015far\u0131 kazanacaklar. Biz de onlarla ayn\u0131 cephede olduk.<\/p>\n<p style=\"text-align: justify;\"><strong>ANS- (Ahmet Necdet Sezer)<\/strong> Tekel&#8217;in k\u0131r\u0131lmas\u0131 iyi olur. B\u00f6yle \u015fey olmaz.<\/p>\n<p style=\"text-align: justify;\">\u0130S- Tabii bas\u0131n 4. g\u00fc\u00e7. D\u00fczenli olmal\u0131<\/p>\n<p style=\"text-align: justify;\">ASN- Valla \u0130lhan Bey birinci g\u00fc\u00e7. O hale geldi. Ama g\u00fcvenilirli\u011fi kalmad\u0131. Ben bana gelen tepkilerden biliyorum. \u0130nan\u0131n toplum her \u015feyin fark\u0131nda.<\/p>\n<p style=\"text-align: justify;\">\u0130S- Burada Sabah&#8217;\u0131n ya\u015famas\u0131 i\u00e7in, Karamehmet i\u00e7in \u00f6nemli olan BDDK&#8217;n\u0131n \u00e7al\u0131\u015fma bi\u00e7imi. E\u011fer, ver param\u0131 diye bo\u011farsa, bu i\u015f tutmaz. K\u00f6t\u00fc olur. Orada \u00e7al\u0131\u015fanlar da. E\u011fer \u00f6yle yapmaz da \u015fans tan\u0131rsa, o zaman i\u015f de\u011fi\u015fir.<\/p>\n<p style=\"text-align: justify;\">ANS- Benim yapabilece\u011fim bir \u015fey varsa, s\u00f6yleyin..<\/p>\n<p style=\"text-align: justify;\">\u0130S- Yok, siz en \u00fcst katlarda bir ki\u015fi olarak geli\u015fmeleri izliyorsunuz, izleyin yeter. Sizi bilgilendirmeye geldik<\/p>\n<p style=\"text-align: justify;\">\u0130S- Se\u00e7imleri nas\u0131l g\u00f6r\u00fcyorsunuz?<\/p>\n<p style=\"text-align: justify;\">ANS- Yap\u0131lmal\u0131. Art\u0131k geri d\u00f6n\u00fc\u015f olmaz. Ben er ge\u00e7 topun bana gelece\u011fini tahmin ediyordum ama, bu kadar erken gelece\u011fini tahmin etmiyordum.<\/p>\n<p style=\"text-align: justify;\"><strong>Se\u00e7im istemiyorum, herkes ampul<br \/>\npartisine \u00e7al\u0131\u015f\u0131yor<\/strong>\n<\/p>\n<p style=\"text-align: justify;\">\u0130S- Ben se\u00e7imi istemiyorum. Herkes Ampul Partisi&#8217;ne \u00e7al\u0131\u015f\u0131yor. B\u00f6yle \u015fey olur mu?<\/p>\n<p style=\"text-align: justify;\">ANS- Ama se\u00e7imin olmamas\u0131 daha zararl\u0131 olur. \u0130leride in\u015fallah, demokrasi mi laiklik mi ikileminde kalmay\u0131z..<\/p>\n<p style=\"text-align: justify;\">\u0130S- Bu parlamento \u00fclkeye fa\u015fizmi getirir.<\/p>\n<p style=\"text-align: justify;\">ANS- Her \u015feye ra\u011fmen parlamenter sistemden umudu yitirmemek gerekiyor. Laiklik konusu \u00e7ok \u00f6nemli. Bu imam hatiplere k\u0131zlar\u0131n al\u0131nmamas\u0131 olay\u0131n\u0131 hala \u00e7\u00f6zemediler. Ben bunu yasayla halledin dedim, yapam\u0131yorlar. \u00c7ekiniyorlar. K\u0131zlar\u0131n imam hatibe girmesini y\u0131llar \u00f6nce bir velinin Dan\u0131\u015ftay&#8217;a ba\u015fvurmas\u0131yla sa\u011flam\u0131\u015flar..<\/p>\n<p style=\"text-align: justify;\">(Yaz\u0131da y\u0131l belirtilmedi\u011fi i\u00e7in takvim \u00fczerinde yap\u0131lan incelemede 10 Eyl\u00fcl&#8217;\u00fcn 2002 y\u0131l\u0131nda Sal\u0131 g\u00fcn\u00fcne rast geldi\u011fi ve bu nedenle g\u00f6r\u00fc\u015fmenin &#8220;10 Eyl\u00fcl 2002&#8221; tarihinde yap\u0131ld\u0131\u011f\u0131, sohbette Mustafa Balbay ile birlikte \u0130lhan Sel\u00e7uk&#8217;un da bulundu\u011fu anla\u015f\u0131l\u0131yor. A\u00e7\u0131k kaynaklarda yap\u0131lan ara\u015ft\u0131rma ve incelemenin genelinden de &#8216;Karamehmet&#8217;in \u00c7ukurova Holding Ba\u015fkan\u0131 Mehmet Emin Karamehmet, ANS&#8217;nin ise d\u00f6nemin Cumhurba\u015fkan\u0131 Ahmet Necdet Sezer oldu\u011fu de\u011ferlendiriliyor&#8230;)<\/p>\n<p style=\"text-align: justify;\"><strong>Sezer: Bana do\u011fru s\u00f6ylemedi<\/strong><\/p>\n<p style=\"text-align: justify;\"><strong>11.7.2005 Pazartesi saat 16.3<\/strong><\/p>\n<p style=\"text-align: justify;\">\u00c7ankaya k\u00f6\u015fk\u00fc&#8230; Belki 10&#8217;uncu geli\u015fimiz.<\/p>\n<p style=\"text-align: justify;\">&#8211; Bu kez b\u00fcy\u00fckel\u00e7ilerin g\u00fcven mektubunu sundu\u011fu salon. S\u0131rt\u0131nda s\u0131rtl\u0131k, f\u0131t\u0131k nedeniyle oturmakta zorlan\u0131yor&#8230;<\/p>\n<p style=\"text-align: justify;\">&#8211; B\u0131kt\u0131m, yoruldum&#8230; \u0130nan\u0131n se\u00e7me hakk\u0131m olsa bir g\u00fcn bile durmam. Ama g\u00f6rev. \u015eimdi gitsem vatan hainli\u011fi gibi bir\u015fey olur. (2001&#8217;de mi neydi, k\u00f6\u015fkte g\u00f6revli askere sormu\u015f, ka\u00e7 g\u00fcn kald\u0131 diye. S\u00f6yleyince benim senden \u00e7ok g\u00fcn\u00fcm var, demi\u015f.)<\/p>\n<p style=\"text-align: justify;\">&#8211; Bu kadar ikiy\u00fczl\u00fcl\u00fck, yalanc\u0131l\u0131k dayan\u0131l\u0131r gibi de\u011fil. Adam y\u00fcz\u00fcne baka baka yalan s\u00f6yl\u00fcyor. \u0130nan\u0131n normal hayatta telefonuna \u00e7\u0131kmayaca\u011f\u0131m ki\u015filerle, yani siyaset\u00e7ilerle \u015furada oturmak zorunda kal\u0131yorum<\/p>\n<p style=\"text-align: justify;\">&#8211; Son Milli G\u00fcvenlik Siyaset Belgesi. \u0130kisi kararla\u015ft\u0131rm\u0131\u015f. Genelde toplant\u0131dan \u00f6nce bir 10 dakika konu\u015furuz. Bu kez onu da yapmad\u0131m, do\u011frudan toplant\u0131ya ge\u00e7ecektim, ikisi birlikte geldi, (Erdo\u011fan-\u00d6zk\u00f6k) &#8216;Haz\u0131rl\u0131k yapamad\u0131k, bunu sonraki toplant\u0131ya erteleyelim&#8217; dediler. Ben de olur dedim. Salona ge\u00e7ince de s\u00f6yledim. Adam (Vecdi G\u00f6n\u00fcl) bunu durumu bile bile, cumhurbakan\u0131n\u0131n erteletti\u011fini s\u00f6yl\u00fcyor. Yalan s\u00f6yl\u00fcyor. Nas\u0131l ba\u015fa \u00e7\u0131kars\u0131n bunlarla?<\/p>\n<p style=\"text-align: justify;\">&#8211; Anayasa Mahkemesi&#8217;ne benden sonrakinin g\u00f6rev s\u00fcresi boyunca g\u00f6rev yapacak iki isim ar\u0131yorum. \u015e\u00f6yle gen\u00e7 olsun, biraz uzun g\u00f6rev yaps\u0131n istiyorum. B\u00fct\u00fcn derdim o. Bu gidi\u015fle mahkemenin ba\u015fkan\u0131n\u0131 se\u00e7emezler. \u00d6zdemir \u00d6zok, asl\u0131nda olacakt\u0131. Parti \u00fcyeli\u011fi de sorun de\u011fil. Ama o olur mu olmaz, bu olur mu olmaz, siyasi, delege gibi bir listeleme oldu. Sen olur musun dedik, ben parti \u00fcyesiyim demedi. Yan\u0131 do\u011fru s\u00f6ylemedi. Ondan ben istifas\u0131n\u0131 istedim.<\/p>\n<p style=\"text-align: justify;\">&#8211; Talat, gelmi\u015f bana emrivakiyle g\u00f6r\u00fc\u015ft\u00fcrme istediler. Ben de reddettim. Sermet Bey&#8217;e, bir de biz temas kursak demi\u015f bakan, yarar\u0131 olmaz demi\u015f. Talat, bir \u015fey yapt\u0131 benimle g\u00f6r\u00fc\u015ft\u00fcr\u00fcp bana da bula\u015ft\u0131racaklar. Bunlar b\u00f6yle. Nitekim \u00e7\u0131kt\u0131. Mara\u015f&#8217;\u0131 verelim demi\u015f. Bunu Erdo\u011fan&#8217;a sordum, &#8216;Haberim yok, eskidir&#8217; dedi. Bakt\u0131rd\u0131m eski de\u011fil, i\u015fte y\u00fcz\u00fcme baka baka yalan s\u00f6yl\u00fcyor.<\/p>\n<p style=\"text-align: justify;\">&#8211; Ben o hakimlerin se\u00e7imini \u00f6yle yapt\u0131rtmam. Mutlaka, Hakimler Savc\u0131lar Y\u00fcksek Kurulunun m\u00fclakat\u0131 yapmas\u0131 gerekiyor. \u00d6yle olmaz&#8230;<\/p>\n<p style=\"text-align: justify;\">Balbay&#8217;\u0131n \u00f6nerisi: K\u0131z\u0131lay&#8217;da toplan\u0131lsa, siz de kat\u0131lsan\u0131z&#8230;<\/p>\n<p style=\"text-align: justify;\">&#8211; Lozan&#8217;la ilgili d\u00fczenlemeler iyi. Onlar Lozan&#8217;a gidiyor, &#8216;Siz gidin buray\u0131 ben bekleyeyim&#8217; dedim. (Ben araya girip &#8217;29 Ekim&#8217;de K\u0131z\u0131lay&#8217;da toplan\u0131lsa, siz de kat\u0131lsan\u0131z diyorlar&#8217; dedim) g\u00fcld\u00fc &#8216;Olabilir&#8217; dedi&#8230;<\/p>\n<p style=\"text-align: justify;\">&#8211; \u00d6mer D\u0130in\u00e7er orada duramaz. \u015eu intihal kesinle\u015fip, titrini kaybederse, kesin duramaz.<\/p>\n<p style=\"text-align: justify;\">&#8211; Y\u00d6K Ba\u015fkan\u0131 sormay\u0131n durup dururken niye kurcal\u0131yor&#8230; Yapma dedim, yoksa de\u011fi\u015ftirecekti katsay\u0131y\u0131, dinledi, tamam dedi&#8230; Sen atay\u0131nca sorumlu hissediyorsun. \u00dcniversiteler \u00fczerinde titriyorum.<\/p>\n<p style=\"text-align: justify;\"><strong>&#8216;O yerlere g\u00fcvenmeyin&#8217;<\/strong><\/p>\n<p style=\"text-align: justify;\">&#8211; Toplumdan \u00e7\u0131kmal\u0131 bir \u015fey&#8230; O g\u00fcvendi\u011finiz yerlere de g\u00fcvenmeyin (san\u0131r\u0131m askerleri kast ederek).<\/p>\n<p style=\"text-align: justify;\">&#8211; CHP, 3 k\u0131yt\u0131r\u0131k afedersin RT\u00dcK \u00fcyeli\u011fine i\u015fbirli\u011fi yapt\u0131.<\/p>\n<p style=\"text-align: justify;\">&#8211; Bundan sonraki iktidar tek maddelik bir yasa \u00e7\u0131karmal\u0131 AKP d\u00f6neminde yap\u0131lan b\u00fct\u00fcn atamalar iptal edilmi\u015ftir.<\/p>\n<p style=\"text-align: justify;\"><strong>Sezer&#8217;e tavsiye:  Anlad\u0131klar\u0131 dilden konu\u015fun<\/strong><\/p>\n<p style=\"text-align: justify;\"><strong>19 Aral\u0131k Cuma g\u00fcn\u00fc saat 15.00&#8217;de K\u00f6\u015fke gidi\u015f&#8230; <\/strong><\/p>\n<p style=\"text-align: justify;\">Bu kez 5 nolu kap\u0131n\u0131n hemen kar\u015f\u0131s\u0131ndaki giri\u015ften girdik, avizeli b\u00fcy\u00fck salondan k\u00fc\u00e7\u00fck bekleme salonuna ge\u00e7tik. Belki 10&#8217;uncu kezdir geliyorum buraya. En \u00e7ok Sezer d\u00f6nemi. 3-4 kez Demirel d\u00f6neminde gelmi\u015ftim. Duvarlardaki resimler de\u011fi\u015fmi\u015f. Atat\u00fcrk sigara i\u00e7erken, beyaz pantolon, \u015f\u0131k tak\u0131m bir duvarda. \u00d6tekinde T\u00fcrkiye haritas\u0131.<\/p>\n<p style=\"text-align: justify;\"><strong>Sezer&#8217;in beli \u00e7ok a\u011fr\u0131yor&#8230;<\/strong><\/p>\n<p style=\"text-align: justify;\">G\u00f6r\u00fc\u015fmede \u00f6nce sa\u011fl\u0131k konu\u015fuldu. 10 dakika kadar. Bel f\u0131t\u0131\u011f\u0131&#8230; Doktorlar 2 y\u0131l \u00f6nce, kar\u0131n kaslar\u0131n\u0131n g\u00fc\u00e7s\u00fcz oldu\u011funu, bu y\u00fczden t\u00fcm a\u011f\u0131rl\u0131\u011f\u0131 belinin \u00e7ekti\u011fini kendi aralar\u0131nda konu\u015fup &#8216;Bel f\u0131t\u0131\u011f\u0131 olabilir&#8217; demi\u015fler. 29 Ekim ve 10 Kas\u0131m d\u00f6neminde \u00e7ok k\u00f6t\u00fcym\u00fc\u015f. Doktorlar &#8216;\u00c7\u0131kma, birka\u00e7 ad\u0131mdan fazla atmaman gerekir&#8217; demi\u015fler ama o &#8216;\u00d6lsem \u00e7\u0131kmam gerekir. Bu iki g\u00fcn \u00e7ok \u00f6nemli&#8217; demi\u015f. \u0130la\u00e7la iyile\u015febilece\u011fi bir s\u00fcre\u00e7teymi\u015f. Konya \u015feyi, aruza bu y\u00fczden gidememi\u015f&#8230;<\/p>\n<p style=\"text-align: justify;\">Medya: Ben size s\u00f6ylemi\u015ftim Say\u0131n Sel\u00e7uk, tart\u0131\u015fma daha da h\u0131zlanacak diye. Bak\u0131n \u00f6yle oldu. Bence daha da h\u0131zlanacak. Ac\u0131mas\u0131zla\u015facak. Bu medyayla do\u011fru d\u00fcr\u00fcst konular tart\u0131\u015f\u0131lamaz.<\/p>\n<p style=\"text-align: justify;\">H\u00fck\u00fcmet: ben gerekli uyar\u0131y\u0131 yap\u0131yorum. Ama bak\u0131yorum yetersiz kal\u0131yor. Bakanlar geldi\u011finde tek tek konu\u015fuyoruz yine \u00f6yle.<\/p>\n<p style=\"text-align: justify;\">-Yapt\u0131klar\u0131 rejimi tehlikeye sokuyor. Bunu s\u00f6yl\u00fcyor musunuz?<\/p>\n<p style=\"text-align: justify;\">-S\u00f6yl\u00fcyorum ama, anlam\u0131yorlar.<\/p>\n<p style=\"text-align: justify;\">-Anlayacaklar\u0131 \u015fekilde s\u00f6ylemeli belki&#8230;<\/p>\n<p style=\"text-align: justify;\">-Evet gerekirse daha uygun dille s\u00f6ylenebilir. \u0130\u015fte bu d\u00f6nemi en az hasarla atlatmak laz\u0131m. En \u00f6nemlisi bu bence. \u00c7ok zarar vermekte olduklar\u0131 kesin. Ama bunlar\u0131 bi\u00e7tiniz mi alttan daha g\u00fc\u00e7l\u00fc geliyorlar. Ge\u00e7mi\u015fte de b\u00f6yle oldu. O y\u00fczden halk bunlar\u0131 bir g\u00f6rs\u00fcn. Bunu beklemek laz\u0131m. Ekonomi iyi diyorlar ya asl\u0131nda \u00f6yle de\u011fil. Ben konu\u015fuyorum. Alt d\u00fczey esnafa yans\u0131yan olumlu bir \u015fey yok asl\u0131nda.<\/p>\n<p style=\"text-align: justify;\">-Askeri tedirgin g\u00f6rd\u00fck.<\/p>\n<p style=\"text-align: justify;\">-Evet \u00f6yle.. Huzursuzlar. T\u00fcm\u00fc huzursuz&#8230; Hep s\u00f6yl\u00fcyorum bunlar\u0131 halk g\u00f6rmeli. Bunlar y\u0131pranmadan yap\u0131lacak bir \u015fey sonu\u00e7 vermez. \u0130stenen sonucu vermez.<\/p>\n<p style=\"text-align: justify;\">(Di\u011fer notlar g\u00f6z \u00f6n\u00fcne al\u0131nd\u0131\u011f\u0131nda ve takvim \u00fczerinde yap\u0131lan ara\u015ft\u0131rmada 19.12.2003 tarihinin Cuma g\u00fcn\u00fcne rastlad\u0131\u011f\u0131 anla\u015f\u0131l\u0131yor. A\u00e7\u0131k kaynaklarda yap\u0131lan ara\u015ft\u0131rma ve incelmenin genelinden s\u00f6z konusu g\u00f6r\u00fc\u015fmeye kat\u0131ld\u0131\u011f\u0131 anla\u015f\u0131lan &#8216;Sel\u00e7uk&#8217; isimli \u015fahs\u0131n Cumhuriyet Gazetesi imtiyaz sahibi \u0130lhan Sel\u00e7uk oldu\u011fu de\u011ferlendiriliyor. Ayr\u0131ca a\u00e7\u0131k kaynaklarda yap\u0131lan ara\u015ft\u0131rmada 19 Aral\u0131k 2003 tarihinde Cumhurba\u015fkanl\u0131\u011f\u0131 D\u0131\u015fi\u015fleri Dan\u0131\u015fman\u0131 ve \u00d6zel Kalem M\u00fcd\u00fcr\u00fc Sermet Atacanl\u0131&#8217;n\u0131n, Cumhurba\u015fkan\u0131 Ahmet Necdet Sezer&#8217;in Aliyev&#8217;in cenaze t\u00f6renine kat\u0131lmamas\u0131, bel rahats\u0131zl\u0131\u011f\u0131 nedeniyle dinlenmesini gerekti\u011fini o nedenle \u015eeb -i Aruz t\u00f6renine kat\u0131lmad\u0131\u011f\u0131n\u0131 s\u00f6yledi\u011fi g\u00f6r\u00fcl\u00fcyor.)<\/p>\n<p style=\"text-align: justify;\"><strong>&#8216;Ne gerek var nezakete, Recep&#8217;e \u00f6yle olmaz de&#8217;<\/strong><\/p>\n<p style=\"text-align: justify;\">&#8211; 4 May\u0131s (2006) Per\u015fembe 10.30&#8217;da.. Rekor g\u00f6r\u00fc\u015fme 105 dakika.. Temel konular ayn\u0131&#8230; Sa\u011fl\u0131\u011f\u0131nda genel d\u00fczelme var ama \u00e7ok ila\u00e7 kullan\u0131yor. 3 kez konu g\u00fcndeme geldi. Birincisinde &#8216;O tamam&#8217; dedi kesin ifadeyle bitirdi. \u0130kincisinde, 45 g\u00fcnde bunu bitirmenin \u015fart oldu\u011funu s\u00f6yledi. Tek korkusunun, son anda \u015fu geziyi de yapay\u0131p, bunu da yapay\u0131m, demesi oldu\u011funu s\u00f6yledi. Zaten ge\u00e7en A\u011fustosta biraz yoruldun diye ima etti\u011fini s\u00f6yledi. Gelinen noktada onun sorumlulu\u011fu var. De\u011fil ka\u015f\u0131n\u0131 \u00e7atmak, surat\u0131n\u0131 assa yeterdi dedi. Mesafeyi \u00e7ok kapatt\u0131lar. Bu kadar kapal\u0131 mesafe bundan sonra nas\u0131l a\u00e7\u0131l\u0131r, zor. Endi\u015felerim var. Yeni bir plan yapamazlar da acaba insan yeni gelenin de nas\u0131l davranaca\u011f\u0131n\u0131 merak ediyor. Onunla da anla\u015ft\u0131lar m\u0131 diye endi\u015fe ediyor. Ta bu mevkiye gelmi\u015fsin, ne gerek var, ola\u011fan\u00fcst\u00fc nezakete. Toplant\u0131da g\u00f6rd\u00fcm, can\u0131m s\u0131k\u0131ld\u0131. Sen o noktaya geldin hem Recep&#8217;e hem kendi \u00fcst\u00fcne, bence \u00f6yle de\u011fil de, \u00f6yle olmaz de&#8230; \u015eemdinli&#8217;de bir tek savc\u0131y\u0131 almak yetmez, ba\u015f\u0131ndakini de almak gerek. Bunlar kendi aralar\u0131nda plan\u0131n\u0131 yapm\u0131\u015f.. Ben o konu\u015fmay\u0131 6 ay \u00f6nce planlam\u0131\u015ft\u0131m. 15 sayfal\u0131k konu\u015fmay\u0131 (\u0130S, size \u00e7ok g\u00f6rev d\u00fc\u015f\u00fcyor diye birka\u00e7 kez s\u00f6yleyince) zaten hep a\u011f\u0131r, kar\u0131\u015f\u0131k dosyalar bana d\u00fc\u015fer dedi.<\/p>\n<p style=\"text-align: justify;\">-Kadrola\u015fma \u00f6yle hal ald\u0131 ki, bazen bir yere verdikleri adam\u0131n, orada bulundu\u011fu yerden daha az zararl\u0131 olaca\u011f\u0131n\u0131 d\u00fc\u015f\u00fcnd\u00fc\u011f\u00fcm i\u00e7in evet diyorum. Bunlar gidiyor. Halk uyan\u0131yor. zor olan\u0131 bu ama, en kal\u0131c\u0131 olan\u0131 bu&#8230; Ahh Baykal toparlayam\u0131yor. G\u00fcven veremiyor. Demirelle olmaz. O ne derse desin ben \u00fclkeden \u00e7ok kendisini d\u00fc\u015f\u00fcnd\u00fc\u011f\u00fc i\u00e7in \u00f6yle dedi\u011fini d\u00fc\u015f\u00fcn\u00fcr\u00fcm. Onun etraf\u0131nda \u00f6teki partilerden gelen olmaz (\u0130Sin tezine yan\u0131t olarak: Her g\u00f6r\u00fc\u015fmede 1 Mart tezkereninin reddinin ne kadar iyi oldu\u011funu s\u00f6yl\u00fcyor. Orada G\u00fcl\u00fcn tela\u015f\u0131.. Ne yapaca\u011f\u0131z diye geli\u015fi&#8230; Bir numaraya sak\u0131n araya toplant\u0131 al\u0131p, bildiri yay\u0131nlamay\u0131 kabul etme deyici.. \u0130randa Ahmedijata k\u0131zg\u0131n. Bush&#8217;un i\u015fine yar\u0131yor. Adam \u00fclkesini ku\u015fatt\u0131r\u0131yor, yaln\u0131zla\u015ft\u0131r\u0131yor. S\u0131k konu\u015fmay\u0131 sevmiyor. A\u011f\u0131rl\u0131\u011f\u0131 kaybolur.<\/p>\n<p style=\"text-align: justify;\"><span style=\"color: #888888;\">Kaynak : Vatan Gazetesi<\/span><\/p>\n","protected":false},"excerpt":{"rendered":"<p style=\"text-align: center;\">\n<p style=\"text-align: justify;\">Cumhuriyet yazarlar\u0131na &#8220;Sisteme g\u00fcvenin, toplumdan \u00e7\u0131kmal\u0131 her \u015fey, ordudan de\u011fil&#8221; uyar\u0131s\u0131nda bulunan Sezer, ya\u015fad\u0131\u011f\u0131 bir olay\u0131 da aktar\u0131yor&#8230;<\/p>\n<p style=\"text-align: justify;\">Gazeteci Mustafa Balbay&#8217;a ait oldu\u011fu iddia edilen g\u00fcnl\u00fcklerde eski Cumhurba\u015fkan\u0131 Ahmet Necdet Sezer&#8217;e ili\u015fkin baz\u0131 b\u00f6l\u00fcmler de ortaya \u00e7\u0131kt\u0131. G\u00fcnl\u00fc\u011fe g\u00f6re Sezer, \u0130lhan Sel\u00e7uk ve arkada\u015flar\u0131na &#8220;Her \u015feye ra\u011fmen parlamenter <\/p>\n","protected":false},"author":1,"featured_media":0,"comment_status":"open","ping_status":"closed","sticky":false,"template":"","format":"standard","meta":{"footnotes":""},"categories":[105],"tags":[],"class_list":["post-5834","post","type-post","status-publish","format-standard","hentry","category-gundem","odd"],"_links":{"self":[{"href":"http:\/\/www.korhanyilmaz.com\/index.php?rest_route=\/wp\/v2\/posts\/5834","targetHints":{"allow":["GET"]}}],"collection":[{"href":"http:\/\/www.korhanyilmaz.com\/index.php?rest_route=\/wp\/v2\/posts"}],"about":[{"href":"http:\/\/www.korhanyilmaz.com\/index.php?rest_route=\/wp\/v2\/types\/post"}],"author":[{"embeddable":true,"href":"http:\/\/www.korhanyilmaz.com\/index.php?rest_route=\/wp\/v2\/users\/1"}],"replies":[{"embeddable":true,"href":"http:\/\/www.korhanyilmaz.com\/index.php?rest_route=%2Fwp%2Fv2%2Fcomments&post=5834"}],"version-history":[{"count":0,"href":"http:\/\/www.korhanyilmaz.com\/index.php?rest_route=\/wp\/v2\/posts\/5834\/revisions"}],"wp:attachment":[{"href":"http:\/\/www.korhanyilmaz.com\/index.php?rest_route=%2Fwp%2Fv2%2Fmedia&parent=5834"}],"wp:term":[{"taxonomy":"category","embeddable":true,"href":"http:\/\/www.korhanyilmaz.com\/index.php?rest_route=%2Fwp%2Fv2%2Fcategories&post=5834"},{"taxonomy":"post_tag","embeddable":true,"href":"http:\/\/www.korhanyilmaz.com\/index.php?rest_route=%2Fwp%2Fv2%2Ftags&post=5834"}],"curies":[{"name":"wp","href":"https:\/\/api.w.org\/{rel}","templated":true}]}}