{"id":5808,"date":"2009-03-20T10:16:00","date_gmt":"2009-03-20T08:16:00","guid":{"rendered":"http:\/\/www.korhanyilmaz.com\/?p=5808"},"modified":"2009-03-20T10:16:00","modified_gmt":"2009-03-20T08:16:00","slug":"sezer-darbeye-karsi-demokrasiyi-isaret-etmis","status":"publish","type":"post","link":"http:\/\/www.korhanyilmaz.com\/?p=5808","title":{"rendered":"Sezer darbeye kar\u015f\u0131 demokrasiyi i\u015faret etmi\u015f"},"content":{"rendered":"<p><img loading=\"lazy\" decoding=\"async\" class=\"aligncenter size-full wp-image-5809\" title=\"Sezer darbeye kar\u015f\u0131 demokrasiyi i\u015faret etmi\u015f\" src=\"http:\/\/www.korhanyilmaz.com\/wp-content\/uploads\/2009\/03\/fft27_mf140620.jpeg\" alt=\"Sezer darbeye kar\u015f\u0131 demokrasiyi i\u015faret etmi\u015f\" width=\"322\" height=\"97\" \/><\/p>\n<p style=\"text-align: justify;\"><strong>Ergenekon soru\u015fturmas\u0131 kapsam\u0131nda tutuklu bulunan Cumhuriyet Gazetesi Ankara Temsilcisi Mustafa Balbay&#8217;a ait oldu\u011fu \u00f6ne s\u00fcr\u00fclen g\u00fcnl\u00fcklerde 10. Cumhurba\u015fkan\u0131 Ahmet Necdet Sezer&#8217;e ait notlar ortaya \u00e7\u0131kt\u0131.<\/strong><\/p>\n<p style=\"text-align: justify;\">\nTempo24 adl\u0131 sitenin yay\u0131mlad\u0131\u011f\u0131 notlara g\u00f6re, Sezer ile Balbay ve Cumhuriyet Gazetesi \u0130mtiyaz Sahibi ve Yay\u0131n Kurulu Ba\u015fkan\u0131 \u0130lhan Sel\u00e7uk&#8217;un g\u00f6r\u00fc\u015fmeleri var. Sezer bu g\u00f6r\u00fc\u015fmelerin birinde, askerleri kastederek, &#8220;O g\u00fcvendi\u011finiz yerlere g\u00fcvenmeyin, toplumdan \u00e7\u0131kmal\u0131 her \u015fey&#8221; diyor.<br \/>\nG\u00fcnl\u00fcklerde 2002 y\u0131l\u0131na dair oldu\u011fu san\u0131lan, Cumhuriyet Y\u00f6neticileri ile Sezer aras\u0131ndaki diyaloglara ili\u015fkin notlardan biri de \u015f\u00f6yle: <!--more--><\/p>\n<p style=\"text-align: justify;\">&#8216;Gelince haber verin yeter&#8217;<br \/>\n&#8220;10 Eyl\u00fcl Sal\u0131 saat 14.30 Cumhurba\u015fkan\u0131 ile g\u00f6r\u00fc\u015fme. Tam 14.30&#8217;da kabul etti. Planlanan yar\u0131m saatti. Ucu a\u00e7\u0131k b\u0131rak\u0131ld\u0131\u011f\u0131 i\u00e7in 80 dakika s\u00fcrd\u00fc. Daha ba\u015flang\u0131\u00e7ta \u0130lhan bey, b\u00f6yle yaz\u0131l\u0131 randevu ba\u015fvurular\u0131na gerek yok. Siz Ankara&#8217;ya gelince haber verin, mutlaka zaman ay\u0131r\u0131r\u0131z&#8217; dedi.<br \/>\n(&#8230;)<br \/>\n<strong>\u0130S<\/strong>&#8211; Se\u00e7imleri nas\u0131l g\u00f6r\u00fcyorsunuz<br \/>\n<strong>ANS<\/strong>&#8211; Yap\u0131lmal\u0131. Art\u0131k geri d\u00f6n\u00fc\u015f olmaz. Ben er ge\u00e7 topun bana gelece\u011fini tahmin ediyordum ama, bu kadar erken gelece\u011fini tahmin etmiyordum.<br \/>\n<strong>\u0130S<\/strong>&#8211; Ben se\u00e7imi istemiyorum. Herkes Ampul Partisine \u00e7al\u0131\u015f\u0131yor. B\u00f6yle \u015fey olur mu?<br \/>\n<strong>ANS<\/strong>&#8211; Ama se\u00e7imin olmamas\u0131 daha zararl\u0131 olur. \u0130leride in\u015faallah, demokrasi mi laiklik mi ikileminde kalmay\u0131z..<br \/>\n<strong>\u0130S<\/strong>&#8211; Bu parlamento \u00fclkeye fa\u015fizmi getirir.<br \/>\n<strong>ANS<\/strong>&#8211; Her \u015feye ra\u011fmen parlamenter sistemden umudu yitirmemek gerekiyor. Laiklik konusu \u00e7ok \u00f6nemli. Bu imam hatiplere k\u0131zlar\u0131n al\u0131nmamas\u0131 olay\u0131n\u0131 h\u00e2l\u00e2 \u00e7\u00f6zemediler. Ben bunu &#8216;yasayla halledin&#8217; dedim, yapam\u0131yorlar. \u00c7ekiniyorlar. K\u0131zlar\u0131n imam hatipe girmesini y\u0131llar \u00f6nce bir velinin Dan\u0131\u015ftay&#8217;a ba\u015fvurmas\u0131yla sa\u011flam\u0131\u015flar..\n<\/p>\n<p style=\"text-align: justify;\"><span style=\"color: #888888;\">Kaynak : Radikal Gazetesi<\/span><\/p>\n","protected":false},"excerpt":{"rendered":"<\/p>\n<p style=\"text-align: justify;\">Ergenekon soru\u015fturmas\u0131 kapsam\u0131nda tutuklu bulunan Cumhuriyet Gazetesi Ankara Temsilcisi Mustafa Balbay&#8217;a ait oldu\u011fu \u00f6ne s\u00fcr\u00fclen g\u00fcnl\u00fcklerde 10. Cumhurba\u015fkan\u0131 Ahmet Necdet Sezer&#8217;e ait notlar ortaya \u00e7\u0131kt\u0131.<\/p>\n<p style=\"text-align: justify;\"> Tempo24 adl\u0131 sitenin yay\u0131mlad\u0131\u011f\u0131 notlara g\u00f6re, Sezer ile Balbay ve Cumhuriyet Gazetesi \u0130mtiyaz Sahibi ve Yay\u0131n Kurulu Ba\u015fkan\u0131 \u0130lhan Sel\u00e7uk&#8217;un g\u00f6r\u00fc\u015fmeleri var. Sezer bu <\/p>\n","protected":false},"author":1,"featured_media":0,"comment_status":"open","ping_status":"closed","sticky":false,"template":"","format":"standard","meta":{"footnotes":""},"categories":[105],"tags":[],"class_list":["post-5808","post","type-post","status-publish","format-standard","hentry","category-gundem","odd"],"_links":{"self":[{"href":"http:\/\/www.korhanyilmaz.com\/index.php?rest_route=\/wp\/v2\/posts\/5808","targetHints":{"allow":["GET"]}}],"collection":[{"href":"http:\/\/www.korhanyilmaz.com\/index.php?rest_route=\/wp\/v2\/posts"}],"about":[{"href":"http:\/\/www.korhanyilmaz.com\/index.php?rest_route=\/wp\/v2\/types\/post"}],"author":[{"embeddable":true,"href":"http:\/\/www.korhanyilmaz.com\/index.php?rest_route=\/wp\/v2\/users\/1"}],"replies":[{"embeddable":true,"href":"http:\/\/www.korhanyilmaz.com\/index.php?rest_route=%2Fwp%2Fv2%2Fcomments&post=5808"}],"version-history":[{"count":0,"href":"http:\/\/www.korhanyilmaz.com\/index.php?rest_route=\/wp\/v2\/posts\/5808\/revisions"}],"wp:attachment":[{"href":"http:\/\/www.korhanyilmaz.com\/index.php?rest_route=%2Fwp%2Fv2%2Fmedia&parent=5808"}],"wp:term":[{"taxonomy":"category","embeddable":true,"href":"http:\/\/www.korhanyilmaz.com\/index.php?rest_route=%2Fwp%2Fv2%2Fcategories&post=5808"},{"taxonomy":"post_tag","embeddable":true,"href":"http:\/\/www.korhanyilmaz.com\/index.php?rest_route=%2Fwp%2Fv2%2Ftags&post=5808"}],"curies":[{"name":"wp","href":"https:\/\/api.w.org\/{rel}","templated":true}]}}