{"id":58042,"date":"2011-10-21T12:32:14","date_gmt":"2011-10-21T09:32:14","guid":{"rendered":"http:\/\/www.korhanyilmaz.com\/?p=58042"},"modified":"2012-12-29T18:26:32","modified_gmt":"2012-12-29T16:26:32","slug":"haksizliga-susan-dilsiz-seytandir","status":"publish","type":"post","link":"http:\/\/www.korhanyilmaz.com\/?p=58042","title":{"rendered":"&#8216;Haks\u0131zl\u0131\u011fa susan dilsiz \u015feytand\u0131r&#8217;"},"content":{"rendered":"<p style=\"text-align: center;\"><a href=\"http:\/\/www.korhanyilmaz.com\/wp-content\/uploads\/2012\/12\/J0489.jpg\"  class=\"lightview\"><img loading=\"lazy\" decoding=\"async\" class=\"aligncenter  wp-image-58043\" src=\"http:\/\/www.korhanyilmaz.com\/wp-content\/uploads\/2012\/12\/J0489.jpg\" alt=\"\" width=\"359\" height=\"240\" \/><\/a><\/p>\n<p style=\"text-align: justify;\">Muhalefeti &#8216;f\u0131rsat\u00e7\u0131l\u0131kla&#8217; su\u00e7layan Erdo\u011fan ter\u00f6re kar\u015f\u0131 herkesi sesini y\u00fckseltmeye \u00e7a\u011f\u0131rd\u0131, &#8220;Haks\u0131zl\u0131k kar\u015f\u0131s\u0131nda susan dilsiz \u015feytand\u0131r&#8221; dedi.<\/p>\n<p style=\"text-align: justify;\">Ba\u015fbakan Recep Tayyip Erdo\u011fan , 24 askerin \u015fehit oldu\u011fu sald\u0131r\u0131n\u0131n ard\u0131ndan muhalefetin tavr\u0131na tepki g\u00f6sterirken, \u201cBDP\u2019nin canileri te\u015fvik etti\u011fini\u201d s\u00f6yledi. Erdo\u011fan, sivil toplum \u00f6rg\u00fctlerine, \u201cSusmak onaylamakt\u0131r. Haks\u0131zl\u0131k kar\u015f\u0131s\u0131nda susan dilsiz \u015feytand\u0131r\u201d diye seslendi.<\/p>\n<p style=\"text-align: justify;\">Ba\u015fbakan d\u00fcn bas\u0131n yay\u0131n kurulu\u015flar\u0131n\u0131n sahipleri ve genel yay\u0131n y\u00f6netmenleriyle bir araya geldikten sonra a\u00e7\u0131klamalarda bulundu, sorular\u0131 cevaplad\u0131.<!--more--><\/p>\n<p style=\"text-align: justify;\">Erdo\u011fan, muhalefetten gelen ele\u015ftirilere \u015fu kar\u015f\u0131l\u0131\u011f\u0131 verdi:<\/p>\n<p style=\"text-align: justify;\">\u201cMuhalefet partilerinin farkl\u0131, alternatif, yap\u0131c\u0131 ve makul \u00e7\u00f6z\u00fcm \u00f6nerileri getirmek, samimi destek vermek yerine ter\u00f6r eylemlerini h\u00fck\u00fcmete sald\u0131r\u0131 i\u00e7in bir f\u0131rsat olarak kulland\u0131klar\u0131na \u015fahit oluyoruz. CHP Genel Ba\u015fkan\u0131, do\u011frudan h\u00fck\u00fcmeti sorumlu tutmak gibi bir kolayc\u0131l\u0131\u011f\u0131n i\u00e7erisine girmi\u015ftir. Dahas\u0131 h\u00fck\u00fcmeti istifaya \u00e7a\u011f\u0131rarak adeta ter\u00f6r \u00f6rg\u00fct\u00fcne paye vermek, cesaretlendirmek gibi yanl\u0131\u015f bir yola girmi\u015ftir. 12 Eyl\u00fcl halkoylamas\u0131n\u0131n sonu\u00e7lar\u0131 ortadayken, 12 Haziran se\u00e7imlerinin \u00fczerinden hen\u00fcz d\u00f6rt ay ge\u00e7mi\u015fken h\u00fck\u00fcmeti istifaya davet etmek, en hafif de\u011fimiyle f\u0131rsat\u00e7\u0131l\u0131kt\u0131r.<\/p>\n<p style=\"text-align: justify;\">MHP , bildik s\u00f6ylemini, tahrik edici ve istismarc\u0131 \u00fcslubunu bir kez daha sergilemi\u015f, yang\u0131na k\u00f6r\u00fckle gitme politikas\u0131n\u0131 tekrar etmi\u015ftir.\u201d<\/p>\n<p style=\"text-align: justify;\">Ba\u015fbakan Erdo\u011fan, BDP\u2019yi ise PKK\u2019yla aras\u0131na \u2018mesafe koymaya\u2019 \u00e7a\u011f\u0131r\u0131rken, \u015funlar\u0131 s\u00f6yledi:<\/p>\n<p style=\"text-align: justify;\"><strong>\u2018BDP canileri te\u015fvik ediyor\u2019<\/strong><\/p>\n<p style=\"text-align: justify;\">\u201cBDP ter\u00f6r \u00f6rg\u00fct\u00fcn\u00fc k\u0131namak, bu kanl\u0131 eylemi \u015fiddetle lanetlemek cesaretini bug\u00fcn de g\u00f6stermemi\u015ftir. \u00dcz\u00fcnt\u00fc duyuyoruz, h\u00fcz\u00fcnl\u00fcy\u00fcz, bu ifadeler&#8230; Kimi aldat\u0131yorsunuz? PKK\u2019ya ter\u00f6r \u00f6rg\u00fct\u00fc diyemeyen bir anlay\u0131\u015f\u0131n kalk\u0131p da bu t\u00fcr ifadelerle kimi aldatmas\u0131 m\u00fcmk\u00fcn? BDP\u2019nin a\u00e7\u0131klamas\u0131, samimiyetten uzak oldu\u011fu kadar \u00f6lmeye ve \u00f6ld\u00fcrmeye programlanm\u0131\u015f canileri te\u015fvik eder mahiyettedir ve kalk\u0131p durumun bir sava\u015f oldu\u011funu ifade etmesinin ne denli farkl\u0131 bir kabule, farkl\u0131 bir kulvara girdi\u011finin de a\u00e7\u0131k ve net tespitidir. Y\u0131llard\u0131r \u2019faili me\u00e7hul\u2019 diyorlar, buyursunlar ter\u00f6r \u00f6rg\u00fct\u00fcn\u00fcn infaz etti\u011fi militanlar\u0131n faillerinin pe\u015fine d\u00fc\u015fs\u00fcnler. Kanla aras\u0131na mesafe koyamayanlar, ellerindeki y\u00fczlerindeki o kan lekesini ebediyen temizleyemeyeceklerdir.\u201d<\/p>\n<p style=\"text-align: justify;\">Erdo\u011fan, BDP\u2019ye oy verenlere seslenirken de, \u015funlar\u0131 s\u00f6yledi:<\/p>\n<p style=\"text-align: justify;\">\u201cKan \u00fczerinden nas\u0131l bir istismar siyaseti y\u00fcr\u00fct\u00fcld\u00fc\u011f\u00fcn\u00fc l\u00fctfen art\u0131k g\u00f6r\u00fcn. Art\u0131k K\u00fcrt vatanda\u015flar\u0131m\u0131n anneleri sesini y\u00fckseltsin. Ayd\u0131nlar, sanat\u00e7\u0131lar sesini y\u00fckseltsin. Art\u0131k sivil toplum \u00f6rg\u00fctleri, bu kanl\u0131 piyasa kar\u015f\u0131s\u0131nda cesaretle sesini y\u00fckseltsin. Susmak onaylamakt\u0131r. Haks\u0131zl\u0131k kar\u015f\u0131s\u0131nda susan dilsiz \u015feytand\u0131r.\u201d<\/p>\n<p style=\"text-align: justify;\"><strong>Medyayla \u2018ter\u00f6r\u2019 zirvesi<\/strong><\/p>\n<p style=\"text-align: justify;\">Ba\u015fbakan d\u00fcn bas\u0131n yay\u0131n kurulu\u015flar\u0131n\u0131n sahipleri ve genel yay\u0131n y\u00f6netmenlerini a\u011f\u0131rlad\u0131. Margaret Thatcher\u2019in \u201cPropaganda ter\u00f6r\u00fcn oksijenidir\u201d ifadesini hat\u0131rlatan Erdo\u011fan, medyan\u0131n bilerek ya da bilmeyerek ter\u00f6r\u00fcn propagandas\u0131n\u0131 yapmamas\u0131 gerekti\u011fini iletti. Medyaya bir m\u00fcdahaleyi do\u011fru bulmad\u0131klar\u0131n\u0131 belirten Erdo\u011fan, \u201cBiz otokontrol yoluyla milli bir meselede medyan\u0131n da milli bir duru\u015f sergilemesinin m\u00fccadeleye g\u00fc\u00e7 kataca\u011f\u0131na inan\u0131yoruz\u201d dedi.<\/p>\n<p style=\"text-align: justify;\"><a href=\"http:\/\/www.korhanyilmaz.com\/wp-content\/uploads\/2012\/12\/J0490.jpg\"  class=\"lightview\"><img loading=\"lazy\" decoding=\"async\" class=\"aligncenter size-full wp-image-58044\" title=\"\" src=\"http:\/\/www.korhanyilmaz.com\/wp-content\/uploads\/2012\/12\/J0490.jpg\" alt=\"\" width=\"400\" height=\"267\" \/><\/a><\/p>\n<p style=\"text-align: justify;\">\n<p style=\"text-align: justify;\"><a href=\"http:\/\/www.korhanyilmaz.com\/wp-content\/uploads\/2012\/12\/J0491.jpg\"  class=\"lightview\"><img loading=\"lazy\" decoding=\"async\" class=\"aligncenter size-full wp-image-58045\" title=\"\" src=\"http:\/\/www.korhanyilmaz.com\/wp-content\/uploads\/2012\/12\/J0491.jpg\" alt=\"\" width=\"400\" height=\"267\" \/><\/a><\/p>\n<p style=\"text-align: justify;\">Medya bulu\u015fmas\u0131na Do\u011fan Holding Onursal Ba\u015fkan\u0131 Ayd\u0131n Do\u011fan (\u00fcstte) ve Radikal Gazetesi Yay\u0131n Y\u00f6netmeni Ey\u00fcp Can da kat\u0131ld\u0131.<\/p>\n<p style=\"text-align: justify;\"><a href=\"http:\/\/www.radikal.com.tr\/Radikal.aspx?aType=RadikalDetayV3&amp;ArticleID=1067033\" target=\"_blank\">Kaynak : Radikal.com.tr<\/a><\/p>\n","protected":false},"excerpt":{"rendered":"<p style=\"text-align: center;\">\n<p style=\"text-align: justify;\">Muhalefeti &#8216;f\u0131rsat\u00e7\u0131l\u0131kla&#8217; su\u00e7layan Erdo\u011fan ter\u00f6re kar\u015f\u0131 herkesi sesini y\u00fckseltmeye \u00e7a\u011f\u0131rd\u0131, &#8220;Haks\u0131zl\u0131k kar\u015f\u0131s\u0131nda susan dilsiz \u015feytand\u0131r&#8221; dedi.<\/p>\n<p style=\"text-align: justify;\">Ba\u015fbakan Recep Tayyip Erdo\u011fan , 24 askerin \u015fehit oldu\u011fu sald\u0131r\u0131n\u0131n ard\u0131ndan muhalefetin tavr\u0131na tepki g\u00f6sterirken, \u201cBDP\u2019nin canileri te\u015fvik etti\u011fini\u201d s\u00f6yledi. Erdo\u011fan, sivil toplum \u00f6rg\u00fctlerine, \u201cSusmak onaylamakt\u0131r. Haks\u0131zl\u0131k kar\u015f\u0131s\u0131nda susan dilsiz \u015feytand\u0131r\u201d diye <\/p>\n","protected":false},"author":1,"featured_media":0,"comment_status":"open","ping_status":"open","sticky":false,"template":"","format":"standard","meta":{"footnotes":""},"categories":[105],"tags":[],"class_list":["post-58042","post","type-post","status-publish","format-standard","hentry","category-gundem","odd"],"_links":{"self":[{"href":"http:\/\/www.korhanyilmaz.com\/index.php?rest_route=\/wp\/v2\/posts\/58042","targetHints":{"allow":["GET"]}}],"collection":[{"href":"http:\/\/www.korhanyilmaz.com\/index.php?rest_route=\/wp\/v2\/posts"}],"about":[{"href":"http:\/\/www.korhanyilmaz.com\/index.php?rest_route=\/wp\/v2\/types\/post"}],"author":[{"embeddable":true,"href":"http:\/\/www.korhanyilmaz.com\/index.php?rest_route=\/wp\/v2\/users\/1"}],"replies":[{"embeddable":true,"href":"http:\/\/www.korhanyilmaz.com\/index.php?rest_route=%2Fwp%2Fv2%2Fcomments&post=58042"}],"version-history":[{"count":0,"href":"http:\/\/www.korhanyilmaz.com\/index.php?rest_route=\/wp\/v2\/posts\/58042\/revisions"}],"wp:attachment":[{"href":"http:\/\/www.korhanyilmaz.com\/index.php?rest_route=%2Fwp%2Fv2%2Fmedia&parent=58042"}],"wp:term":[{"taxonomy":"category","embeddable":true,"href":"http:\/\/www.korhanyilmaz.com\/index.php?rest_route=%2Fwp%2Fv2%2Fcategories&post=58042"},{"taxonomy":"post_tag","embeddable":true,"href":"http:\/\/www.korhanyilmaz.com\/index.php?rest_route=%2Fwp%2Fv2%2Ftags&post=58042"}],"curies":[{"name":"wp","href":"https:\/\/api.w.org\/{rel}","templated":true}]}}