{"id":5803,"date":"2009-03-20T10:11:08","date_gmt":"2009-03-20T08:11:08","guid":{"rendered":"http:\/\/www.korhanyilmaz.com\/?p=5803"},"modified":"2009-03-20T10:11:08","modified_gmt":"2009-03-20T08:11:08","slug":"trt%e2%80%99de-kurtce%e2%80%99den-sonra-arapca-kanal-trt-seb%e2%80%99a","status":"publish","type":"post","link":"http:\/\/www.korhanyilmaz.com\/?p=5803","title":{"rendered":"TRT\u2019de K\u00fcrt\u00e7e\u2019den sonra Arap\u00e7a kanal: TRT Seb\u2019a"},"content":{"rendered":"<p><img loading=\"lazy\" decoding=\"async\" class=\"aligncenter size-full wp-image-5804\" title=\"TRT\u2019de K\u00fcrt\u00e7e\u2019den sonra Arap\u00e7a kanal: TRT Seb\u2019a\" src=\"http:\/\/www.korhanyilmaz.com\/wp-content\/uploads\/2009\/03\/fft27_mf140598.jpeg\" alt=\"TRT\u2019de K\u00fcrt\u00e7e\u2019den sonra Arap\u00e7a kanal: TRT Seb\u2019a\" width=\"322\" height=\"97\" \/><\/p>\n<p style=\"text-align: justify;\"><span style=\"color: #000000;\">&#8216;TRT \u015ee\u015f&#8217;le K\u00fcrt\u00e7e yay\u0131na ba\u015flayan TRT, &#8216;TRT Seb&#8217;a&#8217;yla da Arap\u00e7a yay\u0131n yapmaya haz\u0131rlan\u0131yor. Nisan ay\u0131 i\u00e7inde yay\u0131na ba\u015flamas\u0131 beklenen &#8220;TRT Seb&#8217;a&#8217;da (TRT7) hedef kitle, T\u00fcrkiye&#8217;de ya\u015fayan Araplar ve Ortado\u011fu \u00fclkeleri olacak.<\/span><\/p>\n<p style=\"text-align: justify;\"><span style=\"color: #000000;\"><br \/>\nBu \u00e7er\u00e7evede Arap Aleviler (Nusayriler) ve Arap Ortodokslara (Nasraniler) y\u00f6nelik de program haz\u0131rlanaca\u011f\u0131 belirtildi.<br \/>\nTRT&#8217;nin K\u00fcrt\u00e7e yay\u0131nlara ba\u015flamas\u0131n\u0131n ard\u0131ndan \u0130ngilizce haber kanal\u0131yla Arap\u00e7a, Fars\u00e7a ve Ermenice kanallar\u0131 devreye sokaca\u011f\u0131 biliniyordu. \u00d6nceki g\u00fcn Arap\u00e7a kanalla ilgili konu\u015fan Ba\u015fbakan Recep Tayyip Erdo\u011fan, &#8216;an be an&#8217; hizmete girebilece\u011fini s\u00f6yledi. Radikal&#8217;e konu\u015fan kaynaklar, Arap\u00e7a kanal\u0131n nisanda &#8216;TRT Seb&#8217;a&#8217; (TRT 7) ad\u0131yla yay\u0131na ba\u015flamas\u0131n\u0131n \u00f6ng\u00f6r\u00fcld\u00fc\u011f\u00fcn\u00fc s\u00f6yledi. <!--more--><br \/>\nTRT \u015ee\u015f gibi 24 saat yay\u0131n yapacak TRT Seb&#8217;a&#8217;da haberler, m\u00fczik-e\u011flence, \u00e7ocuk programlar\u0131, diziler, filmler ve belgeseller yay\u0131nlanacak. Hedef kitle olarak \u00f6zellikle G\u00fcneydo\u011fu ile ba\u015fta Antakya ve Mersin olmak \u00fczere baz\u0131 Akdeniz \u015fehirlerinde ya\u015fayan Arap vatanda\u015flar se\u00e7ildi. Ancak Ortado\u011fu \u00fclkelerini de gerek i\u00e7erik, gerek dil, gerekse teknik y\u00f6nden kapsayacak bir yay\u0131n politikas\u0131 izlenecek.<\/span><\/p>\n<p style=\"text-align: justify;\">Gayrim\u00fcslimlere de&#8230;  <span style=\"color: #000000;\"><br \/>\nGayrim\u00fcslim Araplar\u0131n da bulundu\u011funu hat\u0131rlatan kaynaklar, TRT Seb&#8217;a&#8217;n\u0131n bu kesimi &#8216;g\u00f6rmemezlikten gelmeyece\u011fini&#8217; s\u00f6ylediler. \u0130lerleyen d\u00f6nemde Arap Aleviler (Nusayriler) ve Arap Ortodokslara (Nasraniler) y\u00f6nelik de \u00e7e\u015fitli k\u00fclt\u00fcren i\u00e7erikli programlar haz\u0131rlanaca\u011f\u0131 ifade edildi.<\/span><\/p>\n<p style=\"text-align: justify;\"><span style=\"color: #000000;\"><span style=\"color: #808080;\">Kaynak : Radikal Gazetesi<\/span><br \/>\n<\/span>\n<\/p>\n<p style=\"text-align: justify;\">\n","protected":false},"excerpt":{"rendered":"<\/p>\n<p style=\"text-align: justify;\">&#8216;TRT \u015ee\u015f&#8217;le K\u00fcrt\u00e7e yay\u0131na ba\u015flayan TRT, &#8216;TRT Seb&#8217;a&#8217;yla da Arap\u00e7a yay\u0131n yapmaya haz\u0131rlan\u0131yor. Nisan ay\u0131 i\u00e7inde yay\u0131na ba\u015flamas\u0131 beklenen &#8220;TRT Seb&#8217;a&#8217;da (TRT7) hedef kitle, T\u00fcrkiye&#8217;de ya\u015fayan Araplar ve Ortado\u011fu \u00fclkeleri olacak.<\/p>\n<p style=\"text-align: justify;\"> Bu \u00e7er\u00e7evede Arap Aleviler (Nusayriler) ve Arap Ortodokslara (Nasraniler) y\u00f6nelik de program haz\u0131rlanaca\u011f\u0131 belirtildi. TRT&#8217;nin K\u00fcrt\u00e7e yay\u0131nlara ba\u015flamas\u0131n\u0131n <\/p>\n","protected":false},"author":1,"featured_media":0,"comment_status":"open","ping_status":"closed","sticky":false,"template":"","format":"standard","meta":{"footnotes":""},"categories":[105],"tags":[],"class_list":["post-5803","post","type-post","status-publish","format-standard","hentry","category-gundem","odd"],"_links":{"self":[{"href":"http:\/\/www.korhanyilmaz.com\/index.php?rest_route=\/wp\/v2\/posts\/5803","targetHints":{"allow":["GET"]}}],"collection":[{"href":"http:\/\/www.korhanyilmaz.com\/index.php?rest_route=\/wp\/v2\/posts"}],"about":[{"href":"http:\/\/www.korhanyilmaz.com\/index.php?rest_route=\/wp\/v2\/types\/post"}],"author":[{"embeddable":true,"href":"http:\/\/www.korhanyilmaz.com\/index.php?rest_route=\/wp\/v2\/users\/1"}],"replies":[{"embeddable":true,"href":"http:\/\/www.korhanyilmaz.com\/index.php?rest_route=%2Fwp%2Fv2%2Fcomments&post=5803"}],"version-history":[{"count":0,"href":"http:\/\/www.korhanyilmaz.com\/index.php?rest_route=\/wp\/v2\/posts\/5803\/revisions"}],"wp:attachment":[{"href":"http:\/\/www.korhanyilmaz.com\/index.php?rest_route=%2Fwp%2Fv2%2Fmedia&parent=5803"}],"wp:term":[{"taxonomy":"category","embeddable":true,"href":"http:\/\/www.korhanyilmaz.com\/index.php?rest_route=%2Fwp%2Fv2%2Fcategories&post=5803"},{"taxonomy":"post_tag","embeddable":true,"href":"http:\/\/www.korhanyilmaz.com\/index.php?rest_route=%2Fwp%2Fv2%2Ftags&post=5803"}],"curies":[{"name":"wp","href":"https:\/\/api.w.org\/{rel}","templated":true}]}}