{"id":5784,"date":"2009-03-19T11:25:27","date_gmt":"2009-03-19T09:25:27","guid":{"rendered":"http:\/\/www.korhanyilmaz.com\/?p=5784"},"modified":"2009-03-19T11:25:27","modified_gmt":"2009-03-19T09:25:27","slug":"pkk-bir-suredir-niye-suskun","status":"publish","type":"post","link":"http:\/\/www.korhanyilmaz.com\/?p=5784","title":{"rendered":"PKK bir s\u00fcredir niye suskun?"},"content":{"rendered":"<p><img loading=\"lazy\" decoding=\"async\" class=\"aligncenter size-full wp-image-5785\" title=\"PKK bir s\u00fcredir niye suskun? \" src=\"http:\/\/www.korhanyilmaz.com\/wp-content\/uploads\/2009\/03\/190320091123023884619.jpg\" alt=\"PKK bir s\u00fcredir niye suskun? \" width=\"320\" height=\"100\" \/><strong><\/strong><\/p>\n<p style=\"text-align: justify;\"><strong>&#8216;T\u00fcrkiye PKK konusunda en \u015fansl\u0131 d\u00f6nemlerinden birinde&#8217;<\/strong><\/p>\n<p style=\"text-align: justify;\">Uzun zamand\u0131r eylemde bulunmayan ve silah b\u0131rakmaya haz\u0131rlanan PKK&#8217;n\u0131n son durumunu ve Ortado\u011fu&#8217;daki geli\u015fmeleri Bug\u00fcn Gazetesi&#8217;ne de\u011ferlendiren Uluslararas\u0131 Stratejik Ara\u015ft\u0131rmalar Kurumu (USAK) Ba\u015fkan\u0131 Sedat La\u00e7iner, T\u00fcrkiye&#8217;nin PKK konusunda en \u015fansl\u0131 d\u00f6nemlerinden birine girdi\u011fini s\u00f6yledi.<\/p>\n<p style=\"text-align: justify;\">2007 y\u0131l\u0131ndan itibaren ABD&#8217;nin tutumunda bir de\u011fi\u015fim oldu\u011funu ve Obama&#8217;n\u0131n T\u00fcrkiye ile bundan sonraki politikas\u0131nda PKK&#8217;n\u0131n olmad\u0131\u011f\u0131n\u0131 belirten La\u00e7iner, &#8220;B\u00f6lgede PKK&#8217;ya dayal\u0131 bir politika izleyebilecek hi\u00e7bir kom\u015fu devlet yok. Barzani ve Talabani&#8217;nin de Araplarla ili\u015fkileri bozuldu. Amerika&#8217;n\u0131n eski koruyuculu\u011fu kalmad\u0131. Bir anlamda Barzani ve Talabani&#8217;nin bundan sonraki d\u00f6nemde ayakta kalabilmeleri T\u00fcrkiye&#8217;nin korumas\u0131na ba\u011fl\u0131. T\u00fcrkiye&#8217;nin korumas\u0131 olmad\u0131\u011f\u0131 m\u00fcddet\u00e7e ayakta kalmalar\u0131 zor g\u00f6r\u00fcn\u00fcyor. \u015eu anda onlar da PKK&#8217;ya kar\u015f\u0131 vaziyetteler&#8221; de\u011ferlendirmesinde bulundu. <!--more--><\/p>\n<p style=\"text-align: justify;\"><strong>ASIL END\u0130\u015eE DER\u0130N <\/strong><\/p>\n<p style=\"text-align: justify;\">PKK Da\u011fdaki PKK varl\u0131\u011f\u0131ndan daha \u00e7ok derin PKK i\u00e7in endi\u015fe duyulmas\u0131 gerekti\u011fini ifade eden La\u00e7iner, bu gruplar\u0131n PKK varl\u0131\u011f\u0131n\u0131n sona ermesini istemedi\u011fini dile getirdi. PKK ile Ergenekon&#8217;un do\u011frudan ba\u011flant\u0131s\u0131 oldu\u011funu vurgulayan La\u00e7iner \u015funlar\u0131 s\u00f6yledi:<\/p>\n<p style=\"text-align: justify;\">&#8220;Eylem yapt\u0131racak, s\u00fcreci \u00e7al\u0131\u015ft\u0131racak ki\u015filerin pek \u00e7o\u011fu \u015fu anda i\u00e7eride veya Ergenekon davas\u0131 nedeniyle sindi. PKK i\u00e7inde \u00d6calan&#8217;\u0131n da h\u00fckmedemedi\u011fi gruplar var. Bir tanesi Ergenekon ba\u011flant\u0131l\u0131 Derin PKK. Onun d\u0131\u015f\u0131nda ba\u015fka \u00fclkelerle ba\u011flant\u0131l\u0131 olanlar var. Mesela Davos olay\u0131ndan sonra T\u00fcrkiye&#8217;yi cezaland\u0131rmak isteyenler PKK s\u00fcrecinin bu \u015fekilde bitmesini arzu etmeyebilirler. Da\u011fl\u0131ca bask\u0131n\u0131, Akt\u00fct\u00fcn bask\u0131n\u0131 gibi \u015fok bask\u0131nlar, buna benzer karakol bask\u0131n\u0131 olur da 10-20 \u015fehit verirsek bu durumda bu s\u00fcre\u00e7 baltalanm\u0131\u015f olur. Ya da Ankara ve \u0130stanbul&#8217;da \u00f6zellikle askere d\u00f6n\u00fck sald\u0131r\u0131 da bu s\u00fcreci baltalar.&#8221;<\/p>\n<p style=\"text-align: justify;\"><strong>B\u00dcROKRATLARIN Z\u0130HN\u0130YET\u0130 <\/strong><\/p>\n<p style=\"text-align: justify;\">La\u00e7iner, PKK&#8217;n\u0131n bu t\u00fcr sald\u0131r\u0131lar\u0131 tek ba\u015f\u0131na ger\u00e7ekle\u015ftiremeyece\u011fini ancak Ergenekon gibi \u00f6rg\u00fctlenmelerin ter\u00f6r \u00f6rg\u00fct\u00fcn\u00fcn i\u015fini kolayla\u015ft\u0131rarak sald\u0131r\u0131lar\u0131 hayata ge\u00e7irdi\u011fini \u00f6ne s\u00fcrd\u00fc. Ankara&#8217;da 2007 y\u0131l\u0131nda S\u0131hhiye \u00e7ok katl\u0131 otopark\u0131nda bulunan patlay\u0131c\u0131 y\u00fckl\u00fc dolmu\u015fun da b\u00f6yle bir organizasyon oldu\u011funu belirten La\u00e7iner, Ergenekon i\u00e7eride olsa da, ayn\u0131 zihniyette halen devletin i\u00e7inde b\u00fcrokratlar oldu\u011funu, bu ki\u015filerin PKK&#8217;n\u0131n bitmesini istemeyerek bu isteklerini eyleme d\u00f6kebileceklerini aktard\u0131.<\/p>\n<p style=\"text-align: justify;\"><strong>YASA DAHA DA G\u00dc\u00c7LENSiN <\/strong><\/p>\n<p style=\"text-align: justify;\">PKK&#8217;n\u0131n silah b\u0131rakmas\u0131 i\u00e7in genel bir af \u00e7\u0131kar\u0131lmas\u0131 y\u00f6n\u00fcndeki istekleri de de\u011ferlendiren La\u00e7iner \u015fu ifadeleri kulland\u0131:<\/p>\n<p style=\"text-align: justify;\">&#8220;Mevcut yasalar i\u00e7inde silahl\u0131 eyleme kar\u0131\u015fmayanlar i\u00e7in bir pi\u015fmanl\u0131k yasas\u0131 var. Bu mekanizmalar biraz daha g\u00fc\u00e7lendirilebilir. Ki\u015finin itiraf\u0131ndan sonra zarar g\u00f6rmesini engelleyecek korumalar, maddi destekler sa\u011flanabilir. K\u00fc\u00e7\u00fck ama etkili olan \u00e7at\u0131\u015fmalara kar\u0131\u015fm\u0131\u015f grup var. Onlar\u0131n affedilmesi olduk\u00e7a g\u00fc\u00e7. Silahlar\u0131 ABD&#8217;ye teslim etmeleri y\u00f6n\u00fcnde bir tutum var. Bu kamuoyunu tatmin etmez. Silahlar\u0131n T\u00fcrkiye&#8217;ye teslim edilmesi gereklidir. T\u00fcrkiye&#8217;nin bu s\u00fcrecin kontrol\u00fcn\u00fc tamamen elinde tutmas\u0131 laz\u0131m. Da\u011fda kimlerin oldu\u011funu, isimleri ile aileleri ile b\u00fct\u00fcn bilgileri elimizde. Hepsinin teslim olmas\u0131 laz\u0131m.&#8221;<\/p>\n<p style=\"text-align: justify;\"><strong>ABDULLAH \u00d6CALAN&#8217;IN ROL TALEB\u0130<\/strong><\/p>\n<p style=\"text-align: justify;\">Bug\u00fcn gelinen noktada T\u00fcrkiye&#8217;nin durumu f\u0131rsat olarak g\u00f6rd\u00fc\u011f\u00fcn\u00fc belirten La\u00e7iner, Abdullah \u00d6calan ile de g\u00f6r\u00fc\u015fmeler yap\u0131ld\u0131\u011f\u0131n\u0131 ifade etti. La\u00e7iner, \u00d6calan&#8217;\u0131n da PKK&#8217;n\u0131n tasfiyesinde bir rol oynamak istedi\u011fini belirtti. G\u00f6r\u00fc\u015fmelerde \u00d6calan&#8217;\u0131n &#8220;\u00dczerime d\u00fc\u015feni yapmaya haz\u0131r\u0131m. Ama silahlar\u0131n\u0131 b\u0131rakma kar\u015f\u0131l\u0131\u011f\u0131nda ceza almas\u0131nlar&#8221; iste\u011finde bulundu\u011funu dile getirdi.<\/p>\n<p style=\"text-align: justify;\"><strong>T\u00dcRK\u0130YE&#8217;N\u0130N S\u0130YASET\u0130 <\/strong><\/p>\n<p style=\"text-align: justify;\">T\u00fcrkiye&#8217;nin bir s\u00fcredir PKK konusunda at\u0131lmas\u0131 gereken ad\u0131mlar\u0131 atmaya ba\u015flad\u0131\u011f\u0131na dikkat \u00e7eken La\u00e7iner, &#8220;PKK&#8217;n\u0131n oksijeninin kesilmesi ilk ad\u0131md\u0131. D\u0131\u015f \u00fclkeler nezdinde, Barzani ve Talabani nezdinde PKK&#8217;n\u0131n yaln\u0131z b\u0131rak\u0131lmas\u0131 gerekiyordu. Bu hedefe b\u00fcy\u00fck oranda ula\u015f\u0131ld\u0131. T\u00fcrkiye i\u00e7erisinde PKK&#8217;\u0131n izole edilmesi ikinci \u00f6nemli husustu. \u015eu anda bunun \u00fczerinde \u00e7al\u0131\u015f\u0131l\u0131yor. DTP&#8217;nin oylar\u0131ndaki azalma, istihdam ve e\u011fitim alanlar\u0131na yat\u0131r\u0131mlar\u0131n artmas\u0131 paketin par\u00e7alar\u0131. Silahl\u0131 m\u00fccadele k\u0131sm\u0131nda da yap\u0131lmas\u0131 gerekenler var&#8221; dedi.<\/p>\n<p style=\"text-align: justify;\"><span style=\"color: #888888;\">Kaynak : Bug\u00fcn Gazetesi<\/span><\/p>\n","protected":false},"excerpt":{"rendered":"<\/p>\n<p style=\"text-align: justify;\">&#8216;T\u00fcrkiye PKK konusunda en \u015fansl\u0131 d\u00f6nemlerinden birinde&#8217;<\/p>\n<p style=\"text-align: justify;\">Uzun zamand\u0131r eylemde bulunmayan ve silah b\u0131rakmaya haz\u0131rlanan PKK&#8217;n\u0131n son durumunu ve Ortado\u011fu&#8217;daki geli\u015fmeleri Bug\u00fcn Gazetesi&#8217;ne de\u011ferlendiren Uluslararas\u0131 Stratejik Ara\u015ft\u0131rmalar Kurumu (USAK) Ba\u015fkan\u0131 Sedat La\u00e7iner, T\u00fcrkiye&#8217;nin PKK konusunda en \u015fansl\u0131 d\u00f6nemlerinden birine girdi\u011fini s\u00f6yledi.<\/p>\n<p style=\"text-align: justify;\">2007 y\u0131l\u0131ndan itibaren ABD&#8217;nin tutumunda bir de\u011fi\u015fim <\/p>\n","protected":false},"author":1,"featured_media":0,"comment_status":"open","ping_status":"closed","sticky":false,"template":"","format":"standard","meta":{"footnotes":""},"categories":[105],"tags":[],"class_list":["post-5784","post","type-post","status-publish","format-standard","hentry","category-gundem","odd"],"_links":{"self":[{"href":"http:\/\/www.korhanyilmaz.com\/index.php?rest_route=\/wp\/v2\/posts\/5784","targetHints":{"allow":["GET"]}}],"collection":[{"href":"http:\/\/www.korhanyilmaz.com\/index.php?rest_route=\/wp\/v2\/posts"}],"about":[{"href":"http:\/\/www.korhanyilmaz.com\/index.php?rest_route=\/wp\/v2\/types\/post"}],"author":[{"embeddable":true,"href":"http:\/\/www.korhanyilmaz.com\/index.php?rest_route=\/wp\/v2\/users\/1"}],"replies":[{"embeddable":true,"href":"http:\/\/www.korhanyilmaz.com\/index.php?rest_route=%2Fwp%2Fv2%2Fcomments&post=5784"}],"version-history":[{"count":0,"href":"http:\/\/www.korhanyilmaz.com\/index.php?rest_route=\/wp\/v2\/posts\/5784\/revisions"}],"wp:attachment":[{"href":"http:\/\/www.korhanyilmaz.com\/index.php?rest_route=%2Fwp%2Fv2%2Fmedia&parent=5784"}],"wp:term":[{"taxonomy":"category","embeddable":true,"href":"http:\/\/www.korhanyilmaz.com\/index.php?rest_route=%2Fwp%2Fv2%2Fcategories&post=5784"},{"taxonomy":"post_tag","embeddable":true,"href":"http:\/\/www.korhanyilmaz.com\/index.php?rest_route=%2Fwp%2Fv2%2Ftags&post=5784"}],"curies":[{"name":"wp","href":"https:\/\/api.w.org\/{rel}","templated":true}]}}