{"id":5770,"date":"2009-03-19T19:35:09","date_gmt":"2009-03-19T17:35:09","guid":{"rendered":"http:\/\/www.korhanyilmaz.com\/?p=5770"},"modified":"2009-03-19T19:35:09","modified_gmt":"2009-03-19T17:35:09","slug":"yasli-kadin-sordu-deniz-feneri-ne-oldu","status":"publish","type":"post","link":"http:\/\/www.korhanyilmaz.com\/?p=5770","title":{"rendered":"Ya\u015fl\u0131 kad\u0131n sordu: Deniz Feneri ne oldu?"},"content":{"rendered":"<p style=\"text-align: center;\"><a href=\"http:\/\/www.korhanyilmaz.com\/wp-content\/uploads\/2009\/03\/200320090431466372201.jpg\"  class=\"lightview\"><img loading=\"lazy\" decoding=\"async\" class=\"aligncenter size-full wp-image-5801\" title=\"Ya\u015fl\u0131 kad\u0131n sordu: Deniz Feneri ne oldu? \" src=\"http:\/\/www.korhanyilmaz.com\/wp-content\/uploads\/2009\/03\/200320090431466372201.jpg\" alt=\"Ya\u015fl\u0131 kad\u0131n sordu: Deniz Feneri ne oldu? \" width=\"376\" height=\"240\" \/><\/a><\/p>\n<p style=\"text-align: center;\"><a class=\"lightview\" title=\"Ya\u015fl\u0131 kad\u0131n sordu: Deniz Feneri ne oldu? ::  :: width: 500, height: 395\" rel=\"iframe\" href=\"http:\/\/www.korhanyilmaz.com\/swf\/flvplayer.swf?file=http:\/\/www.korhanyilmaz.com\/adalet_bakani.flv \"><img loading=\"lazy\" decoding=\"async\" class=\"aligncenter\" title=\"Habere \u0130li\u015fkin Videoyu \u0130zlemek \u0130\u00e7in T\u0131klay\u0131n..\" src=\"wp-data\/images\/video_izle_tikla.png\" alt=\"\" width=\"30\" height=\"30\" \/ class=\"lightview\"><\/a><\/p>\n<p style=\"text-align: justify;\"><strong>Adalet Bakan\u0131 Mehmet Ali \u015eahin, Antalya&#8217;daki esnaf ziyaretleri s\u0131ras\u0131nda G\u00fcll\u00fck Caddesi&#8217;nde bir eczaneden ila\u00e7 sat\u0131n ald\u0131.<\/strong><\/p>\n<p style=\"text-align: justify;\">Bakan \u015eahin, daha sonra Ayd\u0131n Kanza Park\u0131&#8217;nda parkta oturan kad\u0131nlar\u0131n yan\u0131na gitti. Elinde namaz tesbihi bulunan 75 ya\u015flar\u0131nda bir kad\u0131n, Bakan \u015eahin&#8217;e, &#8220;Deniz Feneri ne oldu?&#8221; dedi.<\/p>\n<p style=\"text-align: justify;\">Bakan \u015eahin de, &#8220;Deniz Feneri yarg\u0131da, savc\u0131 ne gerekiyorsa yap\u0131yor&#8221; cevab\u0131n\u0131 verdi. \u0130smini s\u00f6ylemek istemeyen ya\u015fl\u0131 kad\u0131n, &#8220;Hadi hadi, size oy moy yok&#8221; dedi. Bunun \u00fczerine Bakan \u015eahin, &#8220;\u0130stedi\u011fin yere ver&#8221; diyerek uzakla\u015ft\u0131.<\/p>\n","protected":false},"excerpt":{"rendered":"<p style=\"text-align: center;\">\n<p style=\"text-align: center;\">\n<p style=\"text-align: justify;\">Adalet Bakan\u0131 Mehmet Ali \u015eahin, Antalya&#8217;daki esnaf ziyaretleri s\u0131ras\u0131nda G\u00fcll\u00fck Caddesi&#8217;nde bir eczaneden ila\u00e7 sat\u0131n ald\u0131.<\/p>\n<p style=\"text-align: justify;\">Bakan \u015eahin, daha sonra Ayd\u0131n Kanza Park\u0131&#8217;nda parkta oturan kad\u0131nlar\u0131n yan\u0131na gitti. Elinde namaz tesbihi bulunan 75 ya\u015flar\u0131nda bir kad\u0131n, Bakan \u015eahin&#8217;e, &#8220;Deniz Feneri ne oldu?&#8221; dedi.<\/p>\n<p style=\"text-align:  \n\n","protected":false},"author":1,"featured_media":0,"comment_status":"open","ping_status":"closed","sticky":false,"template":"","format":"standard","meta":{"footnotes":""},"categories":[105],"tags":[],"class_list":["post-5770","post","type-post","status-publish","format-standard","hentry","category-gundem","odd"],"_links":{"self":[{"href":"http:\/\/www.korhanyilmaz.com\/index.php?rest_route=\/wp\/v2\/posts\/5770","targetHints":{"allow":["GET"]}}],"collection":[{"href":"http:\/\/www.korhanyilmaz.com\/index.php?rest_route=\/wp\/v2\/posts"}],"about":[{"href":"http:\/\/www.korhanyilmaz.com\/index.php?rest_route=\/wp\/v2\/types\/post"}],"author":[{"embeddable":true,"href":"http:\/\/www.korhanyilmaz.com\/index.php?rest_route=\/wp\/v2\/users\/1"}],"replies":[{"embeddable":true,"href":"http:\/\/www.korhanyilmaz.com\/index.php?rest_route=%2Fwp%2Fv2%2Fcomments&post=5770"}],"version-history":[{"count":0,"href":"http:\/\/www.korhanyilmaz.com\/index.php?rest_route=\/wp\/v2\/posts\/5770\/revisions"}],"wp:attachment":[{"href":"http:\/\/www.korhanyilmaz.com\/index.php?rest_route=%2Fwp%2Fv2%2Fmedia&parent=5770"}],"wp:term":[{"taxonomy":"category","embeddable":true,"href":"http:\/\/www.korhanyilmaz.com\/index.php?rest_route=%2Fwp%2Fv2%2Fcategories&post=5770"},{"taxonomy":"post_tag","embeddable":true,"href":"http:\/\/www.korhanyilmaz.com\/index.php?rest_route=%2Fwp%2Fv2%2Ftags&post=5770"}],"curies":[{"name":"wp","href":"https:\/\/api.w.org\/{rel}","templated":true}]}}