{"id":5760,"date":"2009-03-19T14:40:30","date_gmt":"2009-03-19T12:40:30","guid":{"rendered":"http:\/\/www.korhanyilmaz.com\/?p=5760"},"modified":"2009-03-19T14:40:30","modified_gmt":"2009-03-19T12:40:30","slug":"kim-bu-serdar-kepenek","status":"publish","type":"post","link":"http:\/\/www.korhanyilmaz.com\/?p=5760","title":{"rendered":"&#039;Kim bu Serdar Kepenek?&#039;"},"content":{"rendered":"<p style=\"text-align: center;\"><a href=\"http:\/\/www.korhanyilmaz.com\/wp-content\/uploads\/2009\/03\/190320091513500879640.jpg\"  class=\"lightview\"><img loading=\"lazy\" decoding=\"async\" class=\"aligncenter size-full wp-image-5761\" title=\"'Kim bu Serdar Kepenek?' \" src=\"http:\/\/www.korhanyilmaz.com\/wp-content\/uploads\/2009\/03\/190320091513500879640.jpg\" alt=\"Kim bu Serdar Kepenek?\" width=\"329\" height=\"210\" \/><\/a><a class=\"lightview\" title=\"Kim bu Serdar Kepenek? ::  :: width: 500, height: 395\" rel=\"iframe\" href=\"http:\/\/www.korhanyilmaz.com\/swf\/flvplayer.swf?file=http:\/\/www.korhanyilmaz.com\/kilicdaroglu.flv \"><img loading=\"lazy\" decoding=\"async\" class=\"aligncenter\" title=\"Habere \u0130li\u015fkin Videoyu \u0130zlemek \u0130\u00e7in T\u0131klay\u0131n..\" src=\"wp-data\/images\/video_izle_tikla.png\" alt=\"\" width=\"32\" height=\"30\" \/ class=\"lightview\"><\/a><\/p>\n<p style=\"text-align: justify;\"><strong>K\u0131l\u0131\u00e7daro\u011flu&#8217;ndan Topba\u015f&#8217;a 3 milyon 785 bin Euro&#8217;luk yolsuzluk su\u00e7lamas\u0131&#8230; <\/strong><\/p>\n<p style=\"text-align: justify;\">CHP \u0130stanbul B\u00fcy\u00fck\u015fehir Belediye Ba\u015fkan aday\u0131 Kemal K\u0131l\u0131\u00e7daro\u011flu, &#8220;B\u00fcy\u00fck\u015fehir Belediyesinin asfalt d\u00f6k\u00fcm\u00fc do\u011fru de\u011fil. Organize bir \u00f6rg\u00fct var \u00f6n\u00fcm\u00fczde, \u0130stanbul&#8217;un rantlar\u0131n\u0131 payla\u015fan, \u0130stanbul&#8217;a a\u00e7l\u0131\u011f\u0131 getiren bir \u00f6rg\u00fct var&#8221; iddias\u0131nda bulundu.<\/p>\n<p style=\"text-align: justify;\">K\u0131l\u0131\u00e7daro\u011flu, partisinin \u00dcsk\u00fcdar Belediye Ba\u015fkan aday\u0131 Sema Barl\u0131n ve CHP&#8217;li G\u00fcrsel Tekin&#8217;le, Turizm ve Yolcu Deniz Ta\u015f\u0131mac\u0131lar Kooperatifi (TURYOL) Y\u00f6netim Kurulu Ba\u015fkan\u0131\u00a0 Yunus Can&#8217;\u0131n bir teknede verdi\u011fi kahvalt\u0131ya kat\u0131ld\u0131.<!--more--><\/p>\n<p style=\"text-align: justify;\">Can, yapt\u0131\u011f\u0131 konu\u015fmada, t\u00fcm h\u00fck\u00fcmetlerin en b\u00fcy\u00fck sorununun \u0130stanbul&#8217;un ula\u015f\u0131m\u0131 oldu\u011funu ve \u015fimdiye kadar ula\u015f\u0131m konusunda ge\u00e7ici \u00e7\u00f6z\u00fcmler yap\u0131ld\u0131\u011f\u0131n\u0131 ileri s\u00fcrd\u00fc. Yunus Can, &#8220;\u0130stanbul&#8217;da deniz ula\u015f\u0131m\u0131n\u0131n pay\u0131 hi\u00e7bir zaman y\u00fczde 3&#8217;\u00fc ge\u00e7memi\u015ftir. Biz \u00e7a\u011fda\u015fla\u015fma yolunda b\u00fcy\u00fck yol ald\u0131k. Ancak ayn\u0131 yap\u0131y\u0131 idareden g\u00f6remedik. 60 tane gemimiz var ve tam kapasiteyle \u00e7al\u0131\u015ft\u0131\u011f\u0131m\u0131z zaman bir seferde 36 bin yolcu ta\u015f\u0131yabiliyoruz. Bu filo, \u0130BB&#8217;nin yanl\u0131\u015f tutumu sonucunda ancak y\u00fczde 45&#8217;ini kullanabiliyor&#8221; g\u00f6r\u00fc\u015f\u00fcn\u00fc savundu.<\/p>\n<p style=\"text-align: justify;\">K\u0131l\u0131\u00e7daro\u011flu da \u0130stanbulluyu denizle bulu\u015fturman\u0131n kendilerinin temel ama\u00e7lar\u0131ndan biri oldu\u011funu belirterek, \u00f6zel sekt\u00f6r\u00fcn denizden daha fazla pay almas\u0131n\u0131n olanaklar\u0131n\u0131 yaratacaklar\u0131n\u0131 s\u00f6yledi.<\/p>\n<p style=\"text-align: justify;\">\u0130stanbul&#8217;un trafi\u011fini \u00e7\u00f6zmenin yolunun deniz ula\u015f\u0131m\u0131na a\u011f\u0131rl\u0131k vermekten ge\u00e7ti\u011fini ifade eden K\u0131l\u0131\u00e7daro\u011flu, s\u00f6zlerine \u015f\u00f6yle devam etti:<\/p>\n<p style=\"text-align: justify;\">&#8220;E\u011fer biz bu metropolde ula\u015f\u0131m sorununu \u00e7\u00f6zmek istiyorsak denizcili\u011fin pay\u0131n\u0131 art\u0131rmam\u0131z gerekiyor. Denizcili\u011fin ula\u015f\u0131mda bir \u00e7ok art\u0131s\u0131 var. Yola asfalt d\u00f6\u015fersiniz, makinelerle yolu d\u00fczeltirsiniz ve yol a\u00e7ars\u0131n\u0131z ara\u00e7lar gider. Pahal\u0131 bir y\u00f6ntemdir. Denize asfalt d\u00f6kmeyeceksiniz, istimlak yapmayacaks\u0131n\u0131z. \u0130skeleler yapacaks\u0131n\u0131z ve insanlar deniz yoluyla iki yaka aras\u0131nda hem seyahat edecek hem de do\u011fay\u0131 seyredecek. Bunu d\u00fc\u015f\u00fcnmeyen bir belediyeyi ak\u0131lla, mant\u0131kla ba\u011fda\u015ft\u0131rmak m\u00fcmk\u00fcn de\u011fil. T\u00fcm sahilleri halka a\u00e7aca\u011f\u0131z. Kara ula\u015f\u0131m\u0131n\u0131 denizle desteklemezseniz, kara ula\u015f\u0131m\u0131 bir s\u00fcre sonra t\u0131kan\u0131r. Bununla ilgili ciddi projelerimiz var. Ayr\u0131ca 65 ya\u015f ve \u00fcst\u00fc b\u00fct\u00fcn vatanda\u015flar, kamu ula\u015f\u0131m ara\u00e7lar\u0131ndan \u00fccretsiz yararlanacak.&#8221;<\/p>\n<p style=\"text-align: justify;\">G\u00fcrsel Tekin de &#8220;\u0130SFALT A.\u015e&#8217;nin bir \u015firkete, bir y\u0131ll\u0131k s\u00fcre i\u00e7erisinde teknik dan\u0131\u015fmanl\u0131k bedeli olarak toplam 3 milyon 785 bin avro KDV \u00f6dedi\u011fini&#8221; iddia ederek, &#8220;Bu dan\u0131\u015fmanl\u0131k hizmetinin bir sonucu olacak ki, bak\u0131yorsunuz yap\u0131lan asfaltlarda \u00e7atlaklar, \u00e7\u00f6kmeler var. Yama \u00fczerine yama yap\u0131l\u0131yor. Hem Amerikan Asfalt Enstit\u00fcs\u00fc&#8217;nden destek alacaks\u0131n\u0131z, hem T\u00dcB\u0130TAK ve Karayollar\u0131 Genel M\u00fcd\u00fcrl\u00fc\u011f\u00fc ile birlikte \u00e7al\u0131\u015facaks\u0131n\u0131z. Bunlar\u0131n deste\u011fi yetmemi\u015f olacak ki, bu konuda hi\u00e7bir bilgi birikimi olmayan bir firmaya bu kadar para \u00f6deyeceksiniz&#8221; dedi.<\/p>\n<p style=\"text-align: justify;\"><strong>-SORULAR-<\/strong><\/p>\n<p style=\"text-align: justify;\">Kemal K\u0131l\u0131\u00e7daro\u011flu, daha sonra bas\u0131n mensuplar\u0131n\u0131n sorular\u0131n\u0131 yan\u0131tlad\u0131. Bir gazetecinin, &#8220;S\u00fcrekli organize i\u015fler, organize yolsuzluk ifadesini kullan\u0131yorsunuz. Bu \u00e7ok a\u011f\u0131r bir itham. Biz sizden belge bekliyoruz&#8221; s\u00f6zleri \u00fczerine K\u0131l\u0131\u00e7daro\u011flu, temel hedeflerinin \u0130stanbul&#8217;u nas\u0131l y\u00f6neteceklerini \u0130stanbullulara anlatmak oldu\u011funu ve olay\u0131 sadece yolsuzluk ba\u011flam\u0131nda kurgulamak istemediklerini s\u00f6yledi. K\u0131l\u0131\u00e7daro\u011flu, \u015fu iddialarda bulundu:<\/p>\n<p style=\"text-align: justify;\">&#8220;\u0130SFALT olay\u0131nda organize bir yolsuzluk vard\u0131r. Siz hangi gerek\u00e7eyle bir \u015firkete 3 milyon 785 bin avroluk paray\u0131 verirsiniz. Say\u0131n Topba\u015f, \u0131srarla sorular\u0131 yan\u0131tlamaktan ka\u00e7\u0131n\u0131yor. Say\u0131n Topba\u015f&#8217;a ben \u015funu sordum, &#8217;23 \u015firketin bilan\u00e7olar\u0131n\u0131 niye a\u00e7\u0131klam\u0131yorsun?&#8217; A\u00e7\u0131klamad\u0131, 21&#8217;ini ben a\u00e7\u0131klad\u0131m. \u00c7a\u011fda\u015f bir \u00fclkede olsa, o belediye ba\u015fkan\u0131n\u0131n utanmas\u0131, s\u0131k\u0131lmas\u0131 ve o g\u00f6revinden istifa etmesi laz\u0131m. Elinin alt\u0131ndaki bilgiyi a\u00e7\u0131klamaya cesaret edemiyor, ben a\u00e7\u0131kl\u0131yorum. Ama say\u0131n Topba\u015f, bunlar\u0131 g\u00f6rmezlikten geliyor. Ahlaki olarak o koltukta oturamaz art\u0131k. \u015eu a\u00e7\u0131klamay\u0131 yapt\u0131, &#8216;biz bunlar\u0131 ticaret siciline veriyoruz. Ayr\u0131ca vatanda\u015flar isterse bilgi edinme yasas\u0131na g\u00f6re de bilgi veriyoruz.&#8217;<\/p>\n<p style=\"text-align: justify;\">Bilgi edinme yasas\u0131na g\u00f6re, bir vatanda\u015f\u0131n bilgi edinme iste\u011finde bulunuyor ve B\u00fcy\u00fck\u015fehir Belediyesi bilgi vermiyor. \u00dcst kurula m\u00fcracaat ediyor bu vatanda\u015f\u0131m\u0131z. Bilgi Edinme \u00dcst Kurulu oy birli\u011fi ile bu bilgiyi vereceksin diyor. &#8216;Ona ra\u011fmen bilginin verilmedi\u011fini ispat edersem Kadir Topba\u015f olarak g\u00f6revinizi b\u0131rakacak m\u0131s\u0131n\u0131z?&#8217;, dedim. Say\u0131n Topba\u015f, bunu da duymazl\u0131ktan geldi. Say\u0131n Topba\u015f, organize su\u00e7lulu\u011fun i\u00e7indedir, imar rantlar\u0131n\u0131 da\u011f\u0131tan \u015febekenin ba\u015f\u0131ndad\u0131r. \u0130BB&#8217;nin b\u00fcrokratlar\u0131n\u0131n kararlar\u0131na ra\u011fmen kendi yanda\u015flar\u0131na \u0130stanbul&#8217;un rant\u0131n\u0131 pe\u015fke\u015f \u00e7ektiren ekibin ba\u015f\u0131ndad\u0131r.&#8221;<\/p>\n<p style=\"text-align: justify;\"><strong>K\u0130M BU SERDER KEPENEK?<\/strong><\/p>\n<p style=\"text-align: justify;\">K\u0131l\u0131\u00e7daro\u011flu, \u0130SFALT&#8217;\u0131n, tabloya bak\u0131ld\u0131\u011f\u0131nda Amerika Asfalt Enstit\u00fcs\u00fc&#8217;nden, T\u00dcB\u0130TAK&#8217;tan, Karayollar\u0131 Genel M\u00fcd\u00fcrl\u00fc\u011f\u00fcnden ve kendi i\u00e7indeki AR-GE b\u00f6l\u00fcm\u00fcnden yard\u0131m ald\u0131\u011f\u0131n\u0131n g\u00f6z\u00fckt\u00fc\u011f\u00fcn\u00fc belirterek, \u015fu g\u00f6r\u00fc\u015fleri ileri s\u00fcrd\u00fc:<\/p>\n<p style=\"text-align: justify;\">&#8220;Ad\u0131 san\u0131 belli olmayan bir \u015firkete 3 milyon 700 bin avro yat\u0131r\u0131yorsun. \u0130stanbul&#8217;un hangi asfalt sorunu \u00e7\u00f6z\u00fcld\u00fc? Bir belediye ba\u015fkan\u0131 bu paray\u0131 niye verdi\u011fini a\u00e7\u0131klayamaz m\u0131? Kimin paras\u0131 bu? Say\u0131n Topba\u015f&#8217;\u0131n m\u0131, \u0130stanbullular&#8217;\u0131n m\u0131? Bu \u015firketin ortaklar\u0131ndan bir tanesi Serdar Kepenek. Kim bu Serdar Kepenek, Kadir Topba\u015f a\u00e7\u0131klas\u0131n. Neden \u00e7ekiniyor? &#8216;Biz i\u015fimize bakar\u0131z&#8217; diyor say\u0131n Topba\u015f. Ne i\u015flere bakt\u0131\u011f\u0131n\u0131 biliyorum, ben o t\u00fcr i\u015flere bakan adamlar\u0131 zaten masaya \u00e7ekmek istiyorum. Vatanda\u015f\u0131n i\u015fine bakacaks\u0131n, kendi i\u015fine bakmayacaks\u0131n. Kendi i\u015fine bak\u0131yorsan biliyoruz ki mal\u0131 g\u00f6t\u00fcr\u00fcyorsun. Serdar Kepenek&#8217;in asfalt konusundaki birikimi nedir? Amerikan Asfalt Enstit\u00fcs\u00fc&#8217;nden ve T\u00dcB\u0130TAK&#8217;tan daha fazla bir birikimi mi var? Nedir bu \u015firket? Amerikan Asfalt Enstit\u00fcs\u00fc ile T\u00dcB\u0130TAK ile anla\u015fmalar\u0131 iptal edelim, kendi i\u00e7indeki AR-GE b\u00f6l\u00fcm\u00fcn\u00fc de kald\u0131ral\u0131m. O zaman buradan dan\u0131\u015fmanl\u0131k hizmetini als\u0131nlar. Ben bu paran\u0131n hesab\u0131n\u0131 istiyorum.<\/p>\n<p style=\"text-align: justify;\">Say\u0131n Topba\u015f hesab\u0131n\u0131 versin. Kar\u015f\u0131ma \u00e7\u0131kmaya korkuyorsan\u0131z, rant \u015febekesinin i\u00e7indesiniz demektir. \u0130BB&#8217;nin asfalt d\u00f6k\u00fcm\u00fc do\u011fru de\u011fil. Organize bir \u00f6rg\u00fct var \u00f6n\u00fcm\u00fczde, \u0130stanbul&#8217;un rantlar\u0131n\u0131 payla\u015fan, \u0130stanbul&#8217;a a\u00e7l\u0131\u011f\u0131 getiren bir \u00f6rg\u00fct var. Bu \u00f6rg\u00fct\u00fcn ba\u015f\u0131nda da Say\u0131n Recep Tayyip Erdo\u011fan ve Kadir Topba\u015f var.&#8221;<\/p>\n<p style=\"text-align: justify;\"><span style=\"color: #888888;\">AA<\/span><\/p>\n","protected":false},"excerpt":{"rendered":"<p style=\"text-align: center;\">\n<p style=\"text-align: justify;\">K\u0131l\u0131\u00e7daro\u011flu&#8217;ndan Topba\u015f&#8217;a 3 milyon 785 bin Euro&#8217;luk yolsuzluk su\u00e7lamas\u0131&#8230; <\/p>\n<p style=\"text-align: justify;\">CHP \u0130stanbul B\u00fcy\u00fck\u015fehir Belediye Ba\u015fkan aday\u0131 Kemal K\u0131l\u0131\u00e7daro\u011flu, &#8220;B\u00fcy\u00fck\u015fehir Belediyesinin asfalt d\u00f6k\u00fcm\u00fc do\u011fru de\u011fil. Organize bir \u00f6rg\u00fct var \u00f6n\u00fcm\u00fczde, \u0130stanbul&#8217;un rantlar\u0131n\u0131 payla\u015fan, \u0130stanbul&#8217;a a\u00e7l\u0131\u011f\u0131 getiren bir \u00f6rg\u00fct var&#8221; iddias\u0131nda bulundu.<\/p>\n<p style=\"text-align: justify;\">K\u0131l\u0131\u00e7daro\u011flu, partisinin \u00dcsk\u00fcdar Belediye Ba\u015fkan aday\u0131 <\/p>\n","protected":false},"author":1,"featured_media":0,"comment_status":"open","ping_status":"closed","sticky":false,"template":"","format":"standard","meta":{"footnotes":""},"categories":[105],"tags":[],"class_list":["post-5760","post","type-post","status-publish","format-standard","hentry","category-gundem","odd"],"_links":{"self":[{"href":"http:\/\/www.korhanyilmaz.com\/index.php?rest_route=\/wp\/v2\/posts\/5760","targetHints":{"allow":["GET"]}}],"collection":[{"href":"http:\/\/www.korhanyilmaz.com\/index.php?rest_route=\/wp\/v2\/posts"}],"about":[{"href":"http:\/\/www.korhanyilmaz.com\/index.php?rest_route=\/wp\/v2\/types\/post"}],"author":[{"embeddable":true,"href":"http:\/\/www.korhanyilmaz.com\/index.php?rest_route=\/wp\/v2\/users\/1"}],"replies":[{"embeddable":true,"href":"http:\/\/www.korhanyilmaz.com\/index.php?rest_route=%2Fwp%2Fv2%2Fcomments&post=5760"}],"version-history":[{"count":0,"href":"http:\/\/www.korhanyilmaz.com\/index.php?rest_route=\/wp\/v2\/posts\/5760\/revisions"}],"wp:attachment":[{"href":"http:\/\/www.korhanyilmaz.com\/index.php?rest_route=%2Fwp%2Fv2%2Fmedia&parent=5760"}],"wp:term":[{"taxonomy":"category","embeddable":true,"href":"http:\/\/www.korhanyilmaz.com\/index.php?rest_route=%2Fwp%2Fv2%2Fcategories&post=5760"},{"taxonomy":"post_tag","embeddable":true,"href":"http:\/\/www.korhanyilmaz.com\/index.php?rest_route=%2Fwp%2Fv2%2Ftags&post=5760"}],"curies":[{"name":"wp","href":"https:\/\/api.w.org\/{rel}","templated":true}]}}