{"id":5753,"date":"2009-03-19T09:34:01","date_gmt":"2009-03-19T07:34:01","guid":{"rendered":"http:\/\/www.korhanyilmaz.com\/?p=5753"},"modified":"2009-03-19T09:34:01","modified_gmt":"2009-03-19T07:34:01","slug":"secim-yasaklari-basladi","status":"publish","type":"post","link":"http:\/\/www.korhanyilmaz.com\/?p=5753","title":{"rendered":"Se\u00e7im yasaklar\u0131 ba\u015flad\u0131"},"content":{"rendered":"<p style=\"text-align: center;\"><img loading=\"lazy\" decoding=\"async\" class=\"aligncenter size-full wp-image-5754\" title=\"Se\u00e7im yasaklar\u0131 ba\u015flad\u0131\" src=\"http:\/\/www.korhanyilmaz.com\/wp-content\/uploads\/2009\/03\/secim1-300x258.jpg\" alt=\"Se\u00e7im yasaklar\u0131 ba\u015flad\u0131\" width=\"270\" height=\"232\" \/><\/p>\n<p style=\"text-align: justify;\">\n<p style=\"text-align: justify;\"><strong>29 Mart se\u00e7imleri i\u00e7in propaganda yasa\u011f\u0131 bug\u00fcn ba\u015flad\u0131. Bug\u00fcnden itibaren a\u00e7\u0131l\u0131\u015f ve temel atma t\u00f6renleri yap\u0131lamayacak. Se\u00e7im propagandas\u0131na d\u00f6n\u00fck gezilerde makam otomobilleri ve resmi hizmete tahsis edilen vas\u0131talar kullan\u0131lamayacak.<\/strong><\/p>\n<p style=\"text-align: justify;\">T\u00fcrkiye genelinde 29 Mart Pazar g\u00fcn\u00fc yap\u0131lacak yerel se\u00e7imler i\u00e7in propaganda yasa\u011f\u0131 ba\u015flad\u0131. Bug\u00fcnden itibaren a\u00e7\u0131l\u0131\u015f ve temel atma t\u00f6renleri yap\u0131lamayacak. Se\u00e7im propagandas\u0131na d\u00f6n\u00fck gezilerde makam otomobilleri ve resmi hizmete tahsis edilen vas\u0131talar kullan\u0131lamayacak.<br \/>\nAyr\u0131ca \u0130l ve il\u00e7e se\u00e7im kurullar\u0131nca g\u00f6sterilenler d\u0131\u015f\u0131nda a\u00e7\u0131k ve kapal\u0131 yerlerde toplu olarak propaganda yap\u0131lamayacak. <!--more-->\n<\/p>\n<p style=\"text-align: justify;\"><strong>PART\u0130LER HERHANG\u0130 B\u0130R HED\u0130YE DA\u011eITAMAYACAK <\/strong><\/p>\n<p style=\"text-align: justify;\">Partiler ve adaylar, kendilerini tan\u0131t\u0131c\u0131 nitelikte bro\u015f\u00fcr ve el ilanlar\u0131 d\u0131\u015f\u0131nda herhangi bir hediye ve e\u015fantiyon da\u011f\u0131tamayacak ve da\u011f\u0131tt\u0131ramayacak. El ilan\u0131 mahiyetindeki matbualar\u0131 da\u011f\u0131tacak ki\u015filerin se\u00e7me yeterlili\u011fine sahip olmas\u0131 gerekecek.<br \/>\nGenel ve katma b\u00fct\u00e7eli idareler, il \u00f6zel idareleri, belediyelerle bunlara ba\u011fl\u0131 daire ve m\u00fcesseseler, iktisadi devlet te\u015fekk\u00fclleri ve bunlar\u0131n kurduklar\u0131 m\u00fcesseseler ve ortakl\u0131klar\u0131 ile di\u011fer kamu t\u00fczel ki\u015filiklerinde memur ve hizmetli olarak \u00e7al\u0131\u015fanlar ilan da\u011f\u0131tamayacak. Kamuya yararl\u0131 dernekler ve bunlarda g\u00f6rev alanlar, siyasi partilere veya adaylara her ne ad alt\u0131nda olursa olsun ba\u011f\u0131\u015f ve yard\u0131mlarda bulunamayacak.\n<\/p>\n<p style=\"text-align: justify;\"><strong>SE\u00c7\u0130M PROPAGANDASINDA T\u00dcRK\u00c7E DI\u015eINDA D\u0130L OLMAYACAK <\/strong><\/p>\n<p style=\"text-align: justify;\">Se\u00e7im propagandalar\u0131nda, T\u00fcrk\u00e7e&#8217;den ba\u015fka dil ve yaz\u0131 kullan\u0131lmayacak. Propaganda i\u00e7in kullan\u0131lan el ilanlar\u0131 ve di\u011fer her t\u00fcrl\u00fc matbualar \u00fczerinde, T\u00fcrk Bayra\u011f\u0131, dini ibareler bulundurulmayacak. Cep telefonlar\u0131yla belli bir merkezden y\u00f6nlendirilmek suretiyle se\u00e7im propagandas\u0131 yap\u0131lamayacak, yap\u0131lmas\u0131 halinde hukuki ve cezai a\u00e7\u0131dan ilgili imtiyaz \u015firketleri sorumlu olacak.<br \/>\nPostaya a\u00e7\u0131ktan, ambalajs\u0131z olarak verilecek el ilan\u0131, bro\u015f\u00fcr gibi bas\u0131lm\u0131\u015f ka\u011f\u0131tlar, belli bir adresi i\u00e7ermesi \u015fart\u0131yla sadece PTT kanal\u0131yla oy verme g\u00fcn\u00fcnden \u00f6nceki g\u00fcn saat 18.00&#8217;e kadar da\u011f\u0131t\u0131labilecek.<br \/>\nBug\u00fcnden itibaren ayr\u0131ca 298 say\u0131l\u0131 Kanun&#8217;un 62. maddesinde say\u0131l\u0131 b\u00fct\u00fcn daire, te\u015fekk\u00fcl ve m\u00fcesseselerle Bankalar Kanunu&#8217;na tabi te\u015fekk\u00fcllere ait kaynaklardan yap\u0131lan i\u015f ve hizmetler dolay\u0131s\u0131yla, a\u00e7\u0131l\u0131\u015f ve temel atmalar\u0131 da kapsayan t\u00f6renler tertiplenemeyecek, nutuk s\u00f6ylenemeyecek, deme\u00e7 verilemeyecek ve bunlar hakk\u0131nda her t\u00fcrl\u00fc vas\u0131tayla yay\u0131nlarda bulunulamayacak.\n<\/p>\n<p style=\"text-align: justify;\"><strong>MAKAM OTOMOB\u0130LLER\u0130 PROPAGANDADA KULLANILMAYACAK <\/strong><\/p>\n<p style=\"text-align: justify;\">Ba\u015fbakan ve bakanlarla, milletvekilleri, se\u00e7im propagandas\u0131yla ilgili gezilerini makam otomobilleri ve resmi hizmete tahsis edilen vas\u0131talarla yapamayacak. Se\u00e7im propaganda d\u00f6nemi 28 Mart Cumartesi Saat 18.00&#8217;de bitecek. Se\u00e7im yasaklar\u0131 ise 29 Mart 2009 saat 24.00&#8217;te sona erecek. Se\u00e7im d\u00f6nemi i\u00e7erisinde,ulusa sesleni\u015f ve benzeri programlar gibi \u00f6zel tan\u0131t\u0131c\u0131 programlar banttan veya canl\u0131 olarak yay\u0131mlanamayacak.<\/p>\n<p style=\"text-align: justify;\"><span style=\"color: #888888;\">ANKA<\/span><\/p>\n","protected":false},"excerpt":{"rendered":"<p style=\"text-align: center;\">\n<p style=\"text-align: justify;\">\n<p style=\"text-align: justify;\">29 Mart se\u00e7imleri i\u00e7in propaganda yasa\u011f\u0131 bug\u00fcn ba\u015flad\u0131. Bug\u00fcnden itibaren a\u00e7\u0131l\u0131\u015f ve temel atma t\u00f6renleri yap\u0131lamayacak. Se\u00e7im propagandas\u0131na d\u00f6n\u00fck gezilerde makam otomobilleri ve resmi hizmete tahsis edilen vas\u0131talar kullan\u0131lamayacak.<\/p>\n<p style=\"text-align: justify;\">T\u00fcrkiye genelinde 29 Mart Pazar g\u00fcn\u00fc yap\u0131lacak yerel se\u00e7imler i\u00e7in propaganda yasa\u011f\u0131 ba\u015flad\u0131. Bug\u00fcnden itibaren a\u00e7\u0131l\u0131\u015f <\/p>\n","protected":false},"author":1,"featured_media":0,"comment_status":"open","ping_status":"closed","sticky":false,"template":"","format":"standard","meta":{"footnotes":""},"categories":[105],"tags":[],"class_list":["post-5753","post","type-post","status-publish","format-standard","hentry","category-gundem","odd"],"_links":{"self":[{"href":"http:\/\/www.korhanyilmaz.com\/index.php?rest_route=\/wp\/v2\/posts\/5753","targetHints":{"allow":["GET"]}}],"collection":[{"href":"http:\/\/www.korhanyilmaz.com\/index.php?rest_route=\/wp\/v2\/posts"}],"about":[{"href":"http:\/\/www.korhanyilmaz.com\/index.php?rest_route=\/wp\/v2\/types\/post"}],"author":[{"embeddable":true,"href":"http:\/\/www.korhanyilmaz.com\/index.php?rest_route=\/wp\/v2\/users\/1"}],"replies":[{"embeddable":true,"href":"http:\/\/www.korhanyilmaz.com\/index.php?rest_route=%2Fwp%2Fv2%2Fcomments&post=5753"}],"version-history":[{"count":0,"href":"http:\/\/www.korhanyilmaz.com\/index.php?rest_route=\/wp\/v2\/posts\/5753\/revisions"}],"wp:attachment":[{"href":"http:\/\/www.korhanyilmaz.com\/index.php?rest_route=%2Fwp%2Fv2%2Fmedia&parent=5753"}],"wp:term":[{"taxonomy":"category","embeddable":true,"href":"http:\/\/www.korhanyilmaz.com\/index.php?rest_route=%2Fwp%2Fv2%2Fcategories&post=5753"},{"taxonomy":"post_tag","embeddable":true,"href":"http:\/\/www.korhanyilmaz.com\/index.php?rest_route=%2Fwp%2Fv2%2Ftags&post=5753"}],"curies":[{"name":"wp","href":"https:\/\/api.w.org\/{rel}","templated":true}]}}