{"id":5720,"date":"2009-03-18T16:11:30","date_gmt":"2009-03-18T14:11:30","guid":{"rendered":"http:\/\/www.korhanyilmaz.com\/?p=5720"},"modified":"2009-03-18T16:11:30","modified_gmt":"2009-03-18T14:11:30","slug":"hedefte-baykal-mi-vardi","status":"publish","type":"post","link":"http:\/\/www.korhanyilmaz.com\/?p=5720","title":{"rendered":"Hedefte Baykal m\u0131 vard\u0131?"},"content":{"rendered":"<p><img loading=\"lazy\" decoding=\"async\" class=\"aligncenter size-full wp-image-5721\" title=\"Hedefte Baykal m\u0131 vard\u0131? \" src=\"http:\/\/www.korhanyilmaz.com\/wp-content\/uploads\/2009\/03\/190320090252092109712.jpg\" alt=\"Hedefte Baykal m\u0131 vard\u0131? \" width=\"320\" height=\"100\" \/><\/p>\n<p style=\"text-align: justify;\"><strong>CHP mitingi i\u00e7in \u00f6nlem alan polis, \u00fc\u00e7 ki\u015fiyi aramak isteyince bir militan polis memuru \u00d6zmek&#8217;i \u015fehit etti<\/strong>.<\/p>\n<p style=\"text-align: justify;\">BURSA Emniyet M\u00fcd\u00fcrl\u00fc\u011f\u00fc ekipleri, CHP Genel Ba\u015fkan\u0131 Deniz Baykal&#8217;\u0131n Fomara Meydan\u0131&#8217;nda d\u00fcnk\u00fc a\u00e7\u0131k hava mitingi i\u00e7in geni\u015f \u00f6nlem ald\u0131. Kestel \u0130l\u00e7esi&#8217;nde Ahmet Vefik Pa\u015fa Mahallesi&#8217;nde 1&#8217;i kad\u0131n, 3 ki\u015fiden \u015f\u00fcphelenen Kestel \u0130l\u00e7e Emniyet M\u00fcd\u00fcrl\u00fc\u011f\u00fc&#8217;nde g\u00f6revli polis memuru \u0130smail \u00d6zmek, bu ki\u015filerin \u00fczerini aramak istedi. Bu s\u0131rada silah\u0131n\u0131 \u00e7\u0131kartan 3 ki\u015fiden biri ate\u015f etti. Polis memuru \u0130smail \u00d6zmek, karn\u0131ndan a\u011f\u0131r yaraland\u0131. Ka\u00e7an sald\u0131rganlardan biri k\u0131sa s\u00fcrede yakalan\u0131rken biri erkek, di\u011feri kad\u0131n iki ki\u015fi ka\u00e7t\u0131. Ambulansla hastaneye kald\u0131r\u0131lan bir \u00e7ocuk babas\u0131 polis memuru \u0130smail \u00d6zbek, kurtar\u0131lamayarak \u015fehit oldu. Yakalanan zanl\u0131n\u0131n \u00fczerinden \u00c7orum n\u00fcfusuna kay\u0131tl\u0131 olan \u00f6lm\u00fc\u015f Mehmet Kaya ad\u0131na kimlik \u00e7\u0131karken, bu ki\u015fi Ter\u00f6rle M\u00fccadele \u015eubesi&#8217;nde sorguya al\u0131nd\u0131.<!--more--><\/p>\n<p style=\"text-align: justify;\"><strong>\u015e\u00fcpheli, MLKP \u00fcyesi \u00e7\u0131kt\u0131<\/strong><\/p>\n<p style=\"text-align: justify;\">Kestel&#8217;de polis memuru \u00d6zbek&#8217;i \u015fehit ettikten sonra Bursa&#8217;ya getirilmek istenirken il\u00e7e halk\u0131 taraf\u0131ndan lin\u00e7 edilmek istenen zanl\u0131n\u0131n Kocaeli&#8217;nde ikamet eden ve MLKP \u00fcyesi Ender Bulhaz Akt\u00fcrk oldu\u011fu \u00f6\u011frenildi. Kalabal\u0131\u011f\u0131n elinden g\u00fc\u00e7l\u00fckle kurtar\u0131lan Akt\u00fcrk, Bursa Emniyet M\u00fcd\u00fcrl\u00fc\u011f\u00fc&#8217;ne, arka kap\u0131dan battaniyeye sar\u0131larak getirildi. Ara\u00e7tan \u00e7\u0131kmamak i\u00e7in direnen ve &#8220;\u0130nsanl\u0131k onuru i\u015fkenceyi yenecek&#8221; diye slogan atan Akt\u00fcrk, Emniyet&#8217;te sorguya al\u0131nd\u0131. Bursa Valisi \u015eahabettin Harput, yakalanan ki\u015finin MLKP \u00fcyesi Ender Bulhaz Akt\u00fcrk oldu\u011funu ve Marmara B\u00f6lgesi&#8217;nde \u00f6rg\u00fctsel \u00e7al\u0131\u015fmalara kat\u0131ld\u0131\u011f\u0131n\u0131 bildirdi. Vali, olay s\u0131ras\u0131nda Akt\u00fcrk&#8217;\u00fcn yan\u0131nda sadece 25 ya\u015flar\u0131nda bir kad\u0131n\u0131n oldu\u011funu ve arand\u0131\u011f\u0131n\u0131 da a\u00e7\u0131klad\u0131.<\/p>\n<p style=\"text-align: justify;\"><strong>\u015eEH\u0130T POL\u0130S BURSA&#8217;DA TOPRA\u011eA VER\u0130LECEK<\/strong><\/p>\n<p style=\"text-align: justify;\">Trabzonlu olan \u015fehit polis memuru \u0130smail \u00d6zbek&#8217;in bug\u00fcn saat 14.30&#8217;daki t\u00f6renden sonra, Kestel&#8217;deki Merkez Camii&#8217;nde ikindide k\u0131l\u0131nacak cenaze namaz\u0131n\u0131n ard\u0131ndan Kestel Mezarl\u0131\u011f\u0131&#8217;nda topra\u011fa verilece\u011fi \u00f6\u011frenildi. \u00c7\u0131nar \u00d6zbek&#8217;le evli olan \u015fehit polisin 6 ya\u015f\u0131nda \u00d6mer ad\u0131nda bir o\u011flunun oldu\u011fu \u00f6\u011frenildi.<\/p>\n<p style=\"text-align: justify;\"><strong>Erdo\u011fan&#8217;\u0131n mitinginde tabancayla yakalanan \u015f\u00fcpheli sorguda<\/strong><\/p>\n<p style=\"text-align: justify;\">BA\u015eBAKAN Tayyip Erdo\u011fan&#8217;\u0131n ge\u00e7ti\u011fimiz pazartesi g\u00fcn\u00fc Tekirda\u011f&#8217;da d\u00fczenledi\u011fi mitingde \u00fczerinde tabanca ile yakalanan bir ki\u015finin sorgusu s\u00fcr\u00fcyor. Ba\u015fbakan Erdo\u011fan, 29 Mart Yerel Se\u00e7im \u00e7al\u0131\u015fmalar\u0131 kapsam\u0131nda 16 Mart Pazartesi g\u00fcn\u00fc Tekirda\u011f&#8217;dayd\u0131. Erdo\u011fan&#8217;\u0131n Cengiz Topel Meydan\u0131&#8217;nda saat 16.00&#8217;da d\u00fczenledi\u011fi miting s\u0131ras\u0131nda polisler k\u00fcrs\u00fcn\u00fcn yan\u0131nda bulunan bir ki\u015finin \u00fczerinden sinyal sesi ald\u0131. Bunun \u00fczerine \u00e7evresi sar\u0131lan \u015f\u00fcpheli g\u00f6zalt\u0131na al\u0131narak Erdo\u011fan&#8217;\u0131n konu\u015ftu\u011fu platformun arka b\u00f6l\u00fcm\u00fcne g\u00f6t\u00fcr\u00fclerek \u00fczeri arand\u0131. Yap\u0131lan aramada \u015f\u00fcphelinin \u00fczerinden 7.65 mm. \u00e7ap\u0131nda ruhsats\u0131z bir tabanca \u00e7\u0131kt\u0131. Miting s\u0131ras\u0131nda panik ya\u015fanmamas\u0131 i\u00e7in g\u00f6zalt\u0131na al\u0131nan ve ad\u0131 a\u00e7\u0131klanmayan \u015f\u00fcpheli platform arkas\u0131nda Ba\u015fbakanl\u0131k korumalar\u0131n\u0131n yapt\u0131\u011f\u0131 k\u0131sa bir sorgudan sonra Tekirda\u011f Emniyeti&#8217;ne g\u00f6t\u00fcr\u00fcld\u00fc.<\/p>\n<p style=\"text-align: justify;\"><strong>\u015e\u00fcphelinin akli dengesi bozuk<\/strong><\/p>\n<p style=\"text-align: justify;\">Suikast haz\u0131rl\u0131\u011f\u0131 yapt\u0131\u011f\u0131 d\u00fc\u015f\u00fcn\u00fclerek g\u00f6zalt\u0131na al\u0131nan \u015f\u00fcphelinin yap\u0131lan kontrollerinde akli dengesinin yerinde olmad\u0131\u011f\u0131 ortaya \u00e7\u0131kt\u0131. Tekirda\u011f&#8217;da iki g\u00fcn boyunca sorgulanan \u015f\u00fcpheli, olay\u0131n m\u00fcnferit olup olmad\u0131\u011f\u0131n\u0131n bir kez daha sorgulanmas\u0131 i\u00e7in \u0130stanbul&#8217;a g\u00f6nderildi. \u015e\u00fcphelinin \u00fczerinden \u00e7\u0131kan silah da balistik inceleme i\u00e7in savc\u0131l\u0131\u011fa g\u00f6nderildi.<\/p>\n<p style=\"text-align: justify;\"><span style=\"color: #888888;\">Kaynak : Vatan Gazetesi-\u0130stihbarat<\/span><\/p>\n<p style=\"text-align: justify;\">\n","protected":false},"excerpt":{"rendered":"<\/p>\n<p style=\"text-align: justify;\">CHP mitingi i\u00e7in \u00f6nlem alan polis, \u00fc\u00e7 ki\u015fiyi aramak isteyince bir militan polis memuru \u00d6zmek&#8217;i \u015fehit etti.<\/p>\n<p style=\"text-align: justify;\">BURSA Emniyet M\u00fcd\u00fcrl\u00fc\u011f\u00fc ekipleri, CHP Genel Ba\u015fkan\u0131 Deniz Baykal&#8217;\u0131n Fomara Meydan\u0131&#8217;nda d\u00fcnk\u00fc a\u00e7\u0131k hava mitingi i\u00e7in geni\u015f \u00f6nlem ald\u0131. Kestel \u0130l\u00e7esi&#8217;nde Ahmet Vefik Pa\u015fa Mahallesi&#8217;nde 1&#8217;i kad\u0131n, 3 ki\u015fiden \u015f\u00fcphelenen Kestel \u0130l\u00e7e Emniyet <\/p>\n","protected":false},"author":1,"featured_media":0,"comment_status":"open","ping_status":"closed","sticky":false,"template":"","format":"standard","meta":{"footnotes":""},"categories":[105],"tags":[],"class_list":["post-5720","post","type-post","status-publish","format-standard","hentry","category-gundem","odd"],"_links":{"self":[{"href":"http:\/\/www.korhanyilmaz.com\/index.php?rest_route=\/wp\/v2\/posts\/5720","targetHints":{"allow":["GET"]}}],"collection":[{"href":"http:\/\/www.korhanyilmaz.com\/index.php?rest_route=\/wp\/v2\/posts"}],"about":[{"href":"http:\/\/www.korhanyilmaz.com\/index.php?rest_route=\/wp\/v2\/types\/post"}],"author":[{"embeddable":true,"href":"http:\/\/www.korhanyilmaz.com\/index.php?rest_route=\/wp\/v2\/users\/1"}],"replies":[{"embeddable":true,"href":"http:\/\/www.korhanyilmaz.com\/index.php?rest_route=%2Fwp%2Fv2%2Fcomments&post=5720"}],"version-history":[{"count":0,"href":"http:\/\/www.korhanyilmaz.com\/index.php?rest_route=\/wp\/v2\/posts\/5720\/revisions"}],"wp:attachment":[{"href":"http:\/\/www.korhanyilmaz.com\/index.php?rest_route=%2Fwp%2Fv2%2Fmedia&parent=5720"}],"wp:term":[{"taxonomy":"category","embeddable":true,"href":"http:\/\/www.korhanyilmaz.com\/index.php?rest_route=%2Fwp%2Fv2%2Fcategories&post=5720"},{"taxonomy":"post_tag","embeddable":true,"href":"http:\/\/www.korhanyilmaz.com\/index.php?rest_route=%2Fwp%2Fv2%2Ftags&post=5720"}],"curies":[{"name":"wp","href":"https:\/\/api.w.org\/{rel}","templated":true}]}}