{"id":5716,"date":"2009-03-19T08:47:19","date_gmt":"2009-03-19T06:47:19","guid":{"rendered":"http:\/\/www.korhanyilmaz.com\/?p=5716"},"modified":"2009-03-19T08:47:19","modified_gmt":"2009-03-19T06:47:19","slug":"camdan-atildim-kapidan-donecegim","status":"publish","type":"post","link":"http:\/\/www.korhanyilmaz.com\/?p=5716","title":{"rendered":"Camdan at\u0131ld\u0131m kap\u0131dan d\u00f6nece\u011fim"},"content":{"rendered":"<p><img loading=\"lazy\" decoding=\"async\" class=\"aligncenter size-full wp-image-5717\" title=\"Karayal\u00e7\u0131n\u2019\u0131n G\u00f6k\u00e7ek d\u00f6neminde camdan at\u0131ld\u0131\u011f\u0131n\u0131 s\u00f6yledi\u011fi sekreteri Fato\u015f Bozkurt\" src=\"http:\/\/www.korhanyilmaz.com\/wp-content\/uploads\/2009\/03\/190320090848087155457.jpg\" alt=\"Karayal\u00e7\u0131n\u2019\u0131n G\u00f6k\u00e7ek d\u00f6neminde camdan at\u0131ld\u0131\u011f\u0131n\u0131 s\u00f6yledi\u011fi sekreteri Fato\u015f Bozkurt\" width=\"320\" height=\"100\" \/><\/p>\n<p style=\"text-align: justify;\"><strong>Karayal\u00e7\u0131n&#8217;\u0131n G\u00f6k\u00e7ek d\u00f6neminde camdan at\u0131ld\u0131\u011f\u0131n\u0131 s\u00f6yledi\u011fi sekreteri Fato\u015f Bozkurt konu\u015ftu<\/strong><\/p>\n<p style=\"text-align: justify;\">CHP&#8217;nin Ankara B\u00fcy\u00fck\u015fehir Belediye Ba\u015fkan aday\u0131 Murat Karayal\u00e7\u0131n&#8217;\u0131n, Melih G\u00f6k\u00e7ek d\u00f6neminde camdan at\u0131ld\u0131\u011f\u0131n\u0131 s\u00f6yledi\u011fi sekreteri Fato\u015f Bozkurt, ya\u015fad\u0131klar\u0131n\u0131 anlatt\u0131.<\/p>\n<p style=\"text-align: justify;\">Bozkurt, 1994&#8217;te, Refah Partili (RP) G\u00f6k\u00e7ek ba\u015fkanl\u0131\u011f\u0131ndaki belediye y\u00f6netimince i\u015ften \u00e7\u0131kar\u0131ld\u0131ktan sonra, belediyeye d\u0131\u015far\u0131dan gelen \u00e7ember sakall\u0131 bir grup taraf\u0131ndan sald\u0131r\u0131ya u\u011frad\u0131klar\u0131n\u0131 ve camdan itildi\u011fini s\u00f6yledi. Bozkurt, 1994&#8217;te RP aday\u0131 G\u00f6k\u00e7ek&#8217;in Belediye Ba\u015fkan\u0131 olmas\u0131n\u0131n ard\u0131ndan 19 kad\u0131n arkada\u015f\u0131yla birlikte Park ve Bah\u00e7eler M\u00fcd\u00fcrl\u00fc\u011f\u00fc&#8217;ne g\u00f6nderildi\u011fini ve parklarda kazma k\u00fcrekle \u00e7al\u0131\u015fmaya ba\u015flad\u0131klar\u0131 anlatt\u0131. \u0130\u015ften at\u0131ld\u0131ktan sonra 12 Eyl\u00fcl 1994&#8217;te arkada\u015flar\u0131yla Ankara B\u00fcy\u00fck\u015fehir Belediye Meclisi&#8217;nin Ulus&#8217;taki toplant\u0131s\u0131na gitmeye karar verdiklerini belirten Bozkurt, toplant\u0131n\u0131n yap\u0131ld\u0131\u011f\u0131 binaya gitmelerinden bir s\u00fcre sonra, \u00e7ember sakall\u0131 kalabal\u0131k bir grubun binaya girdi\u011fini ve darp edildiklerini s\u00f6yledi. <!--more--><\/p>\n<p style=\"text-align: justify;\"><strong>&#8216;Sa\u00e7lar\u0131m\u0131zdan s\u00fcr\u00fcklediler&#8217;<\/strong><\/p>\n<p style=\"text-align: justify;\">Baz\u0131 kad\u0131n arkada\u015flar\u0131n\u0131n da sa\u00e7lar\u0131ndan s\u00fcr\u00fcklendi\u011fini belirtti. Bozkurt, grubun, ayakl\u0131 metal k\u00fcl tablalar\u0131 ile \u00fczerlerine sald\u0131rd\u0131\u011f\u0131n\u0131, bu esnada apartman bo\u015flu\u011funa bakan birinci kat penceresinden a\u015fa\u011f\u0131ya itildi\u011fini s\u00f6yledi.<br \/>\nPervaza tutunma \u00e7abas\u0131na ra\u011fmen bo\u015flu\u011fa d\u00fc\u015ft\u00fc\u011f\u00fcn\u00fc ifade eden Bozkurt, &#8220;Ayak bileklerimden kemikler f\u0131rlam\u0131\u015ft\u0131. Havaland\u0131rma bo\u015flu\u011fundan apartmana girdim. Yukar\u0131 \u00e7\u0131karken iki ki\u015fi yolumu kesti. Onlara eskiden kalan \u00f6zel kalem kimli\u011fimi g\u00f6sterip &#8216;Kap\u0131y\u0131 a\u00e7\u0131n&#8217; dedim. Bir arabaya binip hastaneye gittik&#8221; dedi. Bozkurt, k\u0131r\u0131lan aya\u011f\u0131na platin tak\u0131ld\u0131\u011f\u0131n\u0131, ya\u015fad\u0131\u011f\u0131 korku nedeniyle de panik ataklar ge\u00e7irmeye ba\u015flad\u0131\u011f\u0131n\u0131, iki ameliyat ge\u00e7irdi\u011fi aya\u011f\u0131ndan bir ameliyat daha olmas\u0131 gerekti\u011fini kaydetti.\n<\/p>\n<p style=\"text-align: justify;\"><strong>&#8216;Karayal\u00e7\u0131n&#8217;la d\u00f6nece\u011fim&#8217;<\/strong><\/p>\n<p style=\"text-align: justify;\">Bozkurt, 1999&#8217;daki adayl\u0131\u011f\u0131 s\u00fcrecinde Karayal\u00e7\u0131n&#8217;\u0131n yan\u0131na d\u00f6nd\u00fc\u011f\u00fcn\u00fc ve \u015fimdi de yan\u0131nda oldu\u011funu belirterek, &#8220;(G\u00f6k\u00e7ek&#8217;e) oy verirken nas\u0131l bir zihniyete oy verdiklerini g\u00f6rs\u00fcnler. \u0130lahi adalete g\u00fcveniyorum. Camdan at\u0131ld\u0131m, kap\u0131dan d\u00f6nece\u011fim. Se\u00e7ilirse, Murat Bey ne g\u00f6rev verirse yapaca\u011f\u0131m&#8221; dedi.<\/p>\n<p style=\"text-align: justify;\"><span style=\"color: #888888;\">Kaynak : Vatan Gazetesi<\/span><\/p>\n","protected":false},"excerpt":{"rendered":"<\/p>\n<p style=\"text-align: justify;\">Karayal\u00e7\u0131n&#8217;\u0131n G\u00f6k\u00e7ek d\u00f6neminde camdan at\u0131ld\u0131\u011f\u0131n\u0131 s\u00f6yledi\u011fi sekreteri Fato\u015f Bozkurt konu\u015ftu<\/p>\n<p style=\"text-align: justify;\">CHP&#8217;nin Ankara B\u00fcy\u00fck\u015fehir Belediye Ba\u015fkan aday\u0131 Murat Karayal\u00e7\u0131n&#8217;\u0131n, Melih G\u00f6k\u00e7ek d\u00f6neminde camdan at\u0131ld\u0131\u011f\u0131n\u0131 s\u00f6yledi\u011fi sekreteri Fato\u015f Bozkurt, ya\u015fad\u0131klar\u0131n\u0131 anlatt\u0131.<\/p>\n<p style=\"text-align: justify;\">Bozkurt, 1994&#8217;te, Refah Partili (RP) G\u00f6k\u00e7ek ba\u015fkanl\u0131\u011f\u0131ndaki belediye y\u00f6netimince i\u015ften \u00e7\u0131kar\u0131ld\u0131ktan sonra, belediyeye d\u0131\u015far\u0131dan gelen \u00e7ember sakall\u0131 bir grup <\/p>\n","protected":false},"author":1,"featured_media":0,"comment_status":"open","ping_status":"closed","sticky":false,"template":"","format":"standard","meta":{"footnotes":""},"categories":[105],"tags":[],"class_list":["post-5716","post","type-post","status-publish","format-standard","hentry","category-gundem","odd"],"_links":{"self":[{"href":"http:\/\/www.korhanyilmaz.com\/index.php?rest_route=\/wp\/v2\/posts\/5716","targetHints":{"allow":["GET"]}}],"collection":[{"href":"http:\/\/www.korhanyilmaz.com\/index.php?rest_route=\/wp\/v2\/posts"}],"about":[{"href":"http:\/\/www.korhanyilmaz.com\/index.php?rest_route=\/wp\/v2\/types\/post"}],"author":[{"embeddable":true,"href":"http:\/\/www.korhanyilmaz.com\/index.php?rest_route=\/wp\/v2\/users\/1"}],"replies":[{"embeddable":true,"href":"http:\/\/www.korhanyilmaz.com\/index.php?rest_route=%2Fwp%2Fv2%2Fcomments&post=5716"}],"version-history":[{"count":0,"href":"http:\/\/www.korhanyilmaz.com\/index.php?rest_route=\/wp\/v2\/posts\/5716\/revisions"}],"wp:attachment":[{"href":"http:\/\/www.korhanyilmaz.com\/index.php?rest_route=%2Fwp%2Fv2%2Fmedia&parent=5716"}],"wp:term":[{"taxonomy":"category","embeddable":true,"href":"http:\/\/www.korhanyilmaz.com\/index.php?rest_route=%2Fwp%2Fv2%2Fcategories&post=5716"},{"taxonomy":"post_tag","embeddable":true,"href":"http:\/\/www.korhanyilmaz.com\/index.php?rest_route=%2Fwp%2Fv2%2Ftags&post=5716"}],"curies":[{"name":"wp","href":"https:\/\/api.w.org\/{rel}","templated":true}]}}