{"id":5712,"date":"2009-03-19T09:27:05","date_gmt":"2009-03-19T07:27:05","guid":{"rendered":"http:\/\/www.korhanyilmaz.com\/?p=5712"},"modified":"2009-03-19T09:27:05","modified_gmt":"2009-03-19T07:27:05","slug":"akpye-sok-sozler","status":"publish","type":"post","link":"http:\/\/www.korhanyilmaz.com\/?p=5712","title":{"rendered":"AKP&#039;ye \u015fok s\u00f6zler"},"content":{"rendered":"<p style=\"text-align: center;\"><img loading=\"lazy\" decoding=\"async\" class=\"aligncenter size-full wp-image-5713\" title=\"Halk\u0131n Y\u00fckseli\u015fi Partisi (HYP) Genel Ba\u015fkan\u0131 Ya\u015far Nuri \u00d6zt\u00fcrk\" src=\"http:\/\/www.korhanyilmaz.com\/wp-content\/uploads\/2009\/03\/f156643392_yasar-nuri-ozturkk.jpg\" alt=\"Halk\u0131n Y\u00fckseli\u015fi Partisi (HYP) Genel Ba\u015fkan\u0131 Ya\u015far Nuri \u00d6zt\u00fcrk\" width=\"286\" height=\"190\" \/><\/p>\n<p style=\"text-align: justify;\"><strong>\u00d6zt\u00fcrk: &#8220;Bunlar\u0131n cenaze namaz\u0131 da k\u0131l\u0131nmaz&#8221;<\/strong><\/p>\n<p style=\"text-align: justify;\">Halk\u0131n Y\u00fckseli\u015fi Partisi (HYP) Genel Ba\u015fkan\u0131 Ya\u015far Nuri \u00d6zt\u00fcrk, &#8221;Milletin mal\u0131n\u0131 talan edenin dini, iman\u0131 olmaz. Bunlar\u0131n cenaze namaz\u0131 da k\u0131l\u0131nmaz&#8221; dedi.<\/p>\n<p style=\"text-align: justify;\">\u00d6zt\u00fcrk, \u00c7erkezk\u00f6y il\u00e7esine ba\u011fl\u0131 Karaa\u011fa\u00e7 beldesinde, partisinin belediye ba\u015fkan aday\u0131 Ayd\u0131n \u00d6zman&#8217;a destek verdi. Karaa\u011fa\u00e7 beldesinde halka hitaben yapt\u0131\u011f\u0131 konu\u015fmada, kendisini dinleyen vatanda\u015flar\u0131n so\u011fuk hava dolay\u0131s\u0131yla \u00fc\u015f\u00fcd\u00fc\u011f\u00fcn\u00fc belirten \u00d6zt\u00fcrk, &#8221;Sizi \u00fc\u015f\u00fctt\u00fck kusura bakmay\u0131n ama T\u00fcrkiye de s\u0131k\u0131nt\u0131l\u0131, T\u00fcrkiye de \u00fc\u015f\u00fcyor. \u00dc\u015f\u00fcd\u00fc\u011f\u00fcn\u00fcz ve s\u0131k\u0131nt\u0131 \u00e7ekti\u011finiz i\u00e7in T\u00fcrkiye&#8217;nin durumunu \u015fimdi daha iyi anlars\u0131n\u0131z&#8221; diye konu\u015ftu.<!--more--><\/p>\n<p style=\"text-align: justify;\">\u00c7erkezk\u00f6y&#8217;\u00fcn, T\u00fcrkiye&#8217;nin \u00fcretim merkezlerinden biri oldu\u011funu ifade eden \u00d6zt\u00fcrk, kriz dolay\u0131s\u0131 ile \u015fuana kadar 14 fabrikan\u0131n kapand\u0131\u011f\u0131n\u0131 ve 10-15 fabrikan\u0131n da kapanmak \u00fczere oldu\u011funu \u00f6ne s\u00fcrd\u00fc.<\/p>\n<p style=\"text-align: justify;\">Tar\u0131m ve hayvanc\u0131l\u0131k politikas\u0131n\u0131n iflas etti\u011fi i\u00e7in krizin T\u00fcrkiye&#8217;yi de derinden etkiledi\u011fini savunan \u00d6zt\u00fcrk, &#8221;\u00dclkede ya\u015fanan a\u00e7l\u0131k ve felaketler \u015fimdi krize mal edilmeye \u00e7al\u0131\u015f\u0131l\u0131yor. Krizde, tar\u0131m\u0131 koruyan \u00fclkeler etkilenmedi. T\u00fcrkiye, tarlalar\u0131n\u0131, ekili alanlar\u0131n\u0131, tohumlar\u0131n\u0131, hayvanc\u0131l\u0131\u011f\u0131n\u0131 muhafaza etse kriz \u00fclkemizi te\u011fet ge\u00e7erdi, ama \u015fimdi delip ge\u00e7ti&#8221; dedi.<\/p>\n<p style=\"text-align: justify;\">Konu\u015fmas\u0131nda iktidar partisini ele\u015ftiren \u00d6zt\u00fcrk, \u00fclkenin en \u00f6nemli sorununun namuslu insan yeti\u015ftirmek oldu\u011funu ifade ederek, \u015f\u00f6yle devam etti:<\/p>\n<p style=\"text-align: justify;\">&#8221;T\u00fcrkiye, talan, vurgun ve soygunda d\u00fcnya d\u00f6rd\u00fcnc\u00fcs\u00fcyd\u00fc. Son y\u0131llarda bu noktada ikincili\u011fe kadar y\u00fckseldik, iki numaraya \u00e7\u0131kt\u0131k.<\/p>\n<p style=\"text-align: justify;\">Bu \u00fclke M\u00fcsl\u00fcman bir \u00fclke de\u011fil mi? \u0130slam dini, milletin hakk\u0131n\u0131 yiyen, gasp edenin, haram yiyenin cenaze namaz\u0131 k\u0131l\u0131nmaz demiyor mu? Arkada\u015flar, milletin mal\u0131n\u0131 talan edenin, yiyenin dini, iman\u0131 olmaz. Onun cenaze namaz\u0131 da k\u0131l\u0131nmaz. Hz. Peygamber k\u0131lmam\u0131\u015ft\u0131r.&#8221;<\/p>\n<p style=\"text-align: justify;\"><span style=\"color: #888888;\">AA<\/span><\/p>\n<p style=\"text-align: justify;\">\n","protected":false},"excerpt":{"rendered":"<p style=\"text-align: center;\">\n<p style=\"text-align: justify;\">\u00d6zt\u00fcrk: &#8220;Bunlar\u0131n cenaze namaz\u0131 da k\u0131l\u0131nmaz&#8221;<\/p>\n<p style=\"text-align: justify;\">Halk\u0131n Y\u00fckseli\u015fi Partisi (HYP) Genel Ba\u015fkan\u0131 Ya\u015far Nuri \u00d6zt\u00fcrk, &#8221;Milletin mal\u0131n\u0131 talan edenin dini, iman\u0131 olmaz. Bunlar\u0131n cenaze namaz\u0131 da k\u0131l\u0131nmaz&#8221; dedi.<\/p>\n<p style=\"text-align: justify;\">\u00d6zt\u00fcrk, \u00c7erkezk\u00f6y il\u00e7esine ba\u011fl\u0131 Karaa\u011fa\u00e7 beldesinde, partisinin belediye ba\u015fkan aday\u0131 Ayd\u0131n \u00d6zman&#8217;a destek verdi. Karaa\u011fa\u00e7 beldesinde halka hitaben <\/p>\n","protected":false},"author":1,"featured_media":0,"comment_status":"open","ping_status":"closed","sticky":false,"template":"","format":"standard","meta":{"footnotes":""},"categories":[105],"tags":[],"class_list":["post-5712","post","type-post","status-publish","format-standard","hentry","category-gundem","odd"],"_links":{"self":[{"href":"http:\/\/www.korhanyilmaz.com\/index.php?rest_route=\/wp\/v2\/posts\/5712","targetHints":{"allow":["GET"]}}],"collection":[{"href":"http:\/\/www.korhanyilmaz.com\/index.php?rest_route=\/wp\/v2\/posts"}],"about":[{"href":"http:\/\/www.korhanyilmaz.com\/index.php?rest_route=\/wp\/v2\/types\/post"}],"author":[{"embeddable":true,"href":"http:\/\/www.korhanyilmaz.com\/index.php?rest_route=\/wp\/v2\/users\/1"}],"replies":[{"embeddable":true,"href":"http:\/\/www.korhanyilmaz.com\/index.php?rest_route=%2Fwp%2Fv2%2Fcomments&post=5712"}],"version-history":[{"count":0,"href":"http:\/\/www.korhanyilmaz.com\/index.php?rest_route=\/wp\/v2\/posts\/5712\/revisions"}],"wp:attachment":[{"href":"http:\/\/www.korhanyilmaz.com\/index.php?rest_route=%2Fwp%2Fv2%2Fmedia&parent=5712"}],"wp:term":[{"taxonomy":"category","embeddable":true,"href":"http:\/\/www.korhanyilmaz.com\/index.php?rest_route=%2Fwp%2Fv2%2Fcategories&post=5712"},{"taxonomy":"post_tag","embeddable":true,"href":"http:\/\/www.korhanyilmaz.com\/index.php?rest_route=%2Fwp%2Fv2%2Ftags&post=5712"}],"curies":[{"name":"wp","href":"https:\/\/api.w.org\/{rel}","templated":true}]}}