{"id":5707,"date":"2009-03-18T17:54:05","date_gmt":"2009-03-18T15:54:05","guid":{"rendered":"http:\/\/www.korhanyilmaz.com\/?p=5707"},"modified":"2009-03-18T17:54:05","modified_gmt":"2009-03-18T15:54:05","slug":"canakkaledeki-torende-alkis-soku","status":"publish","type":"post","link":"http:\/\/www.korhanyilmaz.com\/?p=5707","title":{"rendered":"\u00c7anakkale&#039;deki t\u00f6rende alk\u0131\u015f \u015foku!"},"content":{"rendered":"<p style=\"text-align: center;\"><a href=\"http:\/\/www.korhanyilmaz.com\/wp-content\/uploads\/2009\/03\/180320091755506618411_2.jpg\"  class=\"lightview\"><img loading=\"lazy\" decoding=\"async\" class=\"aligncenter size-full wp-image-5708\" title=\"\u00c7anakkale'deki t\u00f6rende alk\u0131\u015f \u015foku! \" src=\"http:\/\/www.korhanyilmaz.com\/wp-content\/uploads\/2009\/03\/180320091755506618411_2.jpg\" alt=\"\u00c7anakkale'deki t\u00f6rende alk\u0131\u015f \u015foku! \" width=\"320\" height=\"100\" \/><\/a><a class=\"lightview\" title=\"\u00c7anakkale'deki t\u00f6rende alk\u0131\u015f \u015foku! ::  :: width: 500, height: 395\" rel=\"iframe\" href=\"http:\/\/www.korhanyilmaz.com\/swf\/flvplayer.swf?file=http:\/\/video.gazetevatan.com\/video\/file\/180320091757173383604.flv\"><img loading=\"lazy\" decoding=\"async\" class=\"aligncenter\" title=\"Habere \u0130li\u015fkin Videoyu \u0130zlemek \u0130\u00e7in T\u0131klay\u0131n..\" src=\"wp-data\/images\/video_izle_tikla.png\" alt=\"\" width=\"30\" height=\"30\" \/ class=\"lightview\"><\/a><\/p>\n<p style=\"text-align: justify;\"><strong>\u00c7anakkale&#8217;deki anma t\u00f6renlerinde an\u0131ta \u00e7elenk koyan Org. Ba\u015fbu\u011f b\u00fcy\u00fck destek g\u00f6rd\u00fc. T\u00f6reni izleyenler, Ba\u015fbu\u011f&#8217;u \u0131sl\u0131k \u00e7alarak ayakta alk\u0131\u015flarken, Ba\u015fbakan sessizlik i\u00e7inde izlendi.. <\/strong><\/p>\n<p style=\"text-align: justify;\">Ba\u015fbakan Recep Tayyip Erdo\u011fan ve Genelkurmay Ba\u015fkan\u0131 Org. \u0130lker Ba\u015fbu\u011f, \u015eehitleri Anma G\u00fcn\u00fc ve \u00c7anakkale Deniz Zaferi&#8217;nin y\u0131l d\u00f6n\u00fcm\u00fc vesilesiyle \u00c7anakkale&#8217;de biraraya geldi.<\/p>\n<p style=\"text-align: justify;\">\u00c7anakkale&#8217;de \u015eehitler Abidesi&#8217;ndeki t\u00f6renlere kat\u0131lan Erdo\u011fan ve Org. Ba\u015fbu\u011f t\u00f6ren \u00f6ncesinden k\u0131sa s\u00fcre sohbet etti. Ba\u015fbakan Erdo\u011fan ve Org. \u0130lker Ba\u015fbu\u011f daha sonra ayr\u0131 ayr\u0131 an\u0131ta \u00e7elenk b\u0131rakt\u0131.<br \/>\nBa\u015fbakan Erdo\u011fan&#8217;\u0131n an\u0131ta sessizlik i\u00e7inde \u00e7elenk b\u0131rakmas\u0131, Org. Ba\u015fbu\u011f&#8217;un ise hem \u00e7elenk b\u0131rakmaya giderken hem de protokoldeki yerine d\u00f6nerken t\u00f6reni izleyen vatanda\u015flar taraf\u0131ndan yo\u011fun alk\u0131\u015flarla desteklenmesi dikkat \u00e7ekti.<!--more-->\n<\/p>\n<p style=\"text-align: justify;\">Genelkurmay Ba\u015fkan\u0131 Orgeneral \u0130lker Ba\u015fbu\u011f ve bareberindeki, Kara, Deniz, Hava ve Jandarma Genel Komutanlar\u0131, helikopterler ile Ba\u015fbakan Erdo\u011fan\u00b4an 10 dakika \u00f6nce, \u00c7anakkale \u015eehitler abidesine geldi. Orgeneral Ba\u015fbu\u011f, vatanda\u015flar\u0131n b\u00fcy\u00fck sevgi g\u00f6sterisi \u00fczerine, trib\u00fcnlerin bulundu\u011fu b\u00f6l\u00fcme ge\u00e7erek ayak \u00fcst\u00fc sohbet etti. \u015eehit annesi Hurisar Sert, tak\u0131m komutan\u0131yken \u015fehit d\u00fc\u015fen o\u011flu Halil \u0130brahim Sert&#8217;ten bahsetti. Ba\u015fbu\u011f, dikkatle dinledi\u011fi \u015fehit annesinin &#8221;Haklar\u0131m\u0131z\u0131 koruyun&#8217; \u015feklindeki s\u00f6zleri \u00fczerine, &#8221;M\u00fcsterih olun&#8217; c\u00fcmlesini ard arda kurdu. \u015eehit annesinin \u00fcmitsizlikten s\u00f6zetmesi \u00fczerine Orgeneral Ba\u015fbu\u011f, &#8220;\u00dcmitler biterse her \u015fey biter. Sa\u011flam olun&#8217; \u015feklinde konu\u015ftu.<\/p>\n<p style=\"text-align: justify;\"><strong>BA\u015eBU\u011e&#8217;A ALKI\u015e VE TEZAH\u00dcRAT<\/strong><\/p>\n<p style=\"text-align: justify;\">\u015eehitler Abidesin&#8217;de Gelibolu 2. Kolordu Komutanl\u0131\u011f\u0131&#8217;n\u0131n d\u00fczenledi\u011fi, &#8221;\u00c7anakkale Deniz Zaferi&#8217; t\u00f6reni, Abide \u00f6n\u00fcndeki \u015feref hol\u00fcnde, \u00c7anakkale ve Kurtulu\u015f Sava\u015f\u0131nda mehmet\u00e7i\u011fin cephedeki kahramanl\u0131\u011f\u0131n\u0131 anlatan r\u00f6lyef \u00f6n\u00fcndeki Atat\u00fcrk an\u0131t\u0131na \u00e7elenk sunulmas\u0131 ile ba\u015flad\u0131. An\u0131ta \u0130lk \u00e7elengi Ba\u015fbakan Erdo\u011fan b\u0131rakt\u0131. Ard\u0131ndan \u00c7anakkale Valisi Abd\u00fclkadir Atal\u0131k, T\u00fcrk Silahl\u0131 Kuvvetleri ad\u0131na ise Genelkurmay Ba\u015fkan\u0131 Orgeneral \u0130lker Ba\u015fbu\u011f an\u0131ta \u00e7elenk sundu. Bu s\u0131rada, t\u00f6rene kat\u0131lan vatanda\u015flar, Orgeneral Ba\u015fbu\u011f&#8217;u \u0131sl\u0131kl\u0131 tezah\u00fcratla ayakta alk\u0131\u015flad\u0131.<\/p>\n<p style=\"text-align: justify;\">TSK ad\u0131na Gelibolu 2. Kolordu Komutanl\u0131\u011f\u0131, 18. Mekanize Tugay Komutan\u0131 Tu\u011fgeneral G\u00f6khan G\u00f6kay, konu\u015ftu. Tu\u011fgeneral G\u00f6kay, &#8221;Bu g\u00fcn tarihe alt\u0131n harflerle yaz\u0131lan 20. y\u00fczy\u0131l\u0131n dehas\u0131 ve ebedi Ba\u015fkomutan Mustafa Kemal Atat\u00fcrk&#8217;\u00fcn tarih sahnesine \u00e7\u0131kt\u0131\u011f\u0131, T\u00fcrk Milletine sonsuz bir g\u00fc\u00e7 ve g\u00fcven veren \u00c7anakkale Zaferi\u00b4nin 94. y\u0131l d\u00f6n\u00fcm\u00fcn\u00fc kutlamak, vatan ve ba\u011f\u0131ms\u0131zl\u0131k u\u011fruna hayatlar\u0131n\u0131 feda ederek \u015fahadet mertebesine ula\u015fan aziz \u015fehitlerimizi \u015f\u00fckranla anmak \u00fczere huzurunuzda bulunuyoruz. \u00c7anakkale Zaferi Ulu \u00f6nder Mustafa Kemal Atat\u00fcrk&#8217;\u00fcn \u00f6nderli\u011finde T\u00fcrk ulusunun makus talihini yendi\u011fi, t\u00fckendi denilen bir devletin \u015faha kalkalarak, D\u00fcnyaya meydan okudu\u011fu, d\u00fc\u015fman z\u0131rhl\u0131lar\u0131na kar\u015f\u0131 g\u00f6\u011fs\u00fcn\u00fc siper eden mehmet\u00e7i\u011fin kahramanl\u0131k ve fedakarl\u0131\u011f\u0131n\u0131n e\u015fsiz \u00f6rneklerini vererek, an\u0131tla\u015ft\u0131\u011f\u0131 bir kahramanl\u0131k destan\u0131d\u0131r&#8217; dedi. Daha sonra sava\u015flar\u0131 anlatan Tu\u011fgenaral G\u00f6kay, s\u00f6zlerini \u015fehitlerea hitaben \u015f\u00f6yle tamamlad\u0131,<\/p>\n<p style=\"text-align: justify;\">&#8221;Vatan, Millet ve bayrak u\u011fruna canlar\u0131n\u0131 vermekten \u00e7ekinmeyen aziz \u015fehitlerimiz, hi\u00e7 endi\u015fe etmeyiniz. D\u00f6k\u00fclen asil kanlar\u0131n\u0131z \u015fanl\u0131 bayra\u011f\u0131m\u0131za renk katmaya devam edecektir. Ne mutlu size, ki hepimizin \u00f6zlem duydu\u011fu \u015fehitlik mertebesine ula\u015ft\u0131n\u0131z. Sizler can\u0131n\u0131z\u0131 feda ederek, bu topraklar \u00fczerinde T\u00fcrk&#8217;\u00fc sonsuza kadar h\u00fcr ve ba\u011fm\u0131s\u0131z, ya\u015fama iradesini t\u00fcm D\u00fcnyaya g\u00f6sterdiniz. T\u00fcrk Silahl\u0131 Kuvvetleri olarak, tarihimizde en yak\u0131n ge\u00e7mi\u015fimizde ya\u015fananlar\u0131 unutmadan sizlerden ald\u0131\u011f\u0131m\u0131z g\u00fc\u00e7 ve heyecan ile kutsal vatan topraklar\u0131n\u0131 korudu\u011fumuzu, daima haz\u0131r ve her zamankinden daha g\u00fc\u00e7l\u00fc olarak, T\u00fcrk milletinin emrinde oldu\u011fumuzu bilerek, huzur ve g\u00fcven i\u00e7inde uyuyunuz.&#8217;<\/p>\n<p style=\"text-align: justify;\">Daha sonra k\u00fcrs\u00fcye \u00e7\u0131kan Ba\u015fbakan Erdo\u011fan, \u00c7anakkale Zaferi\u00b4nin milletin en parlak zaferlerinden biri olarak tarihteki yerini ald\u0131\u011f\u0131n\u0131 s\u00f6yledi.<\/p>\n<p style=\"text-align: justify;\">&#8221;Bu vesileyle ba\u015fta Gazi Mustafa Kemal Atat\u00fcrk olmak \u00fczere, \u00c7anakkale&#8217;de destan yazan b\u00fct\u00fcn kahramanlar\u0131m\u0131z\u0131n, b\u00fct\u00fcn \u015fehitlerimizin aziz hat\u0131ras\u0131n\u0131 rahmet ve \u015f\u00fckranla yad ediyorum. O sava\u015f, T\u00fcrk milletinin yokluklara, imkans\u0131zl\u0131klara ra\u011fmen, y\u00fcksek bir ruh ve sars\u0131lmaz bir inanc\u0131n nelere kadir oldu\u011funu g\u00f6stermesi bak\u0131m\u0131ndan \u00f6rnek bir m\u00fccadeledir. Sadece T\u00fcrk milleti tarihi bak\u0131m\u0131ndan de\u011fil, b\u00fct\u00fcn bir insanl\u0131k tarihi bak\u0131m\u0131ndan \u00f6nemlidir. \u00c7\u00fcnk\u00fc \u00c7anakkale&#8217;de, a\u011f\u0131r silahlar h\u00fcsrana u\u011fram\u0131\u015ft\u0131r. \u00c7\u00fcnk\u00fc \u00c7anakkale&#8217;de i\u015fgal ruhu h\u00fcsrana u\u011fram\u0131\u015ft\u0131r. Burada, y\u00fcrekler kazanm\u0131\u015ft\u0131r. Vatan m\u00fcdafaas\u0131 kazanm\u0131\u015ft\u0131r. \u0130nan\u00e7 galip gelmi\u015ftir. Vatan sevgisi, i\u015fgal arzusuna \u00fcst\u00fcn gelmi\u015ftir \u00c7anakkale&#8217;de. \u00c7anakkale&#8217;de adeta sular yoku\u015fa ak\u0131t\u0131lm\u0131\u015ft\u0131r. Yanl\u0131\u015f hesap \u00c7anakkale&#8217;den d\u00f6nm\u00fc\u015ft\u00fcr. \u00c7anakkale&#8217;de 1915&#8217;te bir kez daha g\u00f6r\u00fclm\u00fc\u015ft\u00fcr ki yery\u00fcz\u00fcndeki hi\u00e7bir silah, vatan sevgisine, millet sevgisine kar\u015f\u0131 muzaffer olamayacakt\u0131r. Bu vesileyle \u00c7anakkale \u015fehitlerimizle birlikte \u0130stiklal Sava\u015f\u0131 \u015fehitlerimizi de rahmetle an\u0131yoruz. Hepsinin ruhu \u015fad olsun. O kahramanlar\u0131n her biri bug\u00fcnk\u00fc birlik ve beraberli\u011fimizin ne kadar sa\u011flam temeller \u00fczerinde y\u00fckseldi\u011fini b\u00fct\u00fcn d\u00fcnyaya en g\u00fcr sesle ilan ettiler.&#8217;<\/p>\n<p style=\"text-align: justify;\">Ba\u015fbakan Erdo\u011fan Demokratik, laik, sosyal bir hukuk devleti olan T\u00fcrkiye Cumhuriyeti\u00b4nin temel ilke ve nitelikleri ile gelece\u011fe, d\u00fcnya milletleri aras\u0131nda hak etti\u011fi konuma ta\u015f\u0131mak i\u00e7in m\u00fccadele verdiklerinin alt\u0131n\u0131 \u00e7izdi, &#8221;\u015eimdi bizler de istiklal m\u00fccadelesinin yan\u0131nda istikbal m\u00fccadelesini veriyoruz, kalk\u0131nma m\u00fccadelesini veriyoruz. Di\u011fer yandan da d\u00fcnya bar\u0131\u015f\u0131na katk\u0131 sa\u011flamak i\u00e7in gerekli ad\u0131mlar\u0131 at\u0131yoruz. Zira \u00c7anakkale Sava\u015f\u0131&#8217;n\u0131 di\u011ferlerinden ay\u0131ran en \u00f6nemli \u00f6zellik, esas itibar\u0131yla kahramanl\u0131\u011f\u0131n yan\u0131nda asaletin, insani de\u011ferlerin \u00f6n plana \u00e7\u0131km\u0131\u015f olmas\u0131d\u0131r. Sava\u015f\u0131n i\u00e7inden bar\u0131\u015f do\u011fmu\u015ftur, karde\u015flik do\u011fmu\u015ftur, dostluklar in\u015fa edilmi\u015ftir. Vatan\u0131n\u0131 savunan vefakar, fedakar T\u00fcrk milleti, NATO&#8217;da, BM G\u00fcvenlik Konseyinde, b\u00f6lgesinde ve d\u00fcnyada bar\u0131\u015fa arabuluculuk etmi\u015ftir. \u015eu kesin olarak bilinmelidir: T\u00fcrkiye, d\u00fcnya meselelerine \u015fartlar ne olursa olsun, daima bar\u0131\u015f\u00e7\u0131 yakla\u015fmakta \u0131srarl\u0131 olacak ancak vatan\u0131m\u0131z\u0131n ve milletimizin y\u00fcce varl\u0131\u011f\u0131na el uzatmaya yeltenenlere verece\u011fimiz cevap, bundan 94 y\u0131l \u00f6nce bu topraklarda verdi\u011fimiz cevaptan asla farkl\u0131 olmayacakt\u0131r&#8217; dedi. Endo\u011fan s\u00f6zlerini \u015f\u00f6yle tamamlad\u0131,<\/p>\n<p style=\"text-align: justify;\">&#8221;Bug\u00fcn bu millete kar\u015f\u0131 sorumlulu\u011fumuz, ne olursa olsun hepimiz ayn\u0131 ayd\u0131nl\u0131k gelece\u011fin imar\u0131 i\u00e7in can\u0131m\u0131z\u0131 di\u015fimize takarak \u00e7al\u0131\u015fma azmindeyiz. Ekonomide, d\u0131\u015fi\u015flerinde, adaletin ve g\u00fcvenli\u011fimizin tesisinde, \u00fcretimde ve teknolojide, e\u011fitim ve sa\u011fl\u0131kta, sporda her birimiz farkl\u0131 alanlarda olsa da bu milletin gelece\u011fini ayd\u0131nl\u0131k k\u0131lmak i\u00e7in \u00e7al\u0131\u015f\u0131yoruz. Kimsenin \u015f\u00fcphesi olmas\u0131n ki T\u00fcrkiye Cumhuriyeti, 100. kurulu\u015f y\u0131l\u0131n\u0131 d\u00fcnyan\u0131n en parlak 10 y\u0131ld\u0131z\u0131ndan biri olarak kutlayacakt\u0131r. Bu ideali mutlaka ger\u00e7e\u011fe d\u00f6n\u00fc\u015ft\u00fcrece\u011fiz. \u00c7anakkale Deniz Zaferi&#8217;nin 94. y\u0131l d\u00f6n\u00fcm\u00fcn\u00fc kutluyor, 18 Mart \u015fehitler g\u00fcn\u00fcnde ba\u015fta Anafartalar Komutan\u0131 ve Cumhuriyetimizin kurucusu Gazi Mustafa Kemal olmak \u00fczere b\u00fct\u00fcn kahramanlar\u0131m\u0131za Allah&#8217;tan rahmet diliyorum ve \u015f\u00fckran ile yad ediyorum.&#8217;<\/p>\n<p style=\"text-align: justify;\">Ba\u015fbakan, Genel Kurmay Ba\u015fkan\u0131 ve \u00c7anakkale valisinin, \u015eehitlik defterini imzalamas\u0131 ard\u0131ndan, Ba\u015fbakan ve beraberindekiler sembolik \u015fehitli\u011fi zayaret edip, buradaki sembolik mezarlara onlarca karanfil b\u0131rakt\u0131. T\u00f6ren bitiminde Ba\u015fbakan ve beraberindeki bakanlar helikopter ile \u015fehitlikten ayr\u0131l\u0131rken, Genelkurmay Ba\u015fkan\u0131 Ba\u015fbu\u011f, beraberindeki kuvvet komutarlar\u0131 ile k\u0131sa bir vedala\u015fma yapt\u0131ktan sonra, helikoptere dek Ba\u015fbakan&#8217;a e\u015flik etmedi. Ba\u015fbu\u011f ve beraberindekiler \u00c7ankakale Bo\u011faz\u0131n\u0131 g\u00f6ren hakim konumdaki Hisarl\u0131k Tepe\u00b4de, bo\u011faz\u0131 seyretti, bilgiler ald\u0131.<\/p>\n<p style=\"text-align: justify;\">T\u00f6rene, TSK taraf\u0131ndan davet edilen Diyarbak\u0131r&#8217;\u0131n Lice, Kulp ve Hani il\u00e7elerinden 133 , Kosova&#8217;dan ise 19 \u00f6\u011frenci t\u00f6reni izledi. Kosoval\u0131 \u00f6\u011frenci Muzenir Ese (15), Kocadere \u015eehitli\u011fi\u00b4nde, dedesi &#8221;E\u015frefo\u011flu Ali&#8217; ismini buldu\u011funu s\u00f6yledi.<\/p>\n<p style=\"text-align: justify;\"><span style=\"color: #888888;\">Erdem S\u00dcREK &#8211; Turan G\u00dcLTEK\u0130N, GEL\u0130BOLU (\u00c7anakkale) (DHA)<\/span><\/p>\n<p style=\"text-align: justify;\">\n","protected":false},"excerpt":{"rendered":"<p style=\"text-align: center;\">\n<p style=\"text-align: justify;\">\u00c7anakkale&#8217;deki anma t\u00f6renlerinde an\u0131ta \u00e7elenk koyan Org. Ba\u015fbu\u011f b\u00fcy\u00fck destek g\u00f6rd\u00fc. T\u00f6reni izleyenler, Ba\u015fbu\u011f&#8217;u \u0131sl\u0131k \u00e7alarak ayakta alk\u0131\u015flarken, Ba\u015fbakan sessizlik i\u00e7inde izlendi.. <\/p>\n<p style=\"text-align: justify;\">Ba\u015fbakan Recep Tayyip Erdo\u011fan ve Genelkurmay Ba\u015fkan\u0131 Org. \u0130lker Ba\u015fbu\u011f, \u015eehitleri Anma G\u00fcn\u00fc ve \u00c7anakkale Deniz Zaferi&#8217;nin y\u0131l d\u00f6n\u00fcm\u00fc vesilesiyle \u00c7anakkale&#8217;de biraraya geldi.<\/p>\n<p style=\"text-align:  \n\n","protected":false},"author":1,"featured_media":0,"comment_status":"open","ping_status":"closed","sticky":false,"template":"","format":"standard","meta":{"footnotes":""},"categories":[105],"tags":[],"class_list":["post-5707","post","type-post","status-publish","format-standard","hentry","category-gundem","odd"],"_links":{"self":[{"href":"http:\/\/www.korhanyilmaz.com\/index.php?rest_route=\/wp\/v2\/posts\/5707","targetHints":{"allow":["GET"]}}],"collection":[{"href":"http:\/\/www.korhanyilmaz.com\/index.php?rest_route=\/wp\/v2\/posts"}],"about":[{"href":"http:\/\/www.korhanyilmaz.com\/index.php?rest_route=\/wp\/v2\/types\/post"}],"author":[{"embeddable":true,"href":"http:\/\/www.korhanyilmaz.com\/index.php?rest_route=\/wp\/v2\/users\/1"}],"replies":[{"embeddable":true,"href":"http:\/\/www.korhanyilmaz.com\/index.php?rest_route=%2Fwp%2Fv2%2Fcomments&post=5707"}],"version-history":[{"count":0,"href":"http:\/\/www.korhanyilmaz.com\/index.php?rest_route=\/wp\/v2\/posts\/5707\/revisions"}],"wp:attachment":[{"href":"http:\/\/www.korhanyilmaz.com\/index.php?rest_route=%2Fwp%2Fv2%2Fmedia&parent=5707"}],"wp:term":[{"taxonomy":"category","embeddable":true,"href":"http:\/\/www.korhanyilmaz.com\/index.php?rest_route=%2Fwp%2Fv2%2Fcategories&post=5707"},{"taxonomy":"post_tag","embeddable":true,"href":"http:\/\/www.korhanyilmaz.com\/index.php?rest_route=%2Fwp%2Fv2%2Ftags&post=5707"}],"curies":[{"name":"wp","href":"https:\/\/api.w.org\/{rel}","templated":true}]}}