{"id":5702,"date":"2009-03-18T18:24:55","date_gmt":"2009-03-18T16:24:55","guid":{"rendered":"http:\/\/www.korhanyilmaz.com\/?p=5702"},"modified":"2009-03-18T18:24:55","modified_gmt":"2009-03-18T16:24:55","slug":"yolda-yururken-pislige-basmam","status":"publish","type":"post","link":"http:\/\/www.korhanyilmaz.com\/?p=5702","title":{"rendered":"&#039;Yolda y\u00fcr\u00fcrken pisli\u011fe basmam!&#039;"},"content":{"rendered":"<p style=\"text-align: center;\"><a href=\"http:\/\/www.korhanyilmaz.com\/wp-content\/uploads\/2009\/03\/180320091835499940319.jpg\"  class=\"lightview\"><img loading=\"lazy\" decoding=\"async\" class=\"aligncenter size-full wp-image-5703\" title=\"'Yolda y\u00fcr\u00fcrken pisli\u011fe basmam!' \" src=\"http:\/\/www.korhanyilmaz.com\/wp-content\/uploads\/2009\/03\/180320091835499940319.jpg\" alt=\"'Yolda y\u00fcr\u00fcrken pisli\u011fe basmam!' \" width=\"320\" height=\"100\" \/><\/a><a class=\"lightview\" title=\"Yolda y\u00fcr\u00fcrken pisli\u011fe basmam! ::  :: width: 500, height: 395\" rel=\"iframe\" href=\"http:\/\/www.korhanyilmaz.com\/swf\/flvplayer.swf?file=http:\/\/video.gazetevatan.com\/video\/file\/190320090958241211969.flv\"><img loading=\"lazy\" decoding=\"async\" class=\"aligncenter\" title=\"Habere \u0130li\u015fkin Videoyu \u0130zlemek \u0130\u00e7in T\u0131klay\u0131n..\" src=\"wp-data\/images\/video_izle_tikla.png\" alt=\"\" width=\"30\" height=\"30\" \/ class=\"lightview\"><\/a><\/p>\n<p style=\"text-align: justify;\"><strong>K\u0131l\u0131\u00e7daro\u011flu Vakit muhabiri ile b\u00f6yle tart\u0131\u015ft\u0131&#8230; <\/strong><\/p>\n<p style=\"text-align: justify;\">CHP&#8217; nin \u0130stanbul B\u00fcy\u00fck\u015fehir Belediye Ba\u015fkan aday\u0131 Kemal K\u0131l\u0131\u00e7daro\u011flu, se\u00e7im turu kapsam\u0131nda Hak &#8211; \u0130\u015f&#8217;i ziyaret etti. Ziyaret \u00f6ncesinde bas\u0131n mensuplar\u0131n\u0131n sorular\u0131n\u0131 yan\u0131tlayan K\u0131l\u0131\u00e7daro\u011flu, \u0130stanbul B\u00fcy\u00fck\u015fehir Belediye Ba\u015fkan\u0131 Kadir Topba\u015f&#8217;\u0131n &#8221; Art\u0131k onu ciddiye almayaca\u011f\u0131m&#8221; s\u00f6zlerine cevap verdi.<\/p>\n<p style=\"text-align: justify;\">&#8220;Daha \u00f6nce sorular sorduk. Hi\u00e7bir soruya yan\u0131t vermedi. Daha \u00f6nce tek bir soru sordum. Hi\u00e7bir yan\u0131t vermedi. Yan\u0131t veremez zaten. Bizim yine Euro Asfalt frmas\u0131yla yap\u0131lan s\u00f6zle\u015fmenin ne oldu\u011funu tekrar kendisine sorduk. Yine yan\u0131t veremiyor. Ciddiye al\u0131n\u0131p al\u0131nmama olay\u0131 de\u011fil. \u0130stanbullular ad\u0131na soruyoruz bu soruyu. Yani \u0130stanbullular ad\u0131na soru soruyoruz. Bize bir yan\u0131t versin. Hadi ben sormu\u015f olmayay\u0131m. Siz sorun gazeteci olarak &#8221; diye konu\u015ftu. <!--more--><\/p>\n<p style=\"text-align: justify;\">Ard\u0131ndan K\u0131l\u0131\u00e7daro\u011flu sorusunu tekrarlad\u0131 ve &#8221; Euro Asfalt firmas\u0131yla yap\u0131lan s\u00f6zle\u015fme nedir ? Nas\u0131l yapt\u0131n\u0131z ? Kim taraf\u0131ndan yap\u0131ld\u0131 bu s\u00f6zle\u015fme ? Asfalt\u0131n kalitesini ne kadar d\u00fczelttiniz ? &#8221; diye sordu.<\/p>\n<p style=\"text-align: justify;\"><strong>TOPBA\u015e&#8217;A \u00dcSLUP TAVS\u0130YES\u0130 <\/strong><\/p>\n<p style=\"text-align: justify;\">\u0130DO ile ilgili sordu\u011fu soruya, Topba\u015f&#8217;\u0131n &#8221; Ben yan\u0131t\u0131m\u0131 verdim. \u0130nternet sitesinden yay\u0131nlad\u0131m. Baksayd\u0131lar&#8221; cevab\u0131n\u0131 vermesi hat\u0131rlat\u0131lan K\u0131l\u0131\u00e7daro\u011flu, verdi\u011fi yan\u0131tta akaryak\u0131t ve i\u015f\u00e7i \u00fccretleri diyor. Akaryak\u0131t ve i\u015f\u00e7i \u00fccretleri de kanunen kabul edilmeyen gider say\u0131lmaz zaten. Onlar yasalar\u0131n \u00f6ng\u00f6rd\u00fc\u011f\u00fc gider. Onun belgelerini a\u00e7\u0131klas\u0131n. A\u00e7\u0131klayamaz yine &#8221; diye konu\u015ftu.<\/p>\n<p style=\"text-align: justify;\">Bir gazetecinin Topba\u015f&#8217;\u0131n &#8221; Kafas\u0131na takm\u0131\u015f \u0130DO&#8217;yu \u0130stanbullular da se\u00e7imden sonra takacak&#8221; s\u00f6zlerine de cevap veren K\u0131l\u0131\u00e7daro\u011flu, &#8221; \u0130\u015fte \u00fcslup diyorsunuz. Kendi \u00fcslubunu g\u00f6steriyor. Biz kendisine efendice soru soruyoruz. Yan\u0131t vermiyor. \u015eimdi yan\u0131t vermed\u011fi sorulara &#8221; Efendim ben onu ciddiye alm\u0131yorum&#8221; diyerek kurtulmaya \u00e7al\u0131\u015f\u0131yor. Hi\u00e7 kurtulmaya, saklanmaya , ka\u00e7maya arzusu olmamal\u0131. Onun temel arzusu hedefi \u0130stanbullular\u0131 bilgilendirmek olmal\u0131. &#8221; dedi.<\/p>\n<p style=\"text-align: justify;\">Kendisinin \u0130stanbul&#8217;da ya\u015fayan bir vatanda\u015f oldu\u011funu kaydeden K\u0131l\u0131\u00e7daro\u011flu, Topba\u015f&#8217;a yine bir soru y\u00f6neltti. K\u0131l\u0131\u00e7daro\u011flu, &#8220;283 trilyon nedir ? Nereye harcand\u0131 ? Amerikan firmas\u0131yla i\u015fbirli\u011fi yap\u0131yorsunuz asfalt konusunda. Ne oluyor da \u00f6zel bir firmadan dan\u0131\u015fmanl\u0131k hizmeti al\u0131yorsunuz ? Kim bu firma ? Bu firnaya ka\u00e7 milyon euro para \u00f6dediniz ? &#8221; diye soru sordu. Beni ciddiye al\u0131r almaz o onun bilece\u011fi konu. Ben soru sormaktan vazge\u00e7meyece\u011fim. Benim sorular\u0131m \u00e7ok a\u00e7\u0131k ve net. &#8221; diye konu\u015ftu. K\u0131l\u0131\u00e7daro\u011flu Topba\u015f&#8217;\u0131n kendisinin sordu\u011fu sorulara a\u00e7\u0131k ve net yan\u0131t vermesi iste\u011fini de yineledi.<\/p>\n<p style=\"text-align: justify;\"><strong>MONORAY&#8217;IN MAL\u0130YET\u0130N\u0130 B\u0130L\u0130YORUZ; NASIL YAPILDI\u011eINI DA B\u0130L\u0130YORUZ <\/strong><\/p>\n<p style=\"text-align: justify;\">Kadir Topba\u015f&#8217;\u0131n K\u0131l\u0131\u00e7daro\u011flu&#8217;na monoray ile ilgili bir soru sordu\u011funu hat\u0131rlatan bir gazeteciye de cevap veren K\u0131l\u0131\u00e7daro\u011flu, &#8221; Hi\u00e7 mereklanmas\u0131nlar. Hem maliyetini biliyoruz. Nas\u0131l yap\u0131ld\u0131\u011f\u0131n\u0131 biliyoruz. Bunalr\u0131n hepsini biliyoruz. Metrodan daha ucuz.Daha fazla yolcu ta\u015f\u0131yorsunuz. B\u00fct\u00fcn bunlar\u0131n hepsi \u00e7ok a\u00e7\u0131k. D\u00fcnya yap\u0131yor. &#8221; diye konu\u015ftu. Topba\u015f&#8217;\u0131n monoray sistemin pahal\u0131 oldu\u011funu iddia etti\u011fine kar\u015f\u0131l\u0131k ise, K\u0131l\u0131\u00e7daro\u011flu, &#8221; Yer alt\u0131na m\u0131 iniyor monoray ? Maliyetlerini a\u00e7\u0131klas\u0131n . Bakal\u0131m ka\u00e7 lira ? &#8221; dedi.<\/p>\n<p style=\"text-align: justify;\"><strong>M\u0130T\u0130NG ALANI TARTI\u015eMASI <\/strong><\/p>\n<p style=\"text-align: justify;\">Hafta sonu yap\u0131lacak mitingle ilgili kura \u00e7ekildi\u011fini s\u00f6yleyen K\u0131l\u0131\u00e7daro\u011flu, &#8221; Normalde adaletli davran\u0131lsayd\u0131 \u00f6nce biz ba\u015fvurdu\u011fumuza g\u00f6re, bizim ba\u015fvurumuza g\u00f6re yan\u0131t vermeleri oray\u0131 bize tahsis etmeleri gerekirdi. Ama bu yap\u0131lmad\u0131. Ama buna da itiraz etmiyoruz. Bize verilen yer verildi. Ona da Saadet Partisi itiraz ediyor. Ama sonu\u00e7ta y\u00f6netim bu sorunu \u00e7\u00f6zmek zorunda. &#8221; \u015feklinde konu\u015ftu.<\/p>\n<p style=\"text-align: justify;\">K\u0131l\u0131\u00e7daro\u011flu, Saadet Partisinin \u00c7a\u011flayan&#8217;\u0131 miting alan\u0131 olarak istemesiyle ilgili ise &#8220;Olabilir. O idareyle kendi sorunlar\u0131. \u0130dareyle sorunlar\u0131n\u0131 \u00e7\u00f6zerlerse bizim a\u00e7\u0131m\u0131zdan bir sorun yok. &#8221; dedi.<\/p>\n<p style=\"text-align: justify;\"><strong>VAK\u0130T GAZETES\u0130 MUHAB\u0130R\u0130 ARASINDA TARTI\u015eMA <\/strong><\/p>\n<p style=\"text-align: justify;\">Vakit muhabirinin K\u0131l\u0131\u00e7daro\u011flu&#8217;na k\u0131z\u0131n\u0131n Vak\u0131fbank&#8217;a s\u0131navs\u0131z Hukuk M\u00fc\u015faviri olarak atanmas\u0131yla ilgili bir a\u00e7\u0131klama yap\u0131p yapmayaca\u011f\u0131 sorusuna &#8221; Hay\u0131r bir a\u00e7\u0131klama yapmaya gerek var m\u0131 ?Vak\u0131fbank kimi s\u0131navla al\u0131yor ? Biliyor musunuz ? Vak\u0131fbank&#8217;\u0131n s\u0131navla eleman ald\u0131\u011f\u0131n\u0131 biliyor musunuz ? Bilmiyorsan\u0131z niye soruyorsunuz ?&#8221; diye sordu.<br \/>\nMuhabirin &#8221; S\u0131navs\u0131z al\u0131nmaz bence&#8221; c\u00fcmlesine sinirlenen K\u0131l\u0131\u00e7daro\u011flu \u015f\u00f6yle devam etti:<\/p>\n<p style=\"text-align: justify;\">&#8220;Bir soru soracaksan\u0131z oturup adam gibi ara\u015ft\u0131racaks\u0131n\u0131z . Adam gibi ara\u015ft\u0131rmadan, s\u0131rf b\u00f6yle muhalefet olaca\u011f\u0131m diye olmaz.. Vakit gazetesi de\u011fil mi ?<br \/>\nSizin ne t\u00fcr haber yapt\u0131\u011f\u0131n\u0131z ben biliyorum. Ne kadar yalan yanl\u0131\u015f haber varsa yap\u0131yorsunuz. O nedenle Vakit gazatesinin sorular\u0131n\u0131 yan\u0131tlam\u0131yorum. Ben yolda y\u00fcr\u00fcrken pisli\u011fe basmak istemem. Vakit&#8217;in sorular\u0131n\u0131 da b\u00f6yle g\u00f6r\u00fcyorum. &#8221;\n<\/p>\n<p style=\"text-align: justify;\"><span style=\"color: #888888;\">Kaynak : Vatan Gazetesi<\/span><\/p>\n","protected":false},"excerpt":{"rendered":"<p style=\"text-align: center;\">\n<p style=\"text-align: justify;\">K\u0131l\u0131\u00e7daro\u011flu Vakit muhabiri ile b\u00f6yle tart\u0131\u015ft\u0131&#8230; <\/p>\n<p style=\"text-align: justify;\">CHP&#8217; nin \u0130stanbul B\u00fcy\u00fck\u015fehir Belediye Ba\u015fkan aday\u0131 Kemal K\u0131l\u0131\u00e7daro\u011flu, se\u00e7im turu kapsam\u0131nda Hak &#8211; \u0130\u015f&#8217;i ziyaret etti. Ziyaret \u00f6ncesinde bas\u0131n mensuplar\u0131n\u0131n sorular\u0131n\u0131 yan\u0131tlayan K\u0131l\u0131\u00e7daro\u011flu, \u0130stanbul B\u00fcy\u00fck\u015fehir Belediye Ba\u015fkan\u0131 Kadir Topba\u015f&#8217;\u0131n &#8221; Art\u0131k onu ciddiye almayaca\u011f\u0131m&#8221; s\u00f6zlerine cevap verdi.<\/p>\n<p style=\"text-align: justify;\">&#8220;Daha <\/p>\n","protected":false},"author":1,"featured_media":0,"comment_status":"open","ping_status":"closed","sticky":false,"template":"","format":"standard","meta":{"footnotes":""},"categories":[105],"tags":[],"class_list":["post-5702","post","type-post","status-publish","format-standard","hentry","category-gundem","odd"],"_links":{"self":[{"href":"http:\/\/www.korhanyilmaz.com\/index.php?rest_route=\/wp\/v2\/posts\/5702","targetHints":{"allow":["GET"]}}],"collection":[{"href":"http:\/\/www.korhanyilmaz.com\/index.php?rest_route=\/wp\/v2\/posts"}],"about":[{"href":"http:\/\/www.korhanyilmaz.com\/index.php?rest_route=\/wp\/v2\/types\/post"}],"author":[{"embeddable":true,"href":"http:\/\/www.korhanyilmaz.com\/index.php?rest_route=\/wp\/v2\/users\/1"}],"replies":[{"embeddable":true,"href":"http:\/\/www.korhanyilmaz.com\/index.php?rest_route=%2Fwp%2Fv2%2Fcomments&post=5702"}],"version-history":[{"count":0,"href":"http:\/\/www.korhanyilmaz.com\/index.php?rest_route=\/wp\/v2\/posts\/5702\/revisions"}],"wp:attachment":[{"href":"http:\/\/www.korhanyilmaz.com\/index.php?rest_route=%2Fwp%2Fv2%2Fmedia&parent=5702"}],"wp:term":[{"taxonomy":"category","embeddable":true,"href":"http:\/\/www.korhanyilmaz.com\/index.php?rest_route=%2Fwp%2Fv2%2Fcategories&post=5702"},{"taxonomy":"post_tag","embeddable":true,"href":"http:\/\/www.korhanyilmaz.com\/index.php?rest_route=%2Fwp%2Fv2%2Ftags&post=5702"}],"curies":[{"name":"wp","href":"https:\/\/api.w.org\/{rel}","templated":true}]}}