{"id":5687,"date":"2009-03-18T20:19:16","date_gmt":"2009-03-18T18:19:16","guid":{"rendered":"http:\/\/www.korhanyilmaz.com\/?p=5687"},"modified":"2009-03-18T20:19:16","modified_gmt":"2009-03-18T18:19:16","slug":"eskisehir%e2%80%99de-universitelilere-mudahale-40-gozalti","status":"publish","type":"post","link":"http:\/\/www.korhanyilmaz.com\/?p=5687","title":{"rendered":"Eski\u015fehir\u2019de \u00fcniversitelilere m\u00fcdahale: 40 g\u00f6zalt\u0131"},"content":{"rendered":"<p style=\"text-align: center;\"><img loading=\"lazy\" decoding=\"async\" class=\"aligncenter size-full wp-image-5688\" title=\"Eski\u015fehir\u2019de \u00fcniversitelilere m\u00fcdahale: 40 g\u00f6zalt\u0131\" src=\"http:\/\/www.korhanyilmaz.com\/wp-content\/uploads\/2009\/03\/fft5_mf139295.jpeg\" alt=\"Eski\u015fehir\u2019de \u00fcniversitelilere m\u00fcdahale: 40 g\u00f6zalt\u0131\" width=\"315\" height=\"230\" \/><\/p>\n<p style=\"text-align: center;\">\n<p style=\"text-align: justify;\"><strong>Anadolu \u00dcniversitesinde (A\u00dc) kar\u015f\u0131t g\u00f6r\u00fc\u015fteki iki grup aras\u0131nda bildiri da\u011f\u0131tma meselesi y\u00fcz\u00fcnden \u00e7\u0131kan tart\u0131\u015fman\u0131n ard\u0131ndan izinsiz y\u00fcr\u00fcy\u00fc\u015f yapmak istedikleri iddia edilen yakla\u015f\u0131k 40 \u00f6\u011frenci,polisin m\u00fcdahalesinin ard\u0131ndan g\u00f6zalt\u0131na al\u0131nd\u0131.<\/strong><\/p>\n<p style=\"text-align: justify;\">\nA\u00dc Yunusemre Yerle\u015fkesindeki E\u011fitim Fak\u00fcltesi \u00f6n\u00fcnde kar\u015f\u0131t g\u00f6r\u00fc\u015fteki iki\u00f6\u011frenci grubu aras\u0131nda &#8220;18 Mart \u015eehitleri Anma G\u00fcn\u00fc ve \u00c7anakkale Zaferi&#8217;nin 94.y\u0131l d\u00f6n\u00fcm\u00fc etkinli\u011fine davet bildirisini&#8221; da\u011f\u0131tma meselesi y\u00fcz\u00fcnden tart\u0131\u015fma \u00e7\u0131kt\u0131.<br \/>\nTart\u0131\u015fma s\u0131ras\u0131nda bildiriyi da\u011f\u0131tmak isteyen \u00f6\u011frenci grubunun kar\u015f\u0131tgruba kesici aletler g\u00f6sterdikleri iddia edildi. Bunun \u00fczerine \u00fcniversitedeki \u00f6zel g\u00fcvenlik g\u00f6revlileri kar\u015f\u0131t iki grup aras\u0131nda kordon olu\u015fturdu. Bildiri da\u011f\u0131tmak isteyen \u00f6\u011frenciler, bunun \u00fczerine fak\u00fclte binas\u0131na girdi. <!--more--><br \/>\nKar\u015f\u0131t grup \u00f6\u011frencilerin de binaya girmek isteyince \u00f6zel g\u00fcvenlik g\u00f6revlileri buna izin vermedi. Bu olaya tepki g\u00f6steren kar\u015f\u0131t grup Rekt\u00f6rl\u00fck binas\u0131na y\u00fcr\u00fcmek istedi. Yo\u011fun g\u00fcvenlik \u00f6nlemi alan emniyet g\u00fc\u00e7leri, izin vermedi ve sloganlar atan \u00f6\u011frencileri &#8220;yapt\u0131klar\u0131 eylemin e\u011fitimi engelledi\u011fi gerek\u00e7esiyle&#8221; da\u011f\u0131lmalar\u0131 konusunda uyard\u0131.<br \/>\nBuna kar\u015f\u0131n y\u00fcr\u00fcy\u00fc\u015fe ge\u00e7en gruba polis copla m\u00fcdahale etti. Yakla\u015f\u0131k 40\u00f6\u011frenci g\u00f6zalt\u0131na al\u0131narak iki ekip minib\u00fcs\u00fcne bindirildi. Olayla ilgili soru\u015fturma ba\u015flad\u0131.<\/p>\n<p style=\"text-align: justify;\">\n<span style=\"color: #888888;\">AA<\/span><br \/>\n<img loading=\"lazy\" decoding=\"async\" class=\"aligncenter\" src=\"http:\/\/i.radikal.com.tr\/150x113\/2009\/03\/18\/fft16_mf139294.Jpeg\" alt=\"\" width=\"310\" height=\"360\" \/>\n<\/p>\n<p style=\"text-align: justify;\">\n","protected":false},"excerpt":{"rendered":"<p style=\"text-align: center;\">\n<p style=\"text-align: center;\">\n<p style=\"text-align: justify;\">Anadolu \u00dcniversitesinde (A\u00dc) kar\u015f\u0131t g\u00f6r\u00fc\u015fteki iki grup aras\u0131nda bildiri da\u011f\u0131tma meselesi y\u00fcz\u00fcnden \u00e7\u0131kan tart\u0131\u015fman\u0131n ard\u0131ndan izinsiz y\u00fcr\u00fcy\u00fc\u015f yapmak istedikleri iddia edilen yakla\u015f\u0131k 40 \u00f6\u011frenci,polisin m\u00fcdahalesinin ard\u0131ndan g\u00f6zalt\u0131na al\u0131nd\u0131.<\/p>\n<p style=\"text-align: justify;\"> A\u00dc Yunusemre Yerle\u015fkesindeki E\u011fitim Fak\u00fcltesi \u00f6n\u00fcnde kar\u015f\u0131t g\u00f6r\u00fc\u015fteki iki\u00f6\u011frenci grubu aras\u0131nda &#8220;18 Mart \u015eehitleri Anma G\u00fcn\u00fc <\/p>\n","protected":false},"author":1,"featured_media":0,"comment_status":"open","ping_status":"closed","sticky":false,"template":"","format":"standard","meta":{"footnotes":""},"categories":[105],"tags":[],"class_list":["post-5687","post","type-post","status-publish","format-standard","hentry","category-gundem","odd"],"_links":{"self":[{"href":"http:\/\/www.korhanyilmaz.com\/index.php?rest_route=\/wp\/v2\/posts\/5687","targetHints":{"allow":["GET"]}}],"collection":[{"href":"http:\/\/www.korhanyilmaz.com\/index.php?rest_route=\/wp\/v2\/posts"}],"about":[{"href":"http:\/\/www.korhanyilmaz.com\/index.php?rest_route=\/wp\/v2\/types\/post"}],"author":[{"embeddable":true,"href":"http:\/\/www.korhanyilmaz.com\/index.php?rest_route=\/wp\/v2\/users\/1"}],"replies":[{"embeddable":true,"href":"http:\/\/www.korhanyilmaz.com\/index.php?rest_route=%2Fwp%2Fv2%2Fcomments&post=5687"}],"version-history":[{"count":0,"href":"http:\/\/www.korhanyilmaz.com\/index.php?rest_route=\/wp\/v2\/posts\/5687\/revisions"}],"wp:attachment":[{"href":"http:\/\/www.korhanyilmaz.com\/index.php?rest_route=%2Fwp%2Fv2%2Fmedia&parent=5687"}],"wp:term":[{"taxonomy":"category","embeddable":true,"href":"http:\/\/www.korhanyilmaz.com\/index.php?rest_route=%2Fwp%2Fv2%2Fcategories&post=5687"},{"taxonomy":"post_tag","embeddable":true,"href":"http:\/\/www.korhanyilmaz.com\/index.php?rest_route=%2Fwp%2Fv2%2Ftags&post=5687"}],"curies":[{"name":"wp","href":"https:\/\/api.w.org\/{rel}","templated":true}]}}