{"id":5682,"date":"2009-03-18T15:59:31","date_gmt":"2009-03-18T13:59:31","guid":{"rendered":"http:\/\/www.korhanyilmaz.com\/?p=5682"},"modified":"2009-03-18T15:59:31","modified_gmt":"2009-03-18T13:59:31","slug":"aciklamazsan-namertsin","status":"publish","type":"post","link":"http:\/\/www.korhanyilmaz.com\/?p=5682","title":{"rendered":"&#039;A\u00e7\u0131klamazsan namertsin&#039;"},"content":{"rendered":"<p><img loading=\"lazy\" decoding=\"async\" class=\"aligncenter size-full wp-image-5683\" title=\"'A\u00e7\u0131klamazsan namertsin' \" src=\"http:\/\/www.korhanyilmaz.com\/wp-content\/uploads\/2009\/03\/180320091605367862424.jpg\" alt=\"'A\u00e7\u0131klamazsan namertsin' \" width=\"320\" height=\"100\" \/><\/p>\n<p style=\"text-align: justify;\"><strong>MHP lideri Bah\u00e7eli, Erdo\u011fan i\u00e7in &#8220;Milletvekili olamayan \u015fahsiyet, hangi y\u00f6ntemlerle ba\u015fbakan oldu?&#8221; dedi<\/strong><\/p>\n<p style=\"text-align: justify;\">MHP Genel Ba\u015fkan\u0131 Devlet Bah\u00e7eli, yarg\u0131n\u0131n h\u0131zland\u0131r\u0131lmas\u0131n\u0131 ve daha adil olmas\u0131n\u0131 istediklerini belirtirken, &#8216;\u00dclkede ne olup bitmi\u015fse ortaya \u00e7\u0131kar\u0131n. Ama, Yarg\u0131da sonu\u00e7lanmam\u0131\u015f durumlar\u0131 bahane ederek 3 emekli \u00fczerinden TSK&#8217;y\u0131 a\u015fa\u011f\u0131layamazs\u0131n, sald\u0131ramazs\u0131n&#8217; dedi.<\/p>\n<p style=\"text-align: justify;\">&#8216;Milletvekilli\u011fi olma yeterlili\u011fine sahip olmayan bir \u015fahsiyet, 116 g\u00fcn sonra hangi y\u00f6ntemlerle hangi alaca karanl\u0131kta hangi ili\u015fkilerle ba\u015fbakan olmu\u015ftur. Bu ger\u00e7e\u011fi burada gel anlat, anlatmazsan namertsin diyoruz. \u0130ktidar oldu\u011fumuzda bu 116 g\u00fcn\u00fc inceden inceye incelemezsem ben de namert olay\u0131m&#8217; dedi.<!--more--><\/p>\n<p style=\"text-align: justify;\">Devlet Bah\u00e7eli, partisince Nev\u015fehir&#8217;de Telekom Meydan\u0131&#8217;nda d\u00fczenlenen mitingde yapt\u0131\u011f\u0131 konu\u015fmada, 29 Martta yap\u0131lacak se\u00e7imlerin sosyal, siyasi ve ekonomik y\u00f6nden gergin bir ortamda ger\u00e7ekle\u015ftirilece\u011fini belirtti.<\/p>\n<p style=\"text-align: justify;\">Bu bak\u0131mdan bu se\u00e7imleri, b\u00fct\u00fcn siyasi partilerin \u00f6nemsemesi ve elden geldi\u011fi kadar zor \u015fartlar alt\u0131nda da olsa, sand\u0131\u011fa gidilerek y\u00fcksek bir kat\u0131l\u0131m ile millet iradesi ortaya konulmas\u0131 gerekti\u011fini ifade eden Bah\u00e7eli, &#8216;Kimlik \u015fartlar\u0131nda sorunlar \u00e7\u0131ksa da k\u0131sa s\u00fcre i\u00e7inde oy kullanabilme yeterlili\u011fine sahip olarak, sand\u0131\u011fa gitmenin mutlaka bir yolunu bulmal\u0131y\u0131z. Sand\u0131kta \u00fclke senin, karar senin diyerek, h\u00fcr reyimizi ortaya koymal\u0131y\u0131z&#8217; dedi.<\/p>\n<p style=\"text-align: justify;\">AK Parti H\u00fck\u00fcmetinin ortaya koydu\u011fu performans ile k\u00f6t\u00fc bir y\u00f6netim sergiledi\u011fini iddia eden Bah\u00e7eli, bu k\u00f6t\u00fc y\u00f6netimin, teslimiyet\u00e7i bir anlay\u0131\u015fa, ekonomide (sat kurtulcu), milli meselelerde (ver kurtulcu) d\u00fc\u015f\u00fcnceye dayand\u0131\u011f\u0131n\u0131 ileri s\u00fcrd\u00fc.<\/p>\n<p style=\"text-align: justify;\"><strong>-&#8216;T\u00dcRK\u0130YE&#8217;Y\u0130 GERG\u0130NL\u0130\u011eE \u0130T\u0130YOR&#8217;-<\/strong><\/p>\n<p style=\"text-align: justify;\">Ba\u015fbakan Erdo\u011fan&#8217;\u0131n 6 y\u0131ll\u0131k uygulamalar\u0131n\u0131n T\u00fcrkiye&#8217;yi nereye g\u00f6t\u00fcrd\u00fc\u011f\u00fcn\u00fcn \u00e7\u0131plak bir g\u00f6zle de\u011ferlendirilmesi gerekti\u011fini savunan MHP lideri Bah\u00e7eli, \u015funlar\u0131 s\u00f6yledi:<\/p>\n<p style=\"text-align: justify;\">&#8216;Say\u0131n Ba\u015fbakan sadece sald\u0131rgan, iftirac\u0131 ve karalay\u0131c\u0131 bir \u00fcslupla siyaseti kirletiyor, siyasi \u00fcslubu \u00e7irkinle\u015ftiriyor ve T\u00fcrkiye&#8217;yi gerginli\u011fe itiyor. Say\u0131n Ba\u015fbakan anla\u015f\u0131lan al\u0131\u015fkanl\u0131k haline getirmi\u015f. Bu bir Ba\u015fbakana, tek ba\u015f\u0131na iktidar olmu\u015f bir siyasi partinin genel ba\u015fkan\u0131na yak\u0131\u015fm\u0131yor. Ba\u015fbakan, MHP kazanmas\u0131n, oy almas\u0131n, bu se\u00e7imlerde oyunu artt\u0131rmas\u0131n da ne olursa olsun psikolojisi ile hareket ediyor. Demek ki bir \u015feyi fark ediyor. MHP geldi\u011fi zaman hesap soraca\u011f\u0131na y\u00fczde y\u00fcz emin. Korkunun ecele faydas\u0131 yok Say\u0131n Ba\u015fbakan. Art\u0131k oy kaybetme kayg\u0131s\u0131na d\u00fc\u015ft\u00fcn.&#8217;<\/p>\n<p style=\"text-align: justify;\">T\u00fcrkiye&#8217;nin kavgaya, \u00e7at\u0131\u015fmaya, \u00e7etele\u015fmeye, kutupla\u015fmaya tahamm\u00fcl\u00fc olmad\u0131\u011f\u0131n\u0131 ifade eden Devlet Bah\u00e7eli, s\u00f6zlerini \u015f\u00f6yle s\u00fcrd\u00fcrd\u00fc:<\/p>\n<p style=\"text-align: justify;\">&#8216;T\u00fcrkiye \u00e7ok nazik bir d\u00f6nemden ge\u00e7iyor. T\u00fcrkiye&#8217;nin etraf\u0131 ate\u015f \u00e7emberidir. T\u00fcrkiye ku\u015fat\u0131l\u0131yor. Bir\u00e7ok senaryolar \u00fczerinde derin \u00e7al\u0131\u015fmalar yap\u0131l\u0131yor. Say\u0131n Ba\u015fbakan b\u00f6yle bir ortamda so\u011fukkanl\u0131 olmal\u0131, sab\u0131rl\u0131 olmal\u0131, olaylar\u0131 iyi analiz etmeli, T\u00fcrkiye \u00fczerindeki oyunlar\u0131, buradan gelecek zararlar\u0131 tek ba\u015f\u0131na iktidar ve Ba\u015fbakan olarak g\u00f6revini tam yerine getirebilmelidir. Yoksa i\u015f i\u015ften ge\u00e7ecektir. Say\u0131n Ba\u015fbakan bunlar\u0131 bilerek yap\u0131yorsa, o zaman bu senaryolar\u0131n ta\u015feronu gibi hareket ediyor demektir ki bunu da bu millet affetmez.&#8217;<\/p>\n<p style=\"text-align: justify;\"><strong>-&#8216;DURUP DURURKEN TSK&#8217;YA SALDIRIYORSUN&#8217;-<\/strong><\/p>\n<p style=\"text-align: justify;\">Ba\u015fbakan Erdo\u011fan&#8217;\u0131n 36 etnik guruptan bahsederek milleti b\u00f6ld\u00fc\u011f\u00fcn\u00fc iddia eden Bah\u00e7eli, Erdo\u011fan&#8217;\u0131n yarg\u0131, y\u00fcr\u00fctme, yasama kurumlar\u0131 aras\u0131nda \u00e7at\u0131\u015fmay\u0131 k\u00f6r\u00fckledi\u011fini s\u00f6yledi.<\/p>\n<p style=\"text-align: justify;\">AK Parti&#8217;nin her se\u00e7im d\u00f6neminde durup dururken TSK&#8217;ya sald\u0131rd\u0131\u011f\u0131n\u0131 ileri  s\u00fcren MHP Genel Ba\u015fkan\u0131 Bah\u00e7eli, \u015f\u00f6yle konu\u015ftu:<\/p>\n<p style=\"text-align: justify;\">&#8216;Her se\u00e7im d\u00f6neminde T\u00fcrk Silahl\u0131 Kuvvetlerine sald\u0131r\u0131yorsun. Partinden birisi kalk\u0131yor, \u015fu so\u011fuk ortamda (T\u00fcrkiye b\u00f6l\u00fcnmesin, karde\u015flik bozulmas\u0131n) diye G\u00fcneydo\u011fu Anadolu&#8217;nun da\u011flar\u0131nda gezen Mehmet\u00e7i\u011fe ve onun komutanlar\u0131na dil uzat\u0131yor. E\u011fer bir \u015fey varsa yarg\u0131ya intikal etmi\u015ftir. Yarg\u0131y\u0131 h\u0131zland\u0131r\u0131n, daha adil yap\u0131n. \u00dclkede ne olup bitmi\u015fse ortaya \u00e7\u0131kar\u0131n. Ama onlar\u0131 bahane ederek yarg\u0131da sonu\u00e7lanmam\u0131\u015f durumlar\u0131 bahane ederek 3 emekli \u00fczerinden TSK&#8217;y\u0131 a\u015fa\u011f\u0131layamazs\u0131n, sald\u0131ramazs\u0131n. Bu gidi\u015fat\u0131ndan hay\u0131r g\u00f6z\u00fckm\u00fcyor Say\u0131n Ba\u015fbakan. Bu gidi\u015fat\u0131n seni de felakete, \u00fclkeyi de felakete g\u00f6t\u00fcr\u00fcr, bin y\u0131ll\u0131k karde\u015fli\u011fi zedeler ve bu \u00fclke de Allah muhafaza karde\u015fin karde\u015fe d\u00fc\u015ft\u00fc\u011f\u00fc bir i\u00e7 \u00e7at\u0131\u015fmaya do\u011fru gider. B\u00f6yle bir ortamda belki bir ka\u00e7acak okyanus \u00f6ten var da bu halk nereye gidecek?&#8217;<\/p>\n<p style=\"text-align: justify;\"><strong>-&#8216;ANLATMAZSAN NAMERTS\u0130N&#8217;-<\/strong><\/p>\n<p style=\"text-align: justify;\">S\u0131k s\u0131k \u00f6ks\u00fcrd\u00fc\u011f\u00fc i\u00e7in konu\u015fmas\u0131n\u0131 g\u00fc\u00e7l\u00fckle s\u00fcrd\u00fcrd\u00fc\u011f\u00fc g\u00f6zlenen Devlet Bah\u00e7eli, s\u00f6zlerinin son b\u00f6l\u00fcm\u00fcnde Abdullah G\u00fcl Ba\u015fbakanl\u0131\u011f\u0131nda kurulan 58. H\u00fck\u00fcmetten 116 g\u00fcn sonra milletvekili bile olamayan Erdo\u011fan&#8217;\u0131n Ba\u015fbakan oldu\u011funu dile getirdi. Bah\u00e7eli, s\u00f6zlerini \u015f\u00f6yle tamamlad\u0131:<\/p>\n<p style=\"text-align: justify;\">&#8216;Bu 116 g\u00fcnde ne olmu\u015ftur. Milletvekilli\u011fi olma yeterlili\u011fine sahip olmayan bir \u015fahsiyet, 116 g\u00fcn sonra hangi y\u00f6ntemlerle hangi alaca karanl\u0131kta, hangi ili\u015fkilerle Ba\u015fbakan olmu\u015ftur ve bu ger\u00e7e\u011fi burada gel anlat diyoruz. Anlatmazsan namertsin diyoruz. \u0130ktidar oldu\u011fumuzda bu 116 g\u00fcn\u00fc inceden inceye incelemezsem ben de namert olay\u0131m. Senden bu milletin alaca\u011f\u0131 var, kimseyi karalama. Senden \u00f6ncekileri inkar etme. T\u00fcrkiye&#8217;yi, senin Ba\u015fbakanl\u0131\u011f\u0131nda kurulan bir \u00fclke olarak g\u00f6rme. Sa\u011fdan, soldan k\u0131\u015fk\u0131rtmalarla dalkavuklar\u0131n sesine ald\u0131rma. Orta Do\u011fu&#8217;nun e\u015f ba\u015fkan\u0131 oldun, Davos&#8217;ta Fatih oldun, \u0130stanbul&#8217;da birinci Recep Tayyip Erdo\u011fan olarak son padi\u015fah oldun, ama bunlar\u0131 uygun bulmuyorsan, neden sessiz kal\u0131p k\u0131rm\u0131z\u0131 hal\u0131 \u00fczerinde TOK\u0130&#8217;nin d\u00fczenledi\u011fi toplant\u0131larda kalk\u0131p b\u00f6b\u00fcrlene b\u00f6b\u00fcrlene, vatanda\u015flara, siyasi partilere hakaret eden konu\u015fmalarla de\u011ferlendirme yap\u0131p gidiyorsun? Yalan s\u00f6yl\u00fcyorsun. Say\u0131n Ba\u015fbakan iftira ediyorsun, karalama yap\u0131yorsun. Bunlar\u0131 bu millet unutmayacakt\u0131r. MHP&#8217;nin ise unutmas\u0131 m\u00fcmk\u00fcn de\u011fildir.&#8217;<\/p>\n<p style=\"text-align: justify;\">Partisinin Nev\u015fehir Belediye Ba\u015fkan aday\u0131 Yal\u00e7\u0131n Demir i\u00e7in oy isteyen Bah\u00e7eli, miting sonras\u0131 partililere se\u00e7im otob\u00fcs\u00fc \u00fczerinden karanfil att\u0131.<\/p>\n<p style=\"text-align: justify;\"><span style=\"color: #888888;\">AA<\/span><\/p>\n<p style=\"text-align: justify;\">\n","protected":false},"excerpt":{"rendered":"<\/p>\n<p style=\"text-align: justify;\">MHP lideri Bah\u00e7eli, Erdo\u011fan i\u00e7in &#8220;Milletvekili olamayan \u015fahsiyet, hangi y\u00f6ntemlerle ba\u015fbakan oldu?&#8221; dedi<\/p>\n<p style=\"text-align: justify;\">MHP Genel Ba\u015fkan\u0131 Devlet Bah\u00e7eli, yarg\u0131n\u0131n h\u0131zland\u0131r\u0131lmas\u0131n\u0131 ve daha adil olmas\u0131n\u0131 istediklerini belirtirken, &#8216;\u00dclkede ne olup bitmi\u015fse ortaya \u00e7\u0131kar\u0131n. Ama, Yarg\u0131da sonu\u00e7lanmam\u0131\u015f durumlar\u0131 bahane ederek 3 emekli \u00fczerinden TSK&#8217;y\u0131 a\u015fa\u011f\u0131layamazs\u0131n, sald\u0131ramazs\u0131n&#8217; dedi.<\/p>\n<p style=\"text-align: justify;\">&#8216;Milletvekilli\u011fi olma yeterlili\u011fine <\/p>\n","protected":false},"author":1,"featured_media":0,"comment_status":"open","ping_status":"closed","sticky":false,"template":"","format":"standard","meta":{"footnotes":""},"categories":[105],"tags":[],"class_list":["post-5682","post","type-post","status-publish","format-standard","hentry","category-gundem","odd"],"_links":{"self":[{"href":"http:\/\/www.korhanyilmaz.com\/index.php?rest_route=\/wp\/v2\/posts\/5682","targetHints":{"allow":["GET"]}}],"collection":[{"href":"http:\/\/www.korhanyilmaz.com\/index.php?rest_route=\/wp\/v2\/posts"}],"about":[{"href":"http:\/\/www.korhanyilmaz.com\/index.php?rest_route=\/wp\/v2\/types\/post"}],"author":[{"embeddable":true,"href":"http:\/\/www.korhanyilmaz.com\/index.php?rest_route=\/wp\/v2\/users\/1"}],"replies":[{"embeddable":true,"href":"http:\/\/www.korhanyilmaz.com\/index.php?rest_route=%2Fwp%2Fv2%2Fcomments&post=5682"}],"version-history":[{"count":0,"href":"http:\/\/www.korhanyilmaz.com\/index.php?rest_route=\/wp\/v2\/posts\/5682\/revisions"}],"wp:attachment":[{"href":"http:\/\/www.korhanyilmaz.com\/index.php?rest_route=%2Fwp%2Fv2%2Fmedia&parent=5682"}],"wp:term":[{"taxonomy":"category","embeddable":true,"href":"http:\/\/www.korhanyilmaz.com\/index.php?rest_route=%2Fwp%2Fv2%2Fcategories&post=5682"},{"taxonomy":"post_tag","embeddable":true,"href":"http:\/\/www.korhanyilmaz.com\/index.php?rest_route=%2Fwp%2Fv2%2Ftags&post=5682"}],"curies":[{"name":"wp","href":"https:\/\/api.w.org\/{rel}","templated":true}]}}