{"id":5663,"date":"2009-03-18T14:00:47","date_gmt":"2009-03-18T12:00:47","guid":{"rendered":"http:\/\/www.korhanyilmaz.com\/?p=5663"},"modified":"2009-03-18T14:00:47","modified_gmt":"2009-03-18T12:00:47","slug":"issizlik-niye-artiyor-biliyor-musunuz","status":"publish","type":"post","link":"http:\/\/www.korhanyilmaz.com\/?p=5663","title":{"rendered":"\u0130\u015fsizlik niye art\u0131yor biliyor musunuz?"},"content":{"rendered":"<p><img loading=\"lazy\" decoding=\"async\" class=\"aligncenter size-full wp-image-5664\" title=\"\u0130\u015fsizlik niye art\u0131yor biliyor musunuz? \" src=\"http:\/\/www.korhanyilmaz.com\/wp-content\/uploads\/2009\/03\/180320091406055760120.jpg\" alt=\"\u0130\u015fsizlik niye art\u0131yor biliyor musunuz? \" width=\"320\" height=\"100\" \/><\/p>\n<p style=\"text-align: justify;\"><strong>Devlet Bakan\u0131 Mehmet \u015eim\u015fek, &#8220;\u0130\u015fsizlik oran\u0131 niye art\u0131yor biliyor musunuz? \u00c7\u00fcnk\u00fc kriz d\u00f6nemlerinde daha \u00e7ok i\u015f aran\u0131yor.\u00d6zellikle kad\u0131nlar aras\u0131nda kriz d\u00f6neminde i\u015f g\u00fcc\u00fcne kat\u0131l\u0131m oran\u0131 daha art\u0131yor&#8221; dedi.<\/strong><\/p>\n<p style=\"text-align: justify;\">Bakan \u015eim\u015fek, Eski\u015fehir Sanayici ve \u0130\u015fadamlar\u0131 Derne\u011fince (ES\u0130AD) bir otelde d\u00fczenlenen &#8220;K\u00fcresel Mali Kriz ve T\u00fcrkiye Ekonomisi&#8221; konulu konferansta yapt\u0131\u011f\u0131 konu\u015fmada, son bir y\u0131lda i\u015f g\u00fcc\u00fcndeki art\u0131\u015f\u0131n 1 milyon 130 bin oldu\u011funu belirterek, yakla\u015f\u0131k 300 bin ki\u015fiye i\u015f bulundu\u011funu, geri kalan\u0131na ise i\u015f bulunamad\u0131\u011f\u0131n\u0131, i\u015fsizlik oran\u0131ndaki art\u0131\u015f\u0131n temelinde bunun bulundu\u011funu kaydetti.<!--more--><\/p>\n<p style=\"text-align: justify;\">Kriz nedeniyle i\u015fini kaybedenlerin say\u0131s\u0131n\u0131n 150 bin veya 200 bin civar\u0131nda oldu\u011funu ifade eden \u015eim\u015fek, \u015f\u00f6yle konu\u015ftu:<br \/>\n&#8220;\u0130\u015fsizlik oran\u0131 niye art\u0131yor biliyor musunuz? \u00c7\u00fcnk\u00fc kriz d\u00f6nemlerinde daha \u00e7ok i\u015f aran\u0131yor. \u00d6zellikle kad\u0131nlar aras\u0131nda kriz d\u00f6neminde i\u015f g\u00fcc\u00fcne<br \/>\nkat\u0131l\u0131m oran\u0131 daha art\u0131yor. T\u00fcrkiye&#8217;nin 72 milyonluk bir n\u00fcfusu var. Bunun 50 milyondan fazlas\u0131 \u00e7al\u0131\u015fma \u00e7a\u011f\u0131nda. Yani i\u015f yapabilir noktas\u0131nda. Bunun neredeyse yar\u0131s\u0131 i\u015f aram\u0131yor. Ev kad\u0131n\u0131 olmas\u0131, e\u011fitim gibi nedenlerle. Onun i\u00e7in bu i\u015fsizlik oran\u0131n\u0131 iyi okutmakta fayda var. Nas\u0131l sanayi \u00fcretimi ihracat a\u011f\u0131rl\u0131kl\u0131 olarak d\u00fc\u015f\u00fcyorsa, sanayi \u00fcretimi stoklar\u0131 eritmek i\u00e7in d\u00fc\u015f\u00fcyorsa, i\u015fsizlik oran\u0131ndaki art\u0131\u015f\u0131 da iyi okumak laz\u0131m. T\u00fcrkiye&#8217;deki i\u015fsizlik oran\u0131 art\u0131\u015f\u0131 ile ABD&#8217;deki i\u015fsizlik oran\u0131 art\u0131\u015f\u0131 aras\u0131nda da\u011flar kadar fark var. Amerika&#8217;da i\u015fi olanlar\u0131n, bunu kaybetmesi sonucu bir i\u015fsizlik var. 5 milyon ki\u015fi \u015fu anda bir \u00f6nceki y\u0131la g\u00f6re i\u015ften \u00e7\u0131kar\u0131lm\u0131\u015f. 8,5 milyon ki\u015fi, istedi\u011fi i\u015fi bulamad\u0131\u011f\u0131 i\u00e7in part time \u00e7al\u0131\u015f\u0131yor.&#8221;<br \/>\n\u015eim\u015fek, T\u00fcrkiye&#8217;de de kriz sebebiyle i\u015fini kaybedenlerin oldu\u011funu ifade ederek, \u015f\u00f6yle devam etti:<br \/>\n&#8220;Siz (150 bin) deyin, ben (200 bin) diyeyim. Ama T\u00fcrkiye ekonomisi y\u0131lda 700 bin ki\u015fiye i\u015f bulmak zorunda. Bulamad\u0131\u011f\u0131m\u0131z i\u00e7in i\u015fsizlik oran\u0131 h\u0131zla art\u0131yor<br \/>\nve artmaya da devam edecek. \u00c7\u00fcnk\u00fc gen\u00e7 n\u00fcfusu olan bir \u00fclke ve bu d\u00f6nemde yeterince i\u015f imkanlar\u0131 olu\u015fturulam\u0131yor. Ama reel ekonomiye yans\u0131mas\u0131 a\u00e7\u0131s\u0131ndan bu i\u015fsizlik oranlar\u0131n\u0131n iyi okunmas\u0131 laz\u0131m. \u0130\u015fi olup da i\u015fini kaybeden birisi tabi telafi edilmiyorsa, i\u015fsizlik fonundan kendilerine \u00f6deme yap\u0131lm\u0131yorsa, al\u0131m g\u00fcc\u00fc itibar\u0131yla piyasan\u0131n d\u0131\u015f\u0131na itilmi\u015f durumda demektir. O ekonomiyi bir \u015fekilde etkiler. Ama daha \u00f6nce i\u015fi yoksa, i\u015f aray\u0131\u015f\u0131 i\u00e7inde de\u011filse, i\u015f piyasas\u0131na gelip i\u015f ar\u0131yorsa ve ondan dolay\u0131 i\u015fsizlik oran\u0131 art\u0131yorsa, onun ekonomiye etkisi daha s\u0131n\u0131rl\u0131 olur.\n<\/p>\n<p style=\"text-align: justify;\">Maalesef k\u00f6t\u00fcmserlik pompalan\u0131yor. Burada da ayn\u0131 \u015fey yap\u0131l\u0131yor. Do\u011fru i\u015fsizlik oran\u0131 y\u00fcksek bir rakam. Ama bunun nereden kaynakland\u0131\u011f\u0131n\u0131 g\u00f6rmekte \u00e7ok b\u00fcy\u00fck fayda g\u00f6r\u00fcyorum. \u0130\u015f adamlar\u0131m\u0131z\u0131n moralini y\u00fcksek tutmak a\u00e7\u0131s\u0131ndan bunu s\u00f6yl\u00fcyorum. K\u00f6t\u00fcmserlik pompalanmamas\u0131 a\u00e7\u0131s\u0131ndan bu ger\u00e7ekleri bilmekte ben \u00e7ok b\u00fcy\u00fck yarar g\u00f6r\u00fcyorum.&#8221;<\/p>\n<p style=\"text-align: justify;\"><span style=\"color: #888888;\">Kaynak : Vatan Gazetesi<\/span><\/p>\n","protected":false},"excerpt":{"rendered":"<\/p>\n<p style=\"text-align: justify;\">Devlet Bakan\u0131 Mehmet \u015eim\u015fek, &#8220;\u0130\u015fsizlik oran\u0131 niye art\u0131yor biliyor musunuz? \u00c7\u00fcnk\u00fc kriz d\u00f6nemlerinde daha \u00e7ok i\u015f aran\u0131yor.\u00d6zellikle kad\u0131nlar aras\u0131nda kriz d\u00f6neminde i\u015f g\u00fcc\u00fcne kat\u0131l\u0131m oran\u0131 daha art\u0131yor&#8221; dedi.<\/p>\n<p style=\"text-align: justify;\">Bakan \u015eim\u015fek, Eski\u015fehir Sanayici ve \u0130\u015fadamlar\u0131 Derne\u011fince (ES\u0130AD) bir otelde d\u00fczenlenen &#8220;K\u00fcresel Mali Kriz ve T\u00fcrkiye Ekonomisi&#8221; konulu konferansta yapt\u0131\u011f\u0131 konu\u015fmada, son <\/p>\n","protected":false},"author":1,"featured_media":0,"comment_status":"open","ping_status":"closed","sticky":false,"template":"","format":"standard","meta":{"footnotes":""},"categories":[7],"tags":[],"class_list":["post-5663","post","type-post","status-publish","format-standard","hentry","category-ekonomi","odd"],"_links":{"self":[{"href":"http:\/\/www.korhanyilmaz.com\/index.php?rest_route=\/wp\/v2\/posts\/5663","targetHints":{"allow":["GET"]}}],"collection":[{"href":"http:\/\/www.korhanyilmaz.com\/index.php?rest_route=\/wp\/v2\/posts"}],"about":[{"href":"http:\/\/www.korhanyilmaz.com\/index.php?rest_route=\/wp\/v2\/types\/post"}],"author":[{"embeddable":true,"href":"http:\/\/www.korhanyilmaz.com\/index.php?rest_route=\/wp\/v2\/users\/1"}],"replies":[{"embeddable":true,"href":"http:\/\/www.korhanyilmaz.com\/index.php?rest_route=%2Fwp%2Fv2%2Fcomments&post=5663"}],"version-history":[{"count":0,"href":"http:\/\/www.korhanyilmaz.com\/index.php?rest_route=\/wp\/v2\/posts\/5663\/revisions"}],"wp:attachment":[{"href":"http:\/\/www.korhanyilmaz.com\/index.php?rest_route=%2Fwp%2Fv2%2Fmedia&parent=5663"}],"wp:term":[{"taxonomy":"category","embeddable":true,"href":"http:\/\/www.korhanyilmaz.com\/index.php?rest_route=%2Fwp%2Fv2%2Fcategories&post=5663"},{"taxonomy":"post_tag","embeddable":true,"href":"http:\/\/www.korhanyilmaz.com\/index.php?rest_route=%2Fwp%2Fv2%2Ftags&post=5663"}],"curies":[{"name":"wp","href":"https:\/\/api.w.org\/{rel}","templated":true}]}}