{"id":5658,"date":"2009-03-18T15:22:53","date_gmt":"2009-03-18T13:22:53","guid":{"rendered":"http:\/\/www.korhanyilmaz.com\/?p=5658"},"modified":"2009-03-18T15:22:53","modified_gmt":"2009-03-18T13:22:53","slug":"tolonun-ikinci-ses-kaydi","status":"publish","type":"post","link":"http:\/\/www.korhanyilmaz.com\/?p=5658","title":{"rendered":"Tolon&#039;un ikinci ses kayd\u0131"},"content":{"rendered":"<p><img loading=\"lazy\" decoding=\"async\" class=\"aligncenter size-full wp-image-5659\" title=\"Tolon'un ikinci ses kayd\u0131 \" src=\"http:\/\/www.korhanyilmaz.com\/wp-content\/uploads\/2009\/03\/180320091524555905431.jpg\" alt=\"Tolon'un ikinci ses kayd\u0131 \" width=\"320\" height=\"100\" \/><\/p>\n<p style=\"text-align: justify;\"><strong>Emekli Org. Hur\u015fit Tolon&#8217;a ait oldu\u011fu iddia edilen ikinci ses kayd\u0131 yay\u0131mland\u0131<\/strong><\/p>\n<p style=\"text-align: justify;\">Ergenekon san\u0131\u011f\u0131 emekli Orgeneral Hur\u015fit Tolon&#8217;a ait oldu\u011fu iddia edilen ikinci ses kayd\u0131nda bas\u0131ndaki haberlere yeterli tepki verilmedi\u011fi \u015fikayet ediliyor. Kayd\u0131n bir b\u00f6l\u00fcm\u00fcnde asker ve polis aras\u0131ndaki ili\u015fkilerde emniyet m\u00fcd\u00fcr\u00fc i\u00e7in &#8216;ayaklar\u0131n\u0131 keserim&#8217; ifadesi kullan\u0131l\u0131yor. Ordu i\u00e7indeki atamalar\u0131n ki\u015fisel nedenlerle do\u011fru yap\u0131lmad\u0131\u011f\u0131ndan \u015fikayet edilen b\u00f6l\u00fcmde ise &#8216;Ordunun ba\u015f\u0131na molla geldi&#8217; \u015feklinde bir ifade kullan\u0131l\u0131yor.<\/p>\n<p style=\"text-align: justify;\">Video payla\u015f\u0131m sitelerine d\u00fc\u015fen kay\u0131ttaki ses bas\u0131nda \u00e7\u0131kan haberlere ili\u015fkin &#8220;Ben a\u00e7\u0131yordum derdim ki sen kimsin ulannn, aman ne bi\u00e7im konu\u015fuyorsunuz, b\u00f6yle konu\u015fuyorum, yaz\u0131n\u0131n de\u011feri kadar cevap al\u0131rs\u0131n&#8221; \u015feklinde bir cevap veriyor.<!--more--><\/p>\n<p style=\"text-align: justify;\">Askerle polisin ili\u015fkilerini de\u011ferlendiren sesin, \u0130stanbul Emniyet M\u00fcd\u00fcr\u00fc Celalettin Cerrah&#8217;la ilgili s\u00f6yledikleri ise \u015fu \u015fekilde: &#8220;Celalettin&#8217;i emniyet genel m\u00fcd\u00fcr\u00fcn\u00fc s\u0131kar yaa. \u015eeyi s\u0131kar yaaa Vali&#8217;yi. Bu telefonu a\u00e7ar bu ordu komutan\u0131, yapmay\u0131n etmeyin, \u00e7\u0131ld\u0131raca\u011f\u0131m, a\u00e7ar bana bak vali, o emniyet m\u00fcd\u00fcr\u00fcne s\u00f6yle ayaklar\u0131n\u0131 keserim haa der tak kapat\u0131r.&#8221;<\/p>\n<p style=\"text-align: justify;\">Kay\u0131ttaki ses ordu i\u00e7indeki atamalar i\u00e7inse &#8220;\u015eimdi bak\u0131n\u0131z o \u00c7evik Bir&#8217;i niye k\u0131v\u0131rtt\u0131r\u0131yor Say\u0131n K\u0131vr\u0131ko\u011flu istemedi. \u0130stemez. Ben \u00c7etin&#8217;i \u00e7ok severim ama Ankara&#8217;da olmas\u0131n\u0131 istemem niye? Dizginleyemem. Haaa o zaman molla gelir.&#8221; diyor.<\/p>\n<p style=\"text-align: justify;\">Daha \u00f6nce de Hur\u015fit Tolon&#8217;a ait oldu\u011fu iddia edilen bir ses kayd\u0131 yay\u0131nlanm\u0131\u015f Hur\u015fit Tolon&#8217;un avukat\u0131, ses kayd\u0131n\u0131n Tolon&#8217;a ait olmad\u0131\u011f\u0131n\u0131, ileri teknoloji kullan\u0131larak elde edildi\u011fini idda eden bir a\u00e7\u0131klama g\u00f6ndermi\u015fti. Av. \u0130lkay Sezer, Zaman gazetesinin, &#8220;Sahte sesle ilgili savc\u0131l\u0131\u011fa ba\u015fvurdunuz mu? S\u00f6z konusu sesi haz\u0131rlayanlar\u0131n ceza almas\u0131, ger\u00e7eklerin ortaya \u00e7\u0131kmas\u0131 i\u00e7in ne yapt\u0131n\u0131z?&#8221; sorusuna Sezer&#8217;in verdi\u011fi yan\u0131t\u0131 \u015f\u00f6yle olmu\u015ftu: &#8220;Daha \u00f6nce yapt\u0131\u011f\u0131m\u0131z a\u00e7\u0131klaman\u0131n d\u0131\u015f\u0131nda bug\u00fcn size s\u00f6yleyece\u011fim bir \u015fey yok. Yanl\u0131\u015f anlamalar\u0131 \u00f6nlemek i\u00e7in biz a\u00e7\u0131klamalar\u0131m\u0131z\u0131 yaz\u0131l\u0131 yap\u0131yoruz.&#8221;<\/p>\n<p style=\"text-align: justify;\"><strong>SES KAYDININ TAM METN\u0130:<\/strong><\/p>\n<p style=\"text-align: justify;\"><strong>M. AL\u0130 B\u0130RAND&#8217;I MAHKEMEYE VERD\u0130M<\/strong><\/p>\n<p style=\"text-align: justify;\">\u015eimdi k\u00f6\u015fe yazarlar\u0131ndan biri, ben bantta y\u00fcr\u00fcrken, \u015feyleri de dinliyordum, k\u00f6\u015fe yaz\u0131lar\u0131n\u0131n \u00f6zetlerini veriyor birisi, k\u00f6\u015fe yazar\u0131 Silivri&#8217;den GATA&#8217;ya oradan GATA&#8217;ya do\u011fru t\u00fcnel vas\u0131tas\u0131yla gidenler, i\u015fte gidiyor falan diye, bir de ay\u0131rd\u0131m, haa asl\u0131nda siz biliyor musunuz bilmiyorum, Ya\u015far pa\u015fa bana aynen \u015funu itiraf etti. Bizim adli m\u00fc\u015favirimizden itiraf edeyim ki yeterince ben sordum ben, sizin adli m\u00fc\u015faviriniz, sizi tatmin ediyor, doyuruyor mu, size yeterli ve gerekli bilgiyi verebiliyor mu, teksir ediyor mu dedim, tam diyemem dedi, \u015fimdi diyemezseniz bak\u0131n bende eski tarihli bir \u015fey gazetesi var, Yeni Asya gazetesi var, orda su\u00e7 i\u015flenmi\u015f. Su\u00e7 evet ben bu i\u015fle u\u011fra\u015ft\u0131m, vakti zaman\u0131nda bunlar\u0131 hep mahkemeye verdim, M. Ali Birand d\u00e2hil mahkemeye veren adamd\u0131m ben. Hepsi su\u00e7, yani bunlar\u0131n hepsi su\u00e7 duyurusu. Yeni Asya&#8217;n\u0131n ay\u0131rd\u0131m da oraya, orda \u00e7ok \u00e7arp\u0131c\u0131 bir \u015fey var, ba\u011f\u0131ms\u0131z bir kurul bak\u0131n \u015fimdi bak\u0131n ba\u011f\u0131ms\u0131z bir kurul, Pa\u015falar\u0131 muayene etmelidir ba\u015fl\u0131kl\u0131 bir yaz\u0131, Yeni Asya&#8217;da ba\u011f\u0131ms\u0131z bir kurul pa\u015falar\u0131 muayene etmeli Yeni Asya&#8217;da H\u00fcseyin kemal isimli herif yazm\u0131\u015f. Bu laf\u0131 eden insan haklar\u0131 savunucusu, Av. Kadir Akba\u015f bu zat s\u00f6yl\u00fcyor bu laflar\u0131, bir r\u00f6portaj. Hep su\u00e7. Ba\u015ftan a\u015fa\u011f\u0131 hepsi su\u00e7. Simdi ben ba\u015fka t\u00fcrl\u00fc konu\u015fuyorum da o konu\u015fan yok orda. Ben a\u00e7\u0131yordum derdim ki sen kimsin ulannn, aman ne bi\u00e7im konu\u015fuyorsunuz, b\u00f6yle konu\u015fuyorum, yaz\u0131n\u0131n de\u011feri kadar cevap al\u0131rs\u0131n.<\/p>\n<p style=\"text-align: justify;\"><strong>GENEL KURMAY&#8217;A MESAJ G\u00d6NDERD\u0130M<\/strong><\/p>\n<p style=\"text-align: justify;\">Buras\u0131 dispanser olsayd\u0131 da \u00f6yle, silahl\u0131 kuvvetler temsil bu. \u00c7ok ay\u0131p bunu s\u00f6ylemek ama s\u0131k\u0131larak s\u00f6yl\u00fcyorum. Ben bizzat, bizzat 2. Ba\u015fkan ile buradan konu\u015ftum \u015fu telefondan, GATA&#8217;y\u0131 konu\u015ftuk, o\u011flum gitti konu\u015ftu, art\u0131 \u0130smail Pa\u015fa gitti konu\u015ftu. \u0130smail Ko\u00e7man&#8217;\u0131 bu i\u015f i\u00e7in g\u00f6nderdik, bu i\u015f i\u00e7in gitti. O\u011flum gitti konu\u015ftu, ben de konu\u015ftum.<\/p>\n<p style=\"text-align: justify;\">Yani \u00e7ok utanarak s\u00f6yl\u00fcyorum yapam\u0131yorlar. Yani dar\u0131l\u0131yorlar, \u00fcz\u00fcl\u00fcyorlar, k\u0131r\u0131yorum gibi geliyor. Ama istedikleri kadar k\u0131r\u0131ls\u0131nlar. En ba\u015f\u0131ndakine s\u00f6yledim. En ba\u015flar\u0131ndaki adama s\u00f6yledim.<\/p>\n<p style=\"text-align: justify;\"><strong>&#8220;AYAKLARINI KESER\u0130M&#8221;<\/strong><\/p>\n<p style=\"text-align: justify;\">Celalettin&#8217;i emniyet genel m\u00fcd\u00fcr\u00fcn\u00fc s\u0131kar yaa. \u015eeyi s\u0131kar yaaa Vali&#8217;yi. Bu telefonu a\u00e7ar bu ordu komutan\u0131, yapmay\u0131n etmeyin, \u00e7\u0131ld\u0131raca\u011f\u0131m, a\u00e7ar bana bak vali, o emniyet m\u00fcd\u00fcr\u00fcne s\u00f6yle ayaklar\u0131n\u0131 keserim haa der tak kapat\u0131r. O kadar. B\u00f6yle konu\u015fulur, biz b\u00f6yle konu\u015ftuk. B\u00f6yle ya\u015fad\u0131k. S\u0131kar diyorum bak \u015ferefsizim s\u0131kar yaaa. Celalettin&#8217;i falan s\u0131kar. Buradan polis sal\u00e2vatla ge\u00e7er. \u015eerefsizim diyorum yaaa. Ama bunlar kurmay ba\u015fkan\u0131 bile adam de\u011fil s\u00f6ylettirmeyin beni seni yaa yapma yeti\u015ftiremez olayd\u0131m bunlar\u0131 yaa. Burada kula\u011f\u0131na diyorum ki yaa, karde\u015fim \u015funu s\u00f6yle yap diyorum. B\u00f6yle p\u0131sm\u0131r\u0131k, bunlar nas\u0131l p\u0131sm\u0131r\u0131klar yaaa. \u015eerefsizim b\u00f6yleler. Avukata diyorum ki, ya karde\u015fim H\u0131fz\u0131 \u00c7ubuklu akl\u0131 ermiyor mu buna diyorum. Efendim diyor, k\u0131tadan gelmi\u015f ama diyor. Ermiyor diyor. Ermiyor yaa. Yetmiyorrr. K\u0131zarlar m\u0131zarlar ama ben Erdal&#8217;\u0131 bilirim. 12 sene benle \u00e7al\u0131\u015ft\u0131. G\u00fcnde en az 3 defa odaya girer \u00e7\u0131kard\u0131 b\u00f6yle. Ben atlasam o gelirdi yaa. Buna hemen hemen, hemen reaksiyon g\u00f6recek. Yani misliyle. Alt\u0131ndan kalkamayacak. Buraya \u00c7evik Bir geldi. \u00c7evik Bir de orda ger\u00e7i bana 2. Ba\u015fkanl\u0131k yapmad\u0131, ordu komutanl\u0131\u011f\u0131 yapt\u0131 bir sene, \u015fimdi k\u0131zarlar m\u0131zarlar. Ama ordunun bir raconu var. Ordunun bir raconu var. \u015eimdi moda bir deyim var, hani, Karizmas\u0131, ne karizmas\u0131 yaa. Hani bilmem ne dersini ald\u0131rmazda bir \u015fey oldu \u015fimdi. Affedersiniz. Yapam\u0131yor. Yani, bana bir arkada\u015f\u0131m dedi ki, buraya gelen; &#8220;hay\u0131rl\u0131s\u0131yla \u015fu a\u011fustos gelse de ben de b\u0131rak\u0131p gideyim&#8221; yooo. Yani ben de b\u0131rak\u0131p gideyim ben de pa\u00e7ay\u0131 kurtaray\u0131m, olmaz o. Haaa kar\u015f\u0131l\u0131\u011f\u0131 bak sonra b\u00f6yle olur. Olsunn. Olsun<\/p>\n<p style=\"text-align: justify;\"><strong>ORDU&#8217;NUN BA\u015eINA MOLLA GELD\u0130 B\u00d6YLE OLDU<\/strong><\/p>\n<p style=\"text-align: justify;\">DGM&#8217;nin savc\u0131s\u0131n\u0131 \u00e7a\u011f\u0131r\u0131rd\u0131k. Arkada\u015flar, ikaz ediyoruz. B\u00f6yle konu\u015fulurdu, nezaketle \u00f6nce, efendice. Yapam\u0131yoruz, yapam\u0131yoruz. Yaln\u0131z bu i\u015f i\u00e7in de\u011fil silahl\u0131 kuvvetlerin b\u00fct\u00fcn fonksiyonlar\u0131 bitik. Uru\u011f pa\u015fa geldi, adam Uru\u011f pa\u015fa gibi adama, a\u00e7m\u0131\u015f ona telefonu Uru\u011f&#8217;a s\u0131\u011f\u0131n\u0131yor. Kim s\u0131\u011f\u0131n\u0131yor. Karaday\u0131, Uru\u011f&#8217;a s\u0131\u011f\u0131n\u0131yor. Olmad\u0131. S\u00f6yleyeni sevmiyorlar. Ben s\u00f6yleyeyim size, sevmezler, bana sorun siz. O \u00e7ok, \u00e7ok b\u00f6yle azd\u0131 o insanlar. O insanlara yol verilmez. \u015eimdi bak\u0131n\u0131z o \u00c7evik Bir&#8217;i niye k\u0131v\u0131rtt\u0131r\u0131yor Say\u0131n K\u0131vr\u0131ko\u011flu istemedi. \u0130stemez. Ben \u00c7etin&#8217;i \u00e7ok severim ama Ankara&#8217;da olmas\u0131n\u0131 istemem niye? Dizginleyemem. Haaa o zaman molla gelir. Bak \u015fimdi O&#8217;nu getirmezsen mollay\u0131 getirirsin. Sonra da \u015fimdi dizini vurursun molla bizim anam\u0131z\u0131 belledi diye. Molla geldi, bu ordunun ba\u015f\u0131na bir molla gelmi\u015ftir. Kim ne derse desin. Ondan sonra bizim \u015feyimiz bozuldu. Ben bunlar\u0131 s\u00f6ylerken utan\u0131yorum. Biz hapislere girdik onun y\u00fcz\u00fcnden. Biz hapislere girdi\u011fimiz i\u00e7in G\u00fclhane p\u0131r\u0131l p\u0131r\u0131l G\u00fclhane bak\u0131n nas\u0131l oyuna, bizim y\u00fcz\u00fcm\u00fczden, benim \u015eener&#8217;in birde bu Levent&#8217;in y\u00fcz\u00fcnden GATA hedef tahtas\u0131nda yaaa g\u00f6r\u00fclm\u00fc\u015f i\u015f mi bu yaa. Allah i\u00e7in bak s\u00f6yl\u00fcyorum yaa benim i\u00e7in, \u015eener i\u00e7in, bir de \u015fey i\u00e7in.<\/p>\n<p style=\"text-align: justify;\"><span style=\"color: #888888;\">(Bug\u00fcn)<\/span><\/p>\n","protected":false},"excerpt":{"rendered":"<\/p>\n<p style=\"text-align: justify;\">Emekli Org. Hur\u015fit Tolon&#8217;a ait oldu\u011fu iddia edilen ikinci ses kayd\u0131 yay\u0131mland\u0131<\/p>\n<p style=\"text-align: justify;\">Ergenekon san\u0131\u011f\u0131 emekli Orgeneral Hur\u015fit Tolon&#8217;a ait oldu\u011fu iddia edilen ikinci ses kayd\u0131nda bas\u0131ndaki haberlere yeterli tepki verilmedi\u011fi \u015fikayet ediliyor. Kayd\u0131n bir b\u00f6l\u00fcm\u00fcnde asker ve polis aras\u0131ndaki ili\u015fkilerde emniyet m\u00fcd\u00fcr\u00fc i\u00e7in &#8216;ayaklar\u0131n\u0131 keserim&#8217; ifadesi kullan\u0131l\u0131yor. Ordu i\u00e7indeki atamalar\u0131n <\/p>\n","protected":false},"author":1,"featured_media":0,"comment_status":"open","ping_status":"closed","sticky":false,"template":"","format":"standard","meta":{"footnotes":""},"categories":[105],"tags":[],"class_list":["post-5658","post","type-post","status-publish","format-standard","hentry","category-gundem","odd"],"_links":{"self":[{"href":"http:\/\/www.korhanyilmaz.com\/index.php?rest_route=\/wp\/v2\/posts\/5658","targetHints":{"allow":["GET"]}}],"collection":[{"href":"http:\/\/www.korhanyilmaz.com\/index.php?rest_route=\/wp\/v2\/posts"}],"about":[{"href":"http:\/\/www.korhanyilmaz.com\/index.php?rest_route=\/wp\/v2\/types\/post"}],"author":[{"embeddable":true,"href":"http:\/\/www.korhanyilmaz.com\/index.php?rest_route=\/wp\/v2\/users\/1"}],"replies":[{"embeddable":true,"href":"http:\/\/www.korhanyilmaz.com\/index.php?rest_route=%2Fwp%2Fv2%2Fcomments&post=5658"}],"version-history":[{"count":0,"href":"http:\/\/www.korhanyilmaz.com\/index.php?rest_route=\/wp\/v2\/posts\/5658\/revisions"}],"wp:attachment":[{"href":"http:\/\/www.korhanyilmaz.com\/index.php?rest_route=%2Fwp%2Fv2%2Fmedia&parent=5658"}],"wp:term":[{"taxonomy":"category","embeddable":true,"href":"http:\/\/www.korhanyilmaz.com\/index.php?rest_route=%2Fwp%2Fv2%2Fcategories&post=5658"},{"taxonomy":"post_tag","embeddable":true,"href":"http:\/\/www.korhanyilmaz.com\/index.php?rest_route=%2Fwp%2Fv2%2Ftags&post=5658"}],"curies":[{"name":"wp","href":"https:\/\/api.w.org\/{rel}","templated":true}]}}