{"id":5643,"date":"2009-03-18T10:15:05","date_gmt":"2009-03-18T08:15:05","guid":{"rendered":"http:\/\/www.korhanyilmaz.com\/?p=5643"},"modified":"2009-03-18T10:15:05","modified_gmt":"2009-03-18T08:15:05","slug":"turkiyeye-darbe","status":"publish","type":"post","link":"http:\/\/www.korhanyilmaz.com\/?p=5643","title":{"rendered":"T\u00fcrkiye&#039;ye darbe !"},"content":{"rendered":"<p style=\"text-align: center;\"><img loading=\"lazy\" decoding=\"async\" class=\"aligncenter size-full wp-image-5644\" title=\"T\u00fcrkiye'ye darbe ! \" src=\"http:\/\/www.korhanyilmaz.com\/wp-content\/uploads\/2009\/03\/180320091222201750461.jpg\" alt=\"T\u00fcrkiye'ye darbe ! \" width=\"376\" height=\"240\" \/><\/p>\n<p style=\"text-align: justify;\"><strong>Ermeni yanl\u0131s\u0131 Kongre \u00fcyelerince ABD Temsilciler Meclisi&#8217;ne &#8220;soyk\u0131r\u0131m\u0131&#8221; tasar\u0131s\u0131 sunmas\u0131 &#8220;T\u00fcrkiye&#8217;ye darbe&#8221; olarak yorumland\u0131<\/strong>.<\/p>\n<p style=\"text-align: justify;\">Financial Times gazetesi, tasar\u0131y\u0131 ABD Ba\u015fkan\u0131 Barack Obama&#8217;n\u0131n T\u00fcrkiye ziyareti \u00f6ncesi ikili ili\u015fkiler i\u00e7in &#8220;test&#8221; olarak nitelendirdi.<\/p>\n<p style=\"text-align: justify;\">Financial Times gazetesi, &#8220;Katliama ili\u015fkin giri\u015fim T\u00fcrkiye&#8217;ye darbe&#8221; ba\u015fl\u0131kl\u0131 haberinde Kongre \u00fcyelerince Osmanl\u0131 d\u00f6neminde ger\u00e7ekle\u015ftirilen Ermenilerin &#8220;katl\u0131man\u0131&#8221;n\u0131n &#8220;soyk\u0131r\u0131m&#8221; olarak tan\u0131mlanan bir tasar\u0131y\u0131 sunduklar\u0131n\u0131 belirterek, &#8220;Giri\u015fimin ABD Ba\u015fkan\u0131 Barack Obama&#8217;n\u0131n T\u00fcrkiye ziyareti \u00f6ncesi ABD&#8217;n\u0131n Ankara ile ili\u015fkileri i\u00e7in bir test olmas\u0131 beklendi\u011fi&#8221;ni yazd\u0131.<!--more--><\/p>\n<p style=\"text-align: justify;\">Tasar\u0131n\u0131n ba\u015fl\u0131ca sunucular\u0131ndan demokrat Kongre \u00fcyesi Adam Schiff&#8217;in, Temsilciler Meclisi&#8217;nin 77 \u00fcyesinden destek sa\u011fland\u0131\u011f\u0131n\u0131 s\u00f6yledi\u011fine i\u015faret eden gazete, Schiff&#8217;in bir kez daha Obama&#8217;y\u0131 &#8220;\u00f6ld\u00fcrmeleri soyk\u0131r\u0131m olarak tan\u0131mlamaya \u00e7a\u011f\u0131rd\u0131\u011f\u0131n\u0131 kaydetti. Financial Times s\u00f6yle devam etti:<br \/>\n&#8220;T\u00fcrk diplomatlar\u0131, ABD&#8217;ye, b\u00f6yle bir tasar\u0131n\u0131n ABD-T\u00fcrk ba\u011flar\u0131n\u0131 tehlikeye ataca\u011f\u0131n\u0131 ve Say\u0131n Obama&#8217;n\u0131n bu y\u00f6ndeki bir a\u00e7\u0131klamas\u0131n\u0131n daha da b\u00fcy\u00fck bir etkisi olaca\u011f\u0131 uyar\u0131s\u0131n\u0131 yapt\u0131.&#8221;\n<\/p>\n<p style=\"text-align: justify;\"><span style=\"color: #888888;\">Kaynak : Vatan Gazetesi<\/span><\/p>\n","protected":false},"excerpt":{"rendered":"<p style=\"text-align: center;\">\n<p style=\"text-align: justify;\">Ermeni yanl\u0131s\u0131 Kongre \u00fcyelerince ABD Temsilciler Meclisi&#8217;ne &#8220;soyk\u0131r\u0131m\u0131&#8221; tasar\u0131s\u0131 sunmas\u0131 &#8220;T\u00fcrkiye&#8217;ye darbe&#8221; olarak yorumland\u0131.<\/p>\n<p style=\"text-align: justify;\">Financial Times gazetesi, tasar\u0131y\u0131 ABD Ba\u015fkan\u0131 Barack Obama&#8217;n\u0131n T\u00fcrkiye ziyareti \u00f6ncesi ikili ili\u015fkiler i\u00e7in &#8220;test&#8221; olarak nitelendirdi.<\/p>\n<p style=\"text-align: justify;\">Financial Times gazetesi, &#8220;Katliama ili\u015fkin giri\u015fim T\u00fcrkiye&#8217;ye darbe&#8221; ba\u015fl\u0131kl\u0131 haberinde Kongre \u00fcyelerince Osmanl\u0131 d\u00f6neminde ger\u00e7ekle\u015ftirilen <\/p>\n","protected":false},"author":1,"featured_media":0,"comment_status":"open","ping_status":"closed","sticky":false,"template":"","format":"standard","meta":{"footnotes":""},"categories":[105],"tags":[],"class_list":["post-5643","post","type-post","status-publish","format-standard","hentry","category-gundem","odd"],"_links":{"self":[{"href":"http:\/\/www.korhanyilmaz.com\/index.php?rest_route=\/wp\/v2\/posts\/5643","targetHints":{"allow":["GET"]}}],"collection":[{"href":"http:\/\/www.korhanyilmaz.com\/index.php?rest_route=\/wp\/v2\/posts"}],"about":[{"href":"http:\/\/www.korhanyilmaz.com\/index.php?rest_route=\/wp\/v2\/types\/post"}],"author":[{"embeddable":true,"href":"http:\/\/www.korhanyilmaz.com\/index.php?rest_route=\/wp\/v2\/users\/1"}],"replies":[{"embeddable":true,"href":"http:\/\/www.korhanyilmaz.com\/index.php?rest_route=%2Fwp%2Fv2%2Fcomments&post=5643"}],"version-history":[{"count":0,"href":"http:\/\/www.korhanyilmaz.com\/index.php?rest_route=\/wp\/v2\/posts\/5643\/revisions"}],"wp:attachment":[{"href":"http:\/\/www.korhanyilmaz.com\/index.php?rest_route=%2Fwp%2Fv2%2Fmedia&parent=5643"}],"wp:term":[{"taxonomy":"category","embeddable":true,"href":"http:\/\/www.korhanyilmaz.com\/index.php?rest_route=%2Fwp%2Fv2%2Fcategories&post=5643"},{"taxonomy":"post_tag","embeddable":true,"href":"http:\/\/www.korhanyilmaz.com\/index.php?rest_route=%2Fwp%2Fv2%2Ftags&post=5643"}],"curies":[{"name":"wp","href":"https:\/\/api.w.org\/{rel}","templated":true}]}}