{"id":5637,"date":"2009-03-18T13:07:50","date_gmt":"2009-03-18T11:07:50","guid":{"rendered":"http:\/\/www.korhanyilmaz.com\/?p=5637"},"modified":"2009-03-18T13:07:50","modified_gmt":"2009-03-18T11:07:50","slug":"israil-turkiyeyi-nasil-aldatti","status":"publish","type":"post","link":"http:\/\/www.korhanyilmaz.com\/?p=5637","title":{"rendered":"\u0130srail T\u00fcrkiye&#8217;yi nas\u0131l aldatt\u0131?"},"content":{"rendered":"<p><img loading=\"lazy\" decoding=\"async\" class=\"aligncenter size-full wp-image-5638\" title=\"\u0130srail T\u00fcrkiye'yi nas\u0131l aldatt\u0131? \" src=\"http:\/\/www.korhanyilmaz.com\/wp-content\/uploads\/2009\/03\/180320091310053798736.jpg\" alt=\"\u0130srail T\u00fcrkiye'yi nas\u0131l aldatt\u0131? \" width=\"320\" height=\"100\" \/><strong><\/strong><\/p>\n<p style=\"text-align: justify;\"><strong>Suriye Devlet Ba\u015fkan\u0131 Esad, \u0130srail Ba\u015fbakan\u0131 Olmert&#8217;in son Ankara ziyareti s\u0131ras\u0131nda Ba\u015fbakan Erdo\u011fan&#8217;\u0131n Suriye ile \u0130srail aras\u0131nda bir mutabakat sa\u011flanmas\u0131 i\u00e7in yapt\u0131\u011f\u0131 yo\u011fun \u00e7abalar\u0131 \u0130talyan La Repubblica gazetesine anlatt\u0131<\/strong>.<\/p>\n<p style=\"text-align: justify;\">Suriye Devlet Ba\u015fkan\u0131 Be\u015far Esad, \u0130srail Ba\u015fbakan\u0131 Ehud Olmert&#8217;in son Ankara ziyareti s\u0131ras\u0131nda Ba\u015fbakan Recep Tayyip Erdo\u011fan&#8217;\u0131n Suriye ile \u0130srail aras\u0131nda bir mutabakat sa\u011flanmas\u0131 i\u00e7in telefonda yapt\u0131\u011f\u0131 yo\u011fun \u00e7abalar\u0131 \u0130talyan La Repubblica gazetesine anlatt\u0131.<\/p>\n<p style=\"text-align: justify;\">Esad, T\u00fcrkiye arac\u0131l\u0131 g\u00f6r\u00fc\u015fmelerin iki \u00fclkeyi bir bar\u0131\u015f anla\u015fmas\u0131na &#8220;\u00e7ok yak\u0131n&#8221; bir duruma getirdi\u011fini s\u00f6yledi. <!--more--><br \/>\nBe\u015far Esad, \u0130talyan La Repubblica gazetesi ile yapt\u0131\u011f\u0131 s\u00f6yle\u015fide, T\u00fcrkiye arac\u0131l\u0131 Suriye-\u0130srail g\u00f6r\u00fc\u015fmelerinin, \u0130srail Ba\u015fbakan\u0131 Ehud Olmert&#8217;in Golan Tepelerinden \u00e7ekilme isteklili\u011fini dile getirmesinin ard\u0131ndan iki \u00fclkeyi bir bar\u0131\u015f anla\u015fmas\u0131na \u00e7ok yak\u0131n bir duruma getirdi\u011fini ifade etti.<br \/>\nG\u00f6r\u00fc\u015fmelerin nas\u0131l ba\u015flad\u0131\u011f\u0131n\u0131 anlatan Esad &#8220;Olmert, T\u00fcrk Ba\u015fbakan\u0131na (Recep Tayyip Erdo\u011fan) Golan Tepelerini geri vermeye istekli oldu\u011funu bildirdi. O zaman g\u00f6r\u00fc\u015fmeye ba\u015flad\u0131k. Tek eksikli\u011fi, 1967 hat\u0131na ili\u015fkin nihai detaylar idi.\n<\/p>\n<p style=\"text-align: justify;\"><strong>&#8220;DO\u011eRUDAN G\u00d6R\u00dc\u015eMELERE TEK B\u0130R ENGEL VARDI&#8221; <\/strong><\/p>\n<p style=\"text-align: justify;\">Esad, \u0130srail bas\u0131n\u0131na da yans\u0131tan s\u00f6yle\u015fide Olmert odada iken Erdo\u011fan ile yapt\u0131\u011f\u0131 uzun g\u00f6r\u00fc\u015fmelere de de\u011finirken &#8220;Olmert onunla (Erdo\u011fan ile) ba\u015fka bir odada yemek yiyordu ben de burada, \u015eam&#8217;da idim\u00f6 \u015feklinde konu\u015ftu. Esad \u015f\u00f6yle devam etti:<br \/>\n&#8220;Benimle ac\u0131l olarak konu\u015fmak istiyordu. Do\u011frudan g\u00f6r\u00fc\u015fmelere tek bir engel vard\u0131: \u0130srail taraf\u0131ndan 1967 s\u0131n\u0131r hatt\u0131n\u0131 belirleyen belgenin kabul edilmesi.<br \/>\nSaatlerce telefonda idik. Olmert konuya girmekten ka\u00e7\u0131n\u0131yordu. Erdo\u011fan&#8217;\u0131n arac\u0131l\u0131\u011f\u0131yla ondan net bir yan\u0131t istedim. O da, h\u00fck\u00fcmeti ile dan\u0131\u015fabilmek amac\u0131yla karar\u0131n birka\u00e7 g\u00fcn ertelenmesini \u00f6nerdi. Ancak, bundan sonra, d\u00f6rt g\u00fcn sonra, Gazze&#8217;de sava\u015f patlad\u0131. Ka\u00e7\u0131r\u0131lan bir f\u0131rsat daha. Ve o zaman T\u00fcrkiye aldat\u0131lm\u0131\u015f hissetti.\u00f6<br \/>\n\u0130srail&#8217;de sa\u011fc\u0131 bir h\u00fck\u00fcmetin kurulmas\u0131 Be\u015far Esad, \u0130srail ile g\u00f6r\u00fc\u015fmelerin yeniden ba\u015flamas\u0131 olas\u0131l\u0131\u011f\u0131na ili\u015fkin bir soruyu yan\u0131tlarken de \u0130srail&#8217;de hangi h\u00fck\u00fcmet olursa olsun ilke olarak bundan yana oldu\u011funu belirtti.<br \/>\nBar\u0131\u015f ko\u015fullar\u0131n\u0131n herkes i\u00e7in a\u00e7\u0131k oldu\u011funu belirten Esad, \u0130srail&#8217;in Golan Tepelerini Suriye&#8217;ye iade etmesi gerekti\u011fini vurgulad\u0131.\n<\/p>\n<p style=\"text-align: justify;\"><strong>&#8220;\u0130SRA\u0130L&#8217;E B\u0130R TEK WASH\u0130NGTON BASKI YAPAB\u0130L\u0130R&#8221; <\/strong><\/p>\n<p style=\"text-align: justify;\">Suriye Devlet Ba\u015fkan\u0131 Esad, ABD&#8217;nin oynayacak \u00f6nemli bir rol\u00fc oldu\u011funu belirtirken de &#8220;Amerikan bir s\u00fcperg\u00fc\u00e7 olarak \u00f6nemli bir rol\u00fc var. \u0130srail&#8217;e bir tek Washington bask\u0131 yapabilir\u00f6 dedi.<br \/>\nBuna kar\u015f\u0131n, d\u00fcnyada ba\u015fka oyuncular\u0131n da oldu\u011funu belirten Esad, bu \u00e7er\u00e7evede b\u00f6lge \u00fclkeleri ile ili\u015fkileri geli\u015ftiren T\u00fcrkiye&#8217;nin de bulundu\u011funu s\u00f6yledi.<br \/>\nBe\u015far Esad, T\u00fcrkiye i\u00e7in ABD ve AB&#8217;nin ba\u015far\u0131s\u0131z oldu\u011fu yerde T\u00fcrkiye&#8217;nin arabulucu olarak b\u00f6lge \u00fclkelerinin g\u00fcvenini kazand\u0131\u011f\u0131n\u0131 s\u00f6yledi.<br \/>\nBa\u015fka bir soru \u00fczerine Esad, \u0130ran ile n\u00fckleer sorununun ancak diyalo\u011fun \u00e7\u00f6z\u00fcmlenebilece\u011fini vurgulad\u0131.\n<\/p>\n<p style=\"text-align: justify;\"><span style=\"color: #888888;\">ANKA<\/span><\/p>\n<p style=\"text-align: justify;\">\n","protected":false},"excerpt":{"rendered":"<\/p>\n<p style=\"text-align: justify;\">Suriye Devlet Ba\u015fkan\u0131 Esad, \u0130srail Ba\u015fbakan\u0131 Olmert&#8217;in son Ankara ziyareti s\u0131ras\u0131nda Ba\u015fbakan Erdo\u011fan&#8217;\u0131n Suriye ile \u0130srail aras\u0131nda bir mutabakat sa\u011flanmas\u0131 i\u00e7in yapt\u0131\u011f\u0131 yo\u011fun \u00e7abalar\u0131 \u0130talyan La Repubblica gazetesine anlatt\u0131.<\/p>\n<p style=\"text-align: justify;\">Suriye Devlet Ba\u015fkan\u0131 Be\u015far Esad, \u0130srail Ba\u015fbakan\u0131 Ehud Olmert&#8217;in son Ankara ziyareti s\u0131ras\u0131nda Ba\u015fbakan Recep Tayyip Erdo\u011fan&#8217;\u0131n Suriye ile \u0130srail aras\u0131nda <\/p>\n","protected":false},"author":1,"featured_media":0,"comment_status":"open","ping_status":"closed","sticky":false,"template":"","format":"standard","meta":{"footnotes":""},"categories":[3],"tags":[],"class_list":["post-5637","post","type-post","status-publish","format-standard","hentry","category-dunya","odd"],"_links":{"self":[{"href":"http:\/\/www.korhanyilmaz.com\/index.php?rest_route=\/wp\/v2\/posts\/5637","targetHints":{"allow":["GET"]}}],"collection":[{"href":"http:\/\/www.korhanyilmaz.com\/index.php?rest_route=\/wp\/v2\/posts"}],"about":[{"href":"http:\/\/www.korhanyilmaz.com\/index.php?rest_route=\/wp\/v2\/types\/post"}],"author":[{"embeddable":true,"href":"http:\/\/www.korhanyilmaz.com\/index.php?rest_route=\/wp\/v2\/users\/1"}],"replies":[{"embeddable":true,"href":"http:\/\/www.korhanyilmaz.com\/index.php?rest_route=%2Fwp%2Fv2%2Fcomments&post=5637"}],"version-history":[{"count":0,"href":"http:\/\/www.korhanyilmaz.com\/index.php?rest_route=\/wp\/v2\/posts\/5637\/revisions"}],"wp:attachment":[{"href":"http:\/\/www.korhanyilmaz.com\/index.php?rest_route=%2Fwp%2Fv2%2Fmedia&parent=5637"}],"wp:term":[{"taxonomy":"category","embeddable":true,"href":"http:\/\/www.korhanyilmaz.com\/index.php?rest_route=%2Fwp%2Fv2%2Fcategories&post=5637"},{"taxonomy":"post_tag","embeddable":true,"href":"http:\/\/www.korhanyilmaz.com\/index.php?rest_route=%2Fwp%2Fv2%2Ftags&post=5637"}],"curies":[{"name":"wp","href":"https:\/\/api.w.org\/{rel}","templated":true}]}}