{"id":5633,"date":"2009-03-18T13:46:22","date_gmt":"2009-03-18T11:46:22","guid":{"rendered":"http:\/\/www.korhanyilmaz.com\/?p=5633"},"modified":"2009-03-18T13:46:22","modified_gmt":"2009-03-18T11:46:22","slug":"istanbulda-bir-gunde-bir-miting-yapilsin","status":"publish","type":"post","link":"http:\/\/www.korhanyilmaz.com\/?p=5633","title":{"rendered":"&quot;\u0130stanbul&#039;da bir g\u00fcnde bir miting yap\u0131ls\u0131n&quot;"},"content":{"rendered":"<p style=\"text-align: center;\"><img loading=\"lazy\" decoding=\"async\" class=\"aligncenter size-full wp-image-5634\" title=\"&quot;\u0130stanbul'da bir g\u00fcnde bir miting yap\u0131ls\u0131n&quot;\" src=\"http:\/\/www.korhanyilmaz.com\/wp-content\/uploads\/2009\/03\/gulermitingman.jpg\" alt=\"&quot;\u0130stanbul'da bir g\u00fcnde bir miting yap\u0131ls\u0131n&quot;\" width=\"352\" height=\"184\" \/><\/p>\n<p style=\"text-align: justify;\"><strong>Vali G\u00fcler AK Parti, CHP, SP ve BBP aras\u0131ndaki miting tart\u0131\u015fmas\u0131n\u0131 de\u011ferlendirdi.<\/strong><\/p>\n<p style=\"text-align: justify;\">\u0130stanbul Valisi Muammer G\u00fcler, kentte bir meydanda, g\u00fcnde bir miting yap\u0131lmas\u0131n\u0131 tercih ettiklerini ifade ederek, &#8221;Ama zorunluluklar varsa en az riski olan, en az fiili zorlu\u011fu olan\u0131 da tercih etmek gerekir&#8221; dedi.<\/p>\n<p style=\"text-align: justify;\">G\u00fcler, \u015eehitleri Anma G\u00fcn\u00fc ve \u00c7anakkale Deniz Zaferi&#8217;nin y\u0131l d\u00f6n\u00fcm\u00fc dolay\u0131s\u0131yla Edirnekap\u0131 \u015eehitli\u011fi&#8217;nde d\u00fczenlenen t\u00f6renden ayr\u0131l\u0131rken, bas\u0131n mensuplar\u0131n\u0131n sorular\u0131n\u0131 yan\u0131tlad\u0131.<\/p>\n<p style=\"text-align: justify;\">\u0130stanbul&#8217;da 22 Martta yap\u0131lmas\u0131 \u00f6ng\u00f6r\u00fclen mitinglere ili\u015fkin soru \u00fczerine G\u00fcler, 19-28 Mart aras\u0131ndaki s\u00fcrenin propaganda serbestli\u011fi d\u00f6nemi oldu\u011funu ve miting alanlar\u0131n\u0131n, a\u00e7\u0131k ve kapal\u0131 yer toplant\u0131lar\u0131na ili\u015fkin alanlar\u0131n tahsisinin il\u00e7e se\u00e7im kurullar\u0131na ait oldu\u011funu kaydetti.<!--more--><\/p>\n<p style=\"text-align: justify;\">G\u00fcler, se\u00e7im kurullar\u0131na kentte toplant\u0131 ve g\u00f6steri y\u00fcr\u00fcy\u00fc\u015fleri yap\u0131lacak yerleri bildirdiklerini belirten G\u00fcler, &#8221;Bu konuda valilik ve emniyetin bir yetkisi yoktur. Siyasi partilerin programlar\u0131nda tanzim ve yetkili makam da valilik de\u011fildir&#8221; diye konu\u015ftu.<\/p>\n<p style=\"text-align: justify;\">Tahsisler s\u0131ras\u0131nda \u00e7\u0131kabilecek fiili zorluklara i\u015faret ettiklerini ifade eden G\u00fcler, s\u00f6zlerini \u015f\u00f6yle s\u00fcrd\u00fcrd\u00fc:<\/p>\n<p style=\"text-align: justify;\">&#8221;Bizim tercihimiz, \u0130stanbul&#8217;da bir meydanda, g\u00fcnde bir miting yap\u0131lmas\u0131d\u0131r. Ama siyasi partilerin program\u0131 s\u0131k\u0131\u015ft\u0131\u011f\u0131 zaman bir yer i\u00e7in birden fazla siyasi parti talepte bulunabiliyor. Kazl\u0131\u00e7e\u015fme&#8217;de b\u00f6yle bir konunun zorlu\u011funu ifade etmi\u015ftik. \u015eimdi CHP yeni bir talepte bulunmu\u015f. Se\u00e7im kurulunun bu konudaki karar\u0131n\u0131 bekliyoruz. Biz onlar\u0131n verdi\u011fi karar\u0131 uygulamaya \u00e7al\u0131\u015f\u0131r\u0131z. Ama aslolan tabiki bir g\u00fcnde bir mitingin yap\u0131lmas\u0131d\u0131r. Ama zorunluluklar varsa en az riski olan, en az fiili zorlu\u011fu olan\u0131 da tercih etmek gerekir. Ama yetki benim de\u011fildir, biz sorulursa g\u00f6r\u00fc\u015f\u00fcm\u00fcz\u00fc belirtiriz. Ama sayg\u0131, ho\u015fg\u00f6r\u00fc ve diyalog i\u00e7inde bunun \u00e7\u00f6z\u00fcm\u00fc gerekir.&#8221;<\/p>\n<p style=\"text-align: justify;\">Muammer G\u00fcler, \u0130stanbul&#8217;da tespit edilen 4 toplant\u0131 ve g\u00f6steri yerinin Anadolu yakas\u0131nda Kad\u0131k\u00f6y ve Kartal, Avrupa yakas\u0131nda Kazl\u0131\u00e7e\u015fme ve \u00c7a\u011flayan oldu\u011funa i\u015faret ederek, bunlar\u0131n d\u0131\u015f\u0131ndaki meydanlar\u0131n toplant\u0131 ile ilgili kullan\u0131lmas\u0131n\u0131n m\u00fcmk\u00fcn olmad\u0131\u011f\u0131n\u0131 vurgulad\u0131.<\/p>\n<p style=\"text-align: justify;\"><strong>-NEVRUZ KUTLAMASI KAZLI\u00c7E\u015eME&#8217;DE-<br \/>\n<\/strong><br \/>\nG\u00fcler, &#8221;21 Martta Nevruz dolay\u0131s\u0131yla iptal edilen mitingler var m\u0131?&#8221; sorusunu \u015f\u00f6yle yan\u0131tlad\u0131:\n<\/p>\n<p style=\"text-align: justify;\">&#8221;21 Martta Nevruz kutlamalar\u0131yla ilgili k\u00fclt\u00fcr etkinli\u011fi anlam\u0131nda bir talep oldu. Her sene biz Nevruz etkinli\u011fi i\u00e7in Kazl\u0131\u00e7e\u015fme&#8217;yi tahsis ediyorduk. 21 Mart tarihi, se\u00e7im d\u00f6neminde se\u00e7im kurullar\u0131 emrine verilen bir d\u00f6neme rastlad\u0131. Ama se\u00e7im kurulu ile g\u00f6r\u00fc\u015ft\u00fck. O g\u00fcn orada propaganda i\u00e7in tahsis edilen iki parti yapmayaca\u011f\u0131n\u0131 beyan etti\u011fi i\u00e7in bo\u015f kald\u0131. Kazl\u0131\u00e7e\u015fme meydan\u0131n\u0131 21 Martta, 2911 say\u0131l\u0131 Toplant\u0131 ve G\u00f6steri Y\u00fcr\u00fcy\u00fc\u015fleri Kanunu uyar\u0131nca bir tertip heyetine tahsis ediyoruz. Tabiki Nevruz \u015fenliklerinin Kazl\u0131\u00e7e\u015fme&#8217;de yap\u0131lmas\u0131n\u0131n g\u00fcvenlik tedbirlerinin uygulanmas\u0131 bak\u0131m\u0131ndan da bizim i\u00e7in faydas\u0131 var.&#8221;<\/p>\n<p style=\"text-align: justify;\">\u0130stanbul Valisi Muammer G\u00fcler, &#8221;Taksim&#8217;in herhangi bir partiye tahsis edilmesi s\u00f6z konusu mu?&#8221; sorusuna, &#8221;Taksim \u0130stanbul&#8217;da toplant\u0131 ve g\u00f6steri y\u00fcr\u00fcy\u00fc\u015f\u00fc i\u00e7in tahsis edilen bir alan de\u011fil. Y\u0131llardan beri bunu ifade etmeye \u00e7al\u0131\u015f\u0131yoruz&#8221; yan\u0131t\u0131n\u0131 verdi.<\/p>\n<p style=\"text-align: justify;\">G\u00fcler, Nevruz \u00f6nlemlerine ili\u015fkin bir soruyu yan\u0131tlarken de 21 Mart\u0131n amac\u0131na uygun, \u015fiddetin, ta\u015fk\u0131nl\u0131\u011f\u0131n, d\u00fc\u015fmanl\u0131\u011f\u0131n k\u00f6r\u00fcklenmeyece\u011fi bir ortam i\u00e7inde ge\u00e7mesini arzu ettiklerini s\u00f6yledi.<\/p>\n<p style=\"text-align: justify;\">Vali G\u00fcler, Nevruz&#8217;un b\u00fct\u00fcn T\u00fcrk d\u00fcnyas\u0131nda, &#8221;yeni g\u00fcn, bahar\u0131n geli\u015fi, yeni takvim y\u0131l\u0131&#8221; gibi de\u011fi\u015fik etkinliklerle kutland\u0131\u011f\u0131na dikkati \u00e7ekerek, Nevruz&#8217;un \u0130stanbul&#8217;da resmi bir etkinlikle de kutlanaca\u011f\u0131n\u0131 bildirdi. G\u00fcler, &#8221;Ayr\u0131ca bir sivil toplum \u00f6rg\u00fct\u00fcn\u00fcn de bunu kutlama iste\u011fi oldu. Demokratik hak ve \u00f6zg\u00fcrl\u00fcklerin kanunun \u00f6ng\u00f6rd\u00fc\u011f\u00fc s\u0131n\u0131rlar i\u00e7inde kalmak kayd\u0131yla kullan\u0131m\u0131ndan yanay\u0131z. Ama bunun bir ta\u015fk\u0131nl\u0131k, \u015fiddet, \u00e7eki\u015fme gibi takdir edilmemesini istiyoruz. Kazl\u0131\u00e7e\u015fme&#8217;de 21 Martta yap\u0131lacak etkinlikle ilgili gerekli g\u00fcvenlik \u00f6nlemleri al\u0131nm\u0131\u015ft\u0131r&#8221; dedi.<br \/>\n<strong><br \/>\n<span style=\"color: #888888;\">AA<\/span><\/strong><\/p>\n","protected":false},"excerpt":{"rendered":"<p style=\"text-align: center;\">\n<p style=\"text-align: justify;\">Vali G\u00fcler AK Parti, CHP, SP ve BBP aras\u0131ndaki miting tart\u0131\u015fmas\u0131n\u0131 de\u011ferlendirdi.<\/p>\n<p style=\"text-align: justify;\">\u0130stanbul Valisi Muammer G\u00fcler, kentte bir meydanda, g\u00fcnde bir miting yap\u0131lmas\u0131n\u0131 tercih ettiklerini ifade ederek, &#8221;Ama zorunluluklar varsa en az riski olan, en az fiili zorlu\u011fu olan\u0131 da tercih etmek gerekir&#8221; dedi.<\/p>\n<p style=\"text-align: justify;\">G\u00fcler, \u015eehitleri <\/p>\n","protected":false},"author":1,"featured_media":0,"comment_status":"open","ping_status":"closed","sticky":false,"template":"","format":"standard","meta":{"footnotes":""},"categories":[105],"tags":[],"class_list":["post-5633","post","type-post","status-publish","format-standard","hentry","category-gundem","odd"],"_links":{"self":[{"href":"http:\/\/www.korhanyilmaz.com\/index.php?rest_route=\/wp\/v2\/posts\/5633","targetHints":{"allow":["GET"]}}],"collection":[{"href":"http:\/\/www.korhanyilmaz.com\/index.php?rest_route=\/wp\/v2\/posts"}],"about":[{"href":"http:\/\/www.korhanyilmaz.com\/index.php?rest_route=\/wp\/v2\/types\/post"}],"author":[{"embeddable":true,"href":"http:\/\/www.korhanyilmaz.com\/index.php?rest_route=\/wp\/v2\/users\/1"}],"replies":[{"embeddable":true,"href":"http:\/\/www.korhanyilmaz.com\/index.php?rest_route=%2Fwp%2Fv2%2Fcomments&post=5633"}],"version-history":[{"count":0,"href":"http:\/\/www.korhanyilmaz.com\/index.php?rest_route=\/wp\/v2\/posts\/5633\/revisions"}],"wp:attachment":[{"href":"http:\/\/www.korhanyilmaz.com\/index.php?rest_route=%2Fwp%2Fv2%2Fmedia&parent=5633"}],"wp:term":[{"taxonomy":"category","embeddable":true,"href":"http:\/\/www.korhanyilmaz.com\/index.php?rest_route=%2Fwp%2Fv2%2Fcategories&post=5633"},{"taxonomy":"post_tag","embeddable":true,"href":"http:\/\/www.korhanyilmaz.com\/index.php?rest_route=%2Fwp%2Fv2%2Ftags&post=5633"}],"curies":[{"name":"wp","href":"https:\/\/api.w.org\/{rel}","templated":true}]}}