{"id":5628,"date":"2009-03-18T13:25:54","date_gmt":"2009-03-18T11:25:54","guid":{"rendered":"http:\/\/www.korhanyilmaz.com\/?p=5628"},"modified":"2009-03-18T13:25:54","modified_gmt":"2009-03-18T11:25:54","slug":"gozleri-tamamen-kapali","status":"publish","type":"post","link":"http:\/\/www.korhanyilmaz.com\/?p=5628","title":{"rendered":"G\u00f6zleri tamamen kapal\u0131"},"content":{"rendered":"<p><img loading=\"lazy\" decoding=\"async\" class=\"aligncenter size-full wp-image-5630\" title=\"G\u00f6zleri tamamen kapal\u0131\" src=\"http:\/\/www.korhanyilmaz.com\/wp-content\/uploads\/2009\/03\/1_k1.jpg\" alt=\"G\u00f6zleri tamamen kapal\u0131\" width=\"460\" height=\"217\" \/><\/p>\n<p style=\"text-align: justify;\"><strong>Yerel se\u00e7imlere yo\u011fun bir bi\u00e7imde haz\u0131rlanan Erdo\u011fan&#8217;\u0131n yorgun oldu\u011fu g\u00f6zlerden ka\u00e7mad\u0131.<br \/>\n<\/strong><br \/>\n15 bin ki\u015filik \u00c7anakkale 18 Mart Stad\u0131&#8217;nda yakla\u015f\u0131k 10 bin ki\u015fi geldi. Gelenlerin b\u00fcy\u00fck \u00e7o\u011funlu\u011funu idari izinli say\u0131lan kamu g\u00f6revlileri, askerler, aileleri ve \u00f6\u011frenciler olu\u015fturdu. Ba\u015fbakan Recep Tayyip Erdo\u011fan&#8217;\u0131n konu\u015fmas\u0131 sonras\u0131 yap\u0131lan t\u00f6ren ge\u00e7isinin ard\u0131ndan stadyumun b\u00fcy\u00fck b\u00f6l\u00fcm\u00fc bo\u015fald\u0131. Yerel se\u00e7imlere yo\u011fun bir \u015fekilde haz\u0131rlanan ve bir hayli yorgun oldu\u011fu g\u00f6zlenen Ba\u015fbakan Erdo\u011fan&#8217;\u0131n g\u00f6z kapaklar\u0131 t\u00f6renin sonlar\u0131na do\u011fru kapanmaya ba\u015flad\u0131.<!--more-->\n<\/p>\n<p style=\"text-align: justify;\">Stadyumdaki t\u00f6rende, Conkbay\u0131r\u0131&#8217;nda gazi olan \u0130stiklal Madalyas\u0131 sahibi Halil Avc\u0131&#8217;n\u0131n o\u011flu Ahmet Avc\u0131, Ba\u015fbakan Erdo\u011fan&#8217;la konu\u015fmak istedi. Yenice \u0130l\u00e7esi&#8217;nin Folhan K\u00f6y\u00fc&#8217;nde ya\u015fayan 85 ya\u015f\u0131ndaki ve g\u00f6\u011fs\u00fcne babas\u0131n\u0131n \u0130stiklal Madalyas\u0131&#8217;n\u0131 takan Avc\u0131&#8217;ya polisler izin vermedi. K\u00f6ylerine baraj yap\u0131lma s\u00f6z\u00fc verildi\u011fini, ancak bu s\u00f6z\u00fcn tutulmad\u0131\u011f\u0131n\u0131 s\u00f6yleyen Avc\u0131, Ba\u015fbakan Erdo\u011fan&#8217;la g\u00f6r\u00fc\u015ft\u00fcr\u00fclmemesi \u00fczerine sinirlenerek, &#8220;Bir daha da \u00c7anakkale&#8217;ye gelmem&#8221; dedi. Avc\u0131, t\u00f6reni izlemeden stattan ayr\u0131ld\u0131.<\/p>\n<p style=\"text-align: justify;\"><span style=\"color: #888888;\">Kaynak : Habert\u00fcrk<\/span><\/p>\n","protected":false},"excerpt":{"rendered":"<\/p>\n<p style=\"text-align: justify;\">Yerel se\u00e7imlere yo\u011fun bir bi\u00e7imde haz\u0131rlanan Erdo\u011fan&#8217;\u0131n yorgun oldu\u011fu g\u00f6zlerden ka\u00e7mad\u0131. 15 bin ki\u015filik \u00c7anakkale 18 Mart Stad\u0131&#8217;nda yakla\u015f\u0131k 10 bin ki\u015fi geldi. Gelenlerin b\u00fcy\u00fck \u00e7o\u011funlu\u011funu idari izinli say\u0131lan kamu g\u00f6revlileri, askerler, aileleri ve \u00f6\u011frenciler olu\u015fturdu. Ba\u015fbakan Recep Tayyip Erdo\u011fan&#8217;\u0131n konu\u015fmas\u0131 sonras\u0131 yap\u0131lan t\u00f6ren ge\u00e7isinin ard\u0131ndan stadyumun b\u00fcy\u00fck b\u00f6l\u00fcm\u00fc bo\u015fald\u0131. Yerel se\u00e7imlere <\/p>\n","protected":false},"author":1,"featured_media":0,"comment_status":"open","ping_status":"closed","sticky":false,"template":"","format":"standard","meta":{"footnotes":""},"categories":[105],"tags":[],"class_list":["post-5628","post","type-post","status-publish","format-standard","hentry","category-gundem","odd"],"_links":{"self":[{"href":"http:\/\/www.korhanyilmaz.com\/index.php?rest_route=\/wp\/v2\/posts\/5628","targetHints":{"allow":["GET"]}}],"collection":[{"href":"http:\/\/www.korhanyilmaz.com\/index.php?rest_route=\/wp\/v2\/posts"}],"about":[{"href":"http:\/\/www.korhanyilmaz.com\/index.php?rest_route=\/wp\/v2\/types\/post"}],"author":[{"embeddable":true,"href":"http:\/\/www.korhanyilmaz.com\/index.php?rest_route=\/wp\/v2\/users\/1"}],"replies":[{"embeddable":true,"href":"http:\/\/www.korhanyilmaz.com\/index.php?rest_route=%2Fwp%2Fv2%2Fcomments&post=5628"}],"version-history":[{"count":0,"href":"http:\/\/www.korhanyilmaz.com\/index.php?rest_route=\/wp\/v2\/posts\/5628\/revisions"}],"wp:attachment":[{"href":"http:\/\/www.korhanyilmaz.com\/index.php?rest_route=%2Fwp%2Fv2%2Fmedia&parent=5628"}],"wp:term":[{"taxonomy":"category","embeddable":true,"href":"http:\/\/www.korhanyilmaz.com\/index.php?rest_route=%2Fwp%2Fv2%2Fcategories&post=5628"},{"taxonomy":"post_tag","embeddable":true,"href":"http:\/\/www.korhanyilmaz.com\/index.php?rest_route=%2Fwp%2Fv2%2Ftags&post=5628"}],"curies":[{"name":"wp","href":"https:\/\/api.w.org\/{rel}","templated":true}]}}