{"id":5623,"date":"2009-03-18T13:43:22","date_gmt":"2009-03-18T11:43:22","guid":{"rendered":"http:\/\/www.korhanyilmaz.com\/?p=5623"},"modified":"2009-03-18T13:43:22","modified_gmt":"2009-03-18T11:43:22","slug":"prezervatiften-polemik","status":"publish","type":"post","link":"http:\/\/www.korhanyilmaz.com\/?p=5623","title":{"rendered":"Prezervatiften polemik!"},"content":{"rendered":"<p style=\"text-align: center;\"><img loading=\"lazy\" decoding=\"async\" class=\"aligncenter size-full wp-image-5624\" title=\"Prezervatiften polemik!\" src=\"http:\/\/www.korhanyilmaz.com\/wp-content\/uploads\/2009\/03\/kmjhallmdmddd.jpg\" alt=\"Prezervatiften polemik!\" width=\"352\" height=\"184\" \/><\/p>\n<p style=\"text-align: justify;\">Papa 16. Benediktus&#8217;un ilk Afrika ziyaretinin ilk dura\u011f\u0131 Kamerun&#8217;da bir sivil toplum kurulu\u015fu (STK), Papa&#8217;n\u0131n prezervatifin AIDS sorununun a\u011f\u0131rla\u015fmas\u0131na neden oldu\u011fu a\u00e7\u0131klamas\u0131na, &#8220;Papa 21. y\u00fczy\u0131lda m\u0131 ya\u015f\u0131yor?&#8221; bi\u00e7iminde tepki g\u00f6sterdi.<\/p>\n<p style=\"text-align: justify;\">Kamerun Hareketi (Mocpat) adl\u0131 STK&#8217;nin yetkilisi Alain Fogue, Papa&#8217;n\u0131n ilk Afrika ziyareti i\u00e7in Yaunde&#8217;ye gelirken u\u00e7akta yapt\u0131\u011f\u0131 a\u00e7\u0131klamalar\u0131n\u0131n ard\u0131ndan, &#8220;Bu \u00e7ok \u00fcz\u00fcnt\u00fc verici. Papa 21. y\u00fczy\u0131lda m\u0131 ya\u015f\u0131yor?&#8221; diyerek tepkisini g\u00f6sterdi.<!--more--><\/p>\n<p style=\"text-align: justify;\">&#8220;\u0130nsanlar Papa&#8217;n\u0131n dedi\u011fini yapm\u0131yorlar. O g\u00f6kte, biz yerde ya\u015f\u0131yoruz&#8221; diyen Fogue, prezervatifin AIDS sorununu b\u00fcy\u00fctt\u00fc\u011f\u00fcn\u00fc iddia etmenin, son y\u0131llarda Kamerun h\u00fck\u00fcmeti ve Kamerun&#8217;da AIDS ile m\u00fccadele eden di\u011ferlerinin t\u00fcm \u00e7abalar\u0131na kar\u015f\u0131 gelmek oldu\u011funu s\u00f6yledi.<\/p>\n<p style=\"text-align: justify;\">STK&#8217;nin y\u00f6neticisi \u015funlar\u0131 kaydetti:<\/p>\n<p style=\"text-align: justify;\">&#8220;\u0130stesin ya da istemesin, bug\u00fcn 100 Katolikten 99&#8217;u prezervatif kullan\u0131yor. Papa bedenin zay\u0131f oldu\u011funu bilmeli. Kamerun&#8217;a gelirken, HIV ta\u015f\u0131yanlar\u0131n n\u00fcfusun \u00f6nemli bir b\u00f6l\u00fcm\u00fcn\u00fc olu\u015fturdu\u011funu bilmiyor muydu? Bug\u00fcn Afrika&#8217;da insanlar bir\u00e7ok \u015feyin fark\u0131nda. Televizyonda Papa&#8217;n\u0131n hangi ko\u015fullarda se\u00e7ildi\u011fini g\u00f6r\u00fcyorlar. Art\u0131k gizem yok, b\u00f6ylece b\u00fcy\u00fclenme de yok. Papa&#8217;n\u0131n temsilcileri, papazlar, din adamlar\u0131 prezervatife kar\u015f\u0131 bo\u015fa vaaz veriyor. Bug\u00fcn Kamerun&#8217;da prezervatif sat\u0131\u015flar\u0131 y\u00fcksek.&#8221;<\/p>\n<p style=\"text-align: justify;\">Papa 16. Benediktus, AIDS ile sava\u015f\u0131n temelde &#8221;prezervatif da\u011f\u0131t\u0131m\u0131yla de\u011fil, riyazet (nefsi k\u0131rma) ile&#8221; m\u00fcmk\u00fcn olabilece\u011fini s\u00f6ylemi\u015fti.<\/p>\n<p style=\"text-align: justify;\">\u0130lk Afrika ziyareti i\u00e7in Kamerun ve Angola&#8217;ya giden Papa, \u00f6zel Boeing papal\u0131k u\u00e7a\u011f\u0131nda yapt\u0131\u011f\u0131 a\u00e7\u0131klamada, &#8221;Prezervatif da\u011f\u0131t\u0131m\u0131yla yetinmek, insanlar\u0131 AIDS hastal\u0131\u011f\u0131ndan korunmay\u0131 de\u011fil, bilakis bu hastal\u0131\u011f\u0131n daha da yay\u0131lmas\u0131na neden olmaktad\u0131r&#8221; demi\u015fti.<\/p>\n<p style=\"text-align: justify;\">D\u00fcnyada AIDS&#8217;in en \u00e7ok g\u00f6r\u00fcld\u00fc\u011f\u00fc k\u0131ta olan Afrika&#8217;ya ilk kez giden Papa 16. Benediktus, k\u0131tan\u0131n bo\u011fu\u015ftu\u011fu hastal\u0131klar, muazzam fakirlik ve silahl\u0131 \u00e7at\u0131\u015fmalar \u00fczerine, Katolik aleminin merkezi Vatikan&#8217;\u0131n &#8221;adalet ve bar\u0131\u015f ideali&#8221; i\u00e7in temaslarda bulunuyor.<\/p>\n<p style=\"text-align: justify;\">Kamerun&#8217;da dernekleri ziyaret edecek, M\u00fcsl\u00fcman din adamlar\u0131yla g\u00f6r\u00fc\u015fecek ve Kilise&#8217;nin Afrikal\u0131lar\u0131n ya\u015famlar\u0131n\u0131 iyile\u015ftirmedeki rol\u00fcn\u00fcn ele al\u0131naca\u011f\u0131 bir toplant\u0131ya kat\u0131lacak olan Papa, buradan sonra Angola&#8217;y\u0131 ziyaret edecek.<\/p>\n<p style=\"text-align: justify;\"><span style=\"color: #888888;\">AA<\/span><\/p>\n","protected":false},"excerpt":{"rendered":"<p style=\"text-align: center;\">\n<p style=\"text-align: justify;\">Papa 16. Benediktus&#8217;un ilk Afrika ziyaretinin ilk dura\u011f\u0131 Kamerun&#8217;da bir sivil toplum kurulu\u015fu (STK), Papa&#8217;n\u0131n prezervatifin AIDS sorununun a\u011f\u0131rla\u015fmas\u0131na neden oldu\u011fu a\u00e7\u0131klamas\u0131na, &#8220;Papa 21. y\u00fczy\u0131lda m\u0131 ya\u015f\u0131yor?&#8221; bi\u00e7iminde tepki g\u00f6sterdi.<\/p>\n<p style=\"text-align: justify;\">Kamerun Hareketi (Mocpat) adl\u0131 STK&#8217;nin yetkilisi Alain Fogue, Papa&#8217;n\u0131n ilk Afrika ziyareti i\u00e7in Yaunde&#8217;ye gelirken u\u00e7akta yapt\u0131\u011f\u0131 a\u00e7\u0131klamalar\u0131n\u0131n <\/p>\n","protected":false},"author":1,"featured_media":0,"comment_status":"open","ping_status":"closed","sticky":false,"template":"","format":"standard","meta":{"footnotes":""},"categories":[3],"tags":[],"class_list":["post-5623","post","type-post","status-publish","format-standard","hentry","category-dunya","odd"],"_links":{"self":[{"href":"http:\/\/www.korhanyilmaz.com\/index.php?rest_route=\/wp\/v2\/posts\/5623","targetHints":{"allow":["GET"]}}],"collection":[{"href":"http:\/\/www.korhanyilmaz.com\/index.php?rest_route=\/wp\/v2\/posts"}],"about":[{"href":"http:\/\/www.korhanyilmaz.com\/index.php?rest_route=\/wp\/v2\/types\/post"}],"author":[{"embeddable":true,"href":"http:\/\/www.korhanyilmaz.com\/index.php?rest_route=\/wp\/v2\/users\/1"}],"replies":[{"embeddable":true,"href":"http:\/\/www.korhanyilmaz.com\/index.php?rest_route=%2Fwp%2Fv2%2Fcomments&post=5623"}],"version-history":[{"count":0,"href":"http:\/\/www.korhanyilmaz.com\/index.php?rest_route=\/wp\/v2\/posts\/5623\/revisions"}],"wp:attachment":[{"href":"http:\/\/www.korhanyilmaz.com\/index.php?rest_route=%2Fwp%2Fv2%2Fmedia&parent=5623"}],"wp:term":[{"taxonomy":"category","embeddable":true,"href":"http:\/\/www.korhanyilmaz.com\/index.php?rest_route=%2Fwp%2Fv2%2Fcategories&post=5623"},{"taxonomy":"post_tag","embeddable":true,"href":"http:\/\/www.korhanyilmaz.com\/index.php?rest_route=%2Fwp%2Fv2%2Ftags&post=5623"}],"curies":[{"name":"wp","href":"https:\/\/api.w.org\/{rel}","templated":true}]}}