{"id":5610,"date":"2009-03-18T11:46:26","date_gmt":"2009-03-18T09:46:26","guid":{"rendered":"http:\/\/www.korhanyilmaz.com\/?p=5610"},"modified":"2009-03-18T11:46:26","modified_gmt":"2009-03-18T09:46:26","slug":"siyasi-partiler-tc-no-icin-yskda","status":"publish","type":"post","link":"http:\/\/www.korhanyilmaz.com\/?p=5610","title":{"rendered":"Siyasi partiler TC no i\u00e7in YSK&#039;da"},"content":{"rendered":"<p style=\"text-align: center;\"><img loading=\"lazy\" decoding=\"async\" class=\"aligncenter size-full wp-image-5611\" title=\"Siyasi partiler TC no i\u00e7in YSK'da \" src=\"http:\/\/www.korhanyilmaz.com\/wp-content\/uploads\/2009\/03\/c59393dc08544545b14a64adr.jpg\" alt=\"Siyasi partiler TC no i\u00e7in YSK'da \" width=\"414\" height=\"160\" \/><\/p>\n<p style=\"text-align: justify;\"><strong>Siyasi parti temsilcileri, TC kimlik numaras\u0131yla ilgili olarak YSK Ba\u015fkan\u0131 Muammer Ayd\u0131n ile g\u00f6r\u00fc\u015f\u00fcyor..<\/strong><\/p>\n<p style=\"text-align: justify;\">Y\u00fcksek Se\u00e7im Kurulu(YSK)&#8217;nun 29 Mart&#8217;ta yap\u0131lacak yerel se\u00e7imlerde vatanda\u015flar\u0131n oy kullanabilmesi i\u00e7in TC kimlik numaras\u0131 \u015fart\u0131 getirmesine ili\u015fkin, parti temsilcileri YSK&#8217;ya geldi.<\/p>\n<p style=\"text-align: justify;\">AK Parti&#8217;den Bekir Bozda\u011f, MHP&#8217;den Faruk Bal, CHP&#8217;den Hakk\u0131 S\u00fcha Okay ve DTP&#8217;den S\u0131rr\u0131 Sak\u0131k, YSK Ba\u015fkan\u0131 Muammer Ayd\u0131n ile g\u00f6r\u00fc\u015fme yap\u0131yor. Parti temsilcileri YSK Ba\u015fkan\u0131&#8217;ndan TC kimlik numaras\u0131na ili\u015fkin yeni bir d\u00fczenleme yap\u0131lmas\u0131n\u0131 talep edecek.<\/p>\n<p style=\"text-align: justify;\">Partilerden gelecek talepler ak\u015fam saat 17.00&#8217;den sonra YSK Ba\u015fkan\u0131 Ayd\u0131n&#8217;\u0131n ba\u015fkanl\u0131\u011f\u0131nda toplanacak kurulda de\u011ferlendirilecek.<br \/>\nSiyasi parti temsilcilerini \u00e7\u0131k\u0131\u015fta g\u00f6r\u00fc\u015fmeye ili\u015fkin bas\u0131n a\u00e7\u0131klamas\u0131 yapmas\u0131 bekleniyor. <strong><!--more--><\/strong>\n<\/p>\n<p style=\"text-align: justify;\"><strong>CUMHURBA\u015eKANI G\u00dcL, YSK BA\u015eKANI AYDIN \u0130LE G\u00d6R\u00dc\u015eECEK<\/strong><\/p>\n<p style=\"text-align: justify;\"><strong><\/strong>Cumhurba\u015fkan\u0131 Abdullah G\u00fcl, Y\u00fcksek Se\u00e7im Kurulu (YSK) Ba\u015fkan\u0131 Muammer Ayd\u0131n ile g\u00f6r\u00fc\u015fecek.<\/p>\n<p style=\"text-align: justify;\">Cumhurba\u015fkanl\u0131\u011f\u0131 Bas\u0131n Merkezi&#8217;nden G\u00fcl&#8217;\u00fcn bug\u00fcnk\u00fc program\u0131na ili\u015fkin yap\u0131lan duyuruda, G\u00fcl&#8217;\u00fcn saat 15.30&#8217;da YSK Ba\u015fkan\u0131 Ayd\u0131n&#8217;\u0131 kabul edece\u011fi bildirildi.<\/p>\n<p style=\"text-align: justify;\">Cumhurba\u015fkan\u0131 G\u00fcl, ayr\u0131ca saat 17.00&#8217;de T\u00dcBA Ba\u015fkan\u0131 Prof. Dr. Y\u00fccel Kanpolat&#8217;\u0131 da kabul edecek.<strong><\/strong><\/p>\n<p style=\"text-align: justify;\"><strong>SABAH 04.00&#8217;TE N\u00dcFUS C\u00dcZDANI KUYRU\u011eUNA G\u0130RD\u0130LER<br \/>\n<\/strong><br \/>\n\u00d6te yandan Konya&#8217;da, se\u00e7imde oy kullanabilmek i\u00e7in n\u00fcfus c\u00fczdanlar\u0131n\u0131 de\u011fi\u015ftirmek isteyen vatanda\u015flar, sabah saat 04.00&#8217;ten itibaren n\u00fcfus m\u00fcd\u00fcrl\u00fckleri \u00f6n\u00fcnde kuyruk olu\u015fturdu.\n<\/p>\n<p style=\"text-align: justify;\">Y\u00fcksek Se\u00e7im Kurulu (YSK), 29 Mart 2009 Pazar g\u00fcn\u00fc yap\u0131lacak yerel se\u00e7imde se\u00e7menlerin oylar\u0131n\u0131 kullan\u0131rken, T\u00fcrkiye Cumhuriyeti (TC) Kimlik Numaras\u0131 ta\u015f\u0131yan belgeleri ibraz etmelerinin zorunlu oldu\u011funu duyurmu\u015ftu.<\/p>\n<p style=\"text-align: justify;\">N\u00fcfus c\u00fczdanlar\u0131nda TC Kimlik Numaras\u0131 bulunmayan vatanda\u015flar, se\u00e7imlerde oy kullanabilmek i\u00e7in, \u00fclke genelinde n\u00fcfus m\u00fcd\u00fcrl\u00fcklerine ba\u015fvurarak, kimliklerini de\u011fi\u015ftirme yoluna gidiyor.<\/p>\n<p style=\"text-align: justify;\">Konya&#8217;da ise en fazla yo\u011funluk merkez Sel\u00e7uklu \u0130l\u00e7e N\u00fcfus M\u00fcd\u00fcrl\u00fc\u011f\u00fcnde ya\u015fan\u0131yor. Sabah saat 04.00&#8217;ten itibaren n\u00fcfus m\u00fcd\u00fcrl\u00fc\u011f\u00fc \u00f6n\u00fcnde s\u0131raya giren vatanda\u015flar\u0131n olu\u015fturdu\u011fu kuyruk, saatler 06.30&#8217;u g\u00f6sterdi\u011finde 500 metreyi a\u015ft\u0131. Mesai saatinin ba\u015flamas\u0131yla birlikte ise n\u00fcfus c\u00fczdan\u0131 de\u011fi\u015ftirme kuyru\u011fu daha da uzad\u0131.<\/p>\n<p style=\"text-align: justify;\">Sel\u00e7uklu N\u00fcfus M\u00fcd\u00fcrl\u00fc\u011f\u00fc yetkilileri, vatanda\u015f\u0131n oy kullanma hakk\u0131n\u0131 kaybetmemek i\u00e7in g\u00f6sterdi\u011fi bu tavr\u0131n takdire de\u011fer oldu\u011funu belirtti.<\/p>\n<p style=\"text-align: justify;\">Ancak, se\u00e7ime az bir s\u00fcre kala talepte bulunan t\u00fcm vatanda\u015flar\u0131n n\u00fcfus c\u00fczdanlar\u0131n\u0131 de\u011fi\u015ftirebilmenin \u00e7ok zor oldu\u011funu dile getiren yetkililer, YSK&#8217;n\u0131n ald\u0131\u011f\u0131 bu karar\u0131 yeniden g\u00f6zden ge\u00e7irmesine ihtiya\u00e7 oldu\u011funu vurgulad\u0131.<\/p>\n<p style=\"text-align: justify;\">Konya&#8217;n\u0131n en b\u00fcy\u00fck merkez il\u00e7esi olan Sel\u00e7uklu&#8217;da \u00f6nceki g\u00fcn 675, d\u00fcn ise 950 ki\u015fiye n\u00fcfus c\u00fczdan\u0131 yenileme i\u015flemi yapt\u0131klar\u0131n\u0131 belirten yetkililer, &#8221;mesai saati bitinceye kadar i\u015flemini yapt\u0131ramayan ki\u015filere bir g\u00fcn sonras\u0131 i\u00e7in s\u0131ra numaras\u0131 veriyoruz. B\u00fct\u00fcn personel aral\u0131ks\u0131z \u00e7al\u0131\u015farak vatanda\u015f\u0131n i\u015fini g\u00f6rmeye \u00e7al\u0131\u015f\u0131yor&#8221; dedi.<\/p>\n<p style=\"text-align: justify;\"><span style=\"color: #888888;\">Kaynak : Sabah Gazetesi<\/span><\/p>\n","protected":false},"excerpt":{"rendered":"<p style=\"text-align: center;\">\n<p style=\"text-align: justify;\">Siyasi parti temsilcileri, TC kimlik numaras\u0131yla ilgili olarak YSK Ba\u015fkan\u0131 Muammer Ayd\u0131n ile g\u00f6r\u00fc\u015f\u00fcyor..<\/p>\n<p style=\"text-align: justify;\">Y\u00fcksek Se\u00e7im Kurulu(YSK)&#8217;nun 29 Mart&#8217;ta yap\u0131lacak yerel se\u00e7imlerde vatanda\u015flar\u0131n oy kullanabilmesi i\u00e7in TC kimlik numaras\u0131 \u015fart\u0131 getirmesine ili\u015fkin, parti temsilcileri YSK&#8217;ya geldi.<\/p>\n<p style=\"text-align: justify;\">AK Parti&#8217;den Bekir Bozda\u011f, MHP&#8217;den Faruk Bal, CHP&#8217;den Hakk\u0131 S\u00fcha <\/p>\n","protected":false},"author":1,"featured_media":0,"comment_status":"open","ping_status":"closed","sticky":false,"template":"","format":"standard","meta":{"footnotes":""},"categories":[105],"tags":[],"class_list":["post-5610","post","type-post","status-publish","format-standard","hentry","category-gundem","odd"],"_links":{"self":[{"href":"http:\/\/www.korhanyilmaz.com\/index.php?rest_route=\/wp\/v2\/posts\/5610","targetHints":{"allow":["GET"]}}],"collection":[{"href":"http:\/\/www.korhanyilmaz.com\/index.php?rest_route=\/wp\/v2\/posts"}],"about":[{"href":"http:\/\/www.korhanyilmaz.com\/index.php?rest_route=\/wp\/v2\/types\/post"}],"author":[{"embeddable":true,"href":"http:\/\/www.korhanyilmaz.com\/index.php?rest_route=\/wp\/v2\/users\/1"}],"replies":[{"embeddable":true,"href":"http:\/\/www.korhanyilmaz.com\/index.php?rest_route=%2Fwp%2Fv2%2Fcomments&post=5610"}],"version-history":[{"count":0,"href":"http:\/\/www.korhanyilmaz.com\/index.php?rest_route=\/wp\/v2\/posts\/5610\/revisions"}],"wp:attachment":[{"href":"http:\/\/www.korhanyilmaz.com\/index.php?rest_route=%2Fwp%2Fv2%2Fmedia&parent=5610"}],"wp:term":[{"taxonomy":"category","embeddable":true,"href":"http:\/\/www.korhanyilmaz.com\/index.php?rest_route=%2Fwp%2Fv2%2Fcategories&post=5610"},{"taxonomy":"post_tag","embeddable":true,"href":"http:\/\/www.korhanyilmaz.com\/index.php?rest_route=%2Fwp%2Fv2%2Ftags&post=5610"}],"curies":[{"name":"wp","href":"https:\/\/api.w.org\/{rel}","templated":true}]}}