{"id":5604,"date":"2009-03-18T11:48:33","date_gmt":"2009-03-18T09:48:33","guid":{"rendered":"http:\/\/www.korhanyilmaz.com\/?p=5604"},"modified":"2009-03-18T11:48:33","modified_gmt":"2009-03-18T09:48:33","slug":"canakkale-zaferinin-94-yildonumu-kutlaniyor","status":"publish","type":"post","link":"http:\/\/www.korhanyilmaz.com\/?p=5604","title":{"rendered":"\u00c7anakkale Zaferi&#039;nin 94. y\u0131ld\u00f6n\u00fcm\u00fc kutlan\u0131yor"},"content":{"rendered":"<p style=\"text-align: center;\"><img loading=\"lazy\" decoding=\"async\" class=\"aligncenter size-full wp-image-5605\" title=\"\u00c7anakkale Zaferi'nin 94. y\u0131ld\u00f6n\u00fcm\u00fc kutlan\u0131yor \" src=\"http:\/\/www.korhanyilmaz.com\/wp-content\/uploads\/2009\/03\/5726a0be827e644b9a1cd4c6r.jpg\" alt=\"\u00c7anakkale Zaferi'nin 94. y\u0131ld\u00f6n\u00fcm\u00fc kutlan\u0131yor \" width=\"389\" height=\"150\" \/><\/p>\n<p style=\"text-align: justify;\"><strong>\u00c7anakkale Zaferi&#8217;nin 94. y\u0131l d\u00f6n\u00fcm\u00fc t\u00f6renlerle kutlan\u0131yor&#8230;<\/strong><\/p>\n<p style=\"text-align: justify;\">18 Mart \u00c7anakkale Deniz Zaferi&#8217;nin 94. y\u0131ld\u00f6n\u00fcm\u00fc etkinlikleri, sabah Cumhuriyet Meydan\u0131&#8217;nda Atat\u00fcrk An\u0131t\u0131&#8217;na \u00e7elenklerin konulmas\u0131yla ba\u015flad\u0131.<\/p>\n<p style=\"text-align: justify;\">Milli Savunma Bakan\u0131 Vecdi G\u00f6n\u00fcl, Kuzey Deniz Saha Komutan\u0131 Koramiral Feyyaz \u00d6\u011f\u00fct\u00e7\u00fc, Vali Abd\u00fclkadir Atal\u0131k, Belediye Ba\u015fkan\u0131 \u00dclg\u00fcr G\u00f6khan, MHP Genel Ba\u015fkan Yard\u0131mc\u0131s\u0131 Oktay Vural ile resmi kurum ve kurulu\u015f temsilcilerinin Atat\u00fcrk An\u0131t\u0131&#8217;na \u00e7elenk koymas\u0131yla ba\u015flayan t\u00f6ren, sayg\u0131 duru\u015fu ve \u0130stiklal Mar\u015f\u0131 e\u015fli\u011finde g\u00f6ndere bayra\u011f\u0131n \u00e7ekilmesiyle devam etti.<\/p>\n<p style=\"text-align: justify;\">T\u00f6rene yurdun d\u00f6rt bir yan\u0131ndan gelen gaziler k\u0131yafetleriyle ilgi oda\u011f\u0131 olurken, vatanda\u015flar da T\u00fcrk bayraklar\u0131yla alan\u0131 doldurdu. T\u00f6ren sonunda Deniz Kuvvetleri Komutanl\u0131\u011f\u0131&#8217;na ba\u011fl\u0131 &#8220;TCG Fatih&#8221; F\u0131rkateyni&#8217;nden 21 pare top at\u0131\u015f\u0131 yap\u0131ld\u0131. <strong><!--more--><\/strong><\/p>\n<p style=\"text-align: justify;\"><strong><br \/>\n<\/strong><span style=\"color: #0000ff;\"><strong><a style=\"color: #ff0000;\" href=\"http:\/\/www.kultur.gov.tr\/tr\/Sanalmuzeler\/canakkale_abide_turkish\/index.html\" target=\"_blank\">*TIKLA \u00c7ANAKKALE \u015eEH\u0130TL\u0130\u011e\u0130N\u0130 \u0130NTERNETTEN GEZ<\/a><\/strong><\/span><\/p>\n<p style=\"text-align: justify;\"><span style=\"color: #0000ff;\"><strong><br \/>\n<\/strong><\/span>\n<\/p>\n<p style=\"text-align: justify;\"><strong>&#8220;BU M\u0130LLET H\u0130\u00c7B\u0130R BA\u015eKA M\u0130LLETE BOYUN E\u011eMEM\u0130\u015eT\u0130R&#8221;<\/strong><\/p>\n<p style=\"text-align: justify;\"><strong><\/strong>Ba\u015fbakan Recep Tayyip Erdo\u011fan, &#8221;Bu millet, ge\u00e7mi\u015fte hi\u00e7bir ba\u015fka millete boyun e\u011fmemi\u015ftir. Bug\u00fcn de e\u011fmeyecektir. Bu millet ge\u00e7mi\u015fte ba\u011f\u0131ms\u0131z ve h\u00fcr olmu\u015ftur. \u0130lelebet ba\u011f\u0131ms\u0131z ve h\u00fcr olacakt\u0131r&#8221; dedi.<br \/>\nBa\u015fbakan Erdo\u011fan, 18 Mart Stadyumu&#8217;nda d\u00fczenlenen 18 Mart \u015eehitleri Anma G\u00fcn\u00fc ve \u00c7anakkale Deniz Zaferi&#8217;nin 94. y\u0131l d\u00f6n\u00fcm\u00fc t\u00f6renine kat\u0131ld\u0131.<br \/>\nErdo\u011fan, t\u00f6rende yapt\u0131\u011f\u0131 konu\u015fmada, \u00c7anakkale Deniz Zaferi&#8217;nin, &#8221;tarihte unutulmaz iz b\u0131rakan bir zafer ve Anadolu topraklar\u0131n\u0131n \u015fahit oldu\u011fu en b\u00fcy\u00fck kahramanl\u0131klardan biri&#8221; oldu\u011funu ifade etti.<br \/>\n18 Mart 1915&#8217;te t\u00fcm d\u00fcnyaya &#8221;\u00c7anakkale ge\u00e7ilmez&#8221; s\u00f6z\u00fcn\u00fcn hayk\u0131r\u0131ld\u0131\u011f\u0131n\u0131 vurgulayan Erdo\u011fan, \u015funlar\u0131 kaydetti:\n<\/p>\n<p style=\"text-align: justify;\">&#8221;\u00c7anakkale sava\u015flar\u0131, vatanseverlik, fedakarl\u0131k, cesaret gibi y\u00fcksek faziletlerin kahramanca sergilendi\u011fi bir destand\u0131r. Hi\u00e7bir cephe, hi\u00e7bir sava\u015f \u00c7anakkale kadar tarihin ak\u0131\u015f\u0131n\u0131 b\u00fct\u00fcn\u00fcyle de\u011fi\u015ftiren bir etkiye sebep olmam\u0131\u015ft\u0131r. E\u011fer bu millet &#8216;\u00c7anakkale ge\u00e7ilmez&#8217; diye hayk\u0131rmasayd\u0131, bu s\u00f6z\u00fcn\u00fcn gere\u011fini yerine getirmeseydi bug\u00fcn sadece bu topraklar\u0131n de\u011fil, b\u00fct\u00fcn bir d\u00fcnyan\u0131n kaderi de\u011fi\u015fecekti. Bu nedenle 18 Mart \u015eehitler G\u00fcn\u00fc&#8217;n\u00fc, her biri ayr\u0131 bir kahramanl\u0131k sergileyen neferlerimizin, \u015fehitlerimizin aziz hat\u0131ras\u0131n\u0131 anmak, ge\u00e7mi\u015fte ya\u015fananlardan ibret \u00e7\u0131karmak i\u00e7in bir vesile kabul ediyoruz.<strong><\/strong><\/p>\n<p style=\"text-align: justify;\"><strong><\/strong>\u00c7anakkale&#8217;de ortaya konulan istiklal m\u00fccadelesi e\u015fsiz bir destand\u0131r. Bu destan\u0131 yazan Mehmet\u00e7iklerin, gazilerin, \u015fehitlerin her birini huzurlar\u0131n\u0131zda rahmetle, minnetle an\u0131yorum. Sadece \u00c7anakkale \u015fehitlerimizi de\u011fil, \u0130stiklal Sava\u015f\u0131 \u015fehitlerimizi, Kore Sava\u015f\u0131, K\u0131br\u0131s Bar\u0131\u015f Harekat\u0131, ter\u00f6rle m\u00fccadele \u015fehitlerini ve di\u011fer t\u00fcm \u015fehitlerimizi de bu vesileyle rahmetle minnetle an\u0131yorum.O \u015fehitler, o kahramanlar bizim i\u00e7in \u00f6l\u00fcms\u00fczd\u00fcr. \u015eunu asla unutmamal\u0131y\u0131z, \u015fehitler \u00f6lmez&#8230; \u00c7anakkale&#8217;de elde etti\u011fimiz zafer, \u015fanl\u0131 bir milletin k\u00fcllerinden yeniden do\u011fmas\u0131na vesile olmu\u015ftur. \u00c7\u00f6kmekte olan bir imparatorlu\u011fun i\u00e7inden g\u00fc\u00e7l\u00fc bir cumhuriyetin, T\u00fcrkiye Cumhuriyeti&#8217;nin do\u011fmas\u0131na vesile olmu\u015ftur.<\/p>\n<p style=\"text-align: justify;\">Her vatan evlad\u0131n\u0131n, ecdad\u0131m\u0131z\u0131n ortaya koydu\u011fu bu m\u00fccadele ruhundan, bu fedakarl\u0131ktan \u00e7\u0131karaca\u011f\u0131 \u00e7ok b\u00fcy\u00fck dersler vard\u0131r. Bu millet, ge\u00e7mi\u015fte hi\u00e7bir ba\u015fka millete boyun e\u011fmemi\u015ftir. Bug\u00fcn de e\u011fmeyecektir. Bu millet ge\u00e7mi\u015fte ba\u011f\u0131ms\u0131z ve h\u00fcr olmu\u015ftur. \u0130lelebet ba\u011f\u0131ms\u0131z ve h\u00fcr olacakt\u0131r. &#8216;Ya istiklal ya \u00f6l\u00fcm&#8217; karar\u0131n\u0131n ard\u0131nda i\u015fte bu ger\u00e7ek yatmaktad\u0131r. T\u00fcrk milleti &#8216;ya istiklal ya \u00f6l\u00fcm&#8217; karar\u0131n\u0131 vererek sadece \u015fanl\u0131 bir zafere de\u011fil, sadece istiklaline de\u011fil, ayn\u0131 zamanda gelece\u011fine istikbaline ko\u015fmu\u015ftur. Bu \u015fuurla diyoruz ki ge\u00e7mi\u015fte verilen istiklal m\u00fccadelesini kavramadan \u00fclkemizin istikbal m\u00fccadelesinde ba\u015far\u0131l\u0131 olmam\u0131z m\u00fcmk\u00fcn de\u011fildir.&#8221;<\/p>\n<p style=\"text-align: justify;\"><strong>253 B\u0130N MEHMET\u00c7\u0130K DESTAN YAZDI<\/strong><\/p>\n<p style=\"text-align: justify;\">\u00c7anakkale Zaferi&#8217;nin 94. y\u0131l d\u00f6n\u00fcm\u00fc t\u00f6renlerle kutlan\u0131rken 253 bin Mehmet\u00e7i\u011fin \u015fehit d\u00fc\u015ft\u00fc\u011f\u00fc sava\u015f, haf\u0131zalarda canl\u0131l\u0131\u011f\u0131n\u0131 koruyor.<br \/>\n\u00c7anakkale Sava\u015flar\u0131&#8217;n\u0131n bir b\u00f6l\u00fcm\u00fc olan 18 Mart 1915 tarihinde \u00c7anakkale Bo\u011faz\u0131&#8217;n\u0131 ge\u00e7mek isteyen d\u00fcnyan\u0131n en g\u00fc\u00e7l\u00fc donanmas\u0131n\u0131 p\u00fcsk\u00fcrterek \u00e7ok \u00f6nemli bir deniz zaferi kazanan T\u00fcrk ordusu, bundan sonra cephe sava\u015flar\u0131n\u0131n ge\u00e7ece\u011fi kara \u00e7\u0131karmalar\u0131na kar\u015f\u0131 amans\u0131z ve \u00e7ok kanl\u0131 bir savunma yapt\u0131.<\/p>\n<p style=\"text-align: justify;\">Denizden T\u00fcrk ordusunu yenemeyece\u011fini anlayan Avustralya ve Yeni Zelandal\u0131lar&#8217;dan olu\u015fan Anzak ordusu, 25 Nisan-6 A\u011fustosta Gelibolu Yar\u0131madas\u0131&#8217;na \u00e7\u0131karma yaparak sava\u015f\u0131n en kanl\u0131 b\u00f6l\u00fcm\u00fcn\u00fc ba\u015flat\u0131yordu. D\u00fcnyan\u0131n en dar sava\u015f b\u00f6lgesinde g\u00f6\u011f\u00fcs g\u00f6\u011f\u00fcse kanl\u0131 \u00e7arp\u0131\u015fmalar bu d\u00f6nemde ger\u00e7ekle\u015fti. Bu sava\u015f 500 bin ki\u015finin hayat\u0131na mal oldu. 253 bin \u015fehit vererek yurdunu savunan T\u00fcrk insan\u0131n\u0131n yazd\u0131\u011f\u0131 bu \u015fanl\u0131 tarih, d\u00fcnyan\u0131n mazlum \u00fclkelerine de \u00f6zg\u00fcrl\u00fck i\u00e7in \u00f6rnek olu\u015fturdu.<br \/>\n<strong><br \/>\n1. D\u00dcNYA SAVA\u015eI&#8217;NIN EN KANLI B\u00d6L\u00dcM\u00dc<br \/>\n<\/strong><br \/>\n1914 y\u0131l\u0131n\u0131n Temmuz ay\u0131nda ba\u015flayan, 1918 y\u0131l\u0131n\u0131n Ekim ay\u0131nda sona eren 1. D\u00fcnya Sava\u015f\u0131&#8217;n\u0131n en kanl\u0131 sayfalar\u0131n\u0131n yaz\u0131ld\u0131\u011f\u0131 \u00c7anakkale Sava\u015flar\u0131, 8 ay 14 g\u00fcn s\u00fcrd\u00fc.\n<\/p>\n<p style=\"text-align: justify;\">Bir \u0130ngiliz kruvaz\u00f6r\u00fcnden at\u0131lan mermi, Sedd\u00fclbahir cephaneli\u011fine isabet ederek, tonlarca barut ve mermiyi havaya u\u00e7urdu. T\u00fcrk milleti sava\u015f\u0131n ba\u015flamas\u0131na neden olan bu mermiyle ilk \u015fehitlerini 3 Kas\u0131m 1914 g\u00fcn\u00fcn\u00fcn sabah\u0131nda verdi. Sedd\u00fclbahir cephaneli\u011fini korumakla g\u00f6revli 5 subay ve 81 erimiz \u015fehit oldu. D\u00fc\u015fman sald\u0131r\u0131s\u0131 ve verilen \u015fehitler, yurdun d\u00f6rt bir yan\u0131ndan vatan\u0131 korumak i\u00e7in \u00c7anakkale&#8217;ye gelen Mehmet\u00e7ik i\u00e7in adeta \u015fahlan\u0131\u015f etkisi yapm\u0131\u015ft\u0131. Anadolu&#8217;nun ba\u011fr\u0131ndan kopup gelen ancak elinde yeterli cephanesi bulunmayan kahraman Mehmet\u00e7ik, g\u00f6zlerini k\u0131rpmadan g\u00fc\u00e7l\u00fc d\u00fc\u015fman donanmalar\u0131ndan at\u0131lan mermilere g\u00f6\u011f\u00fcslerini siper ederek vatan i\u00e7in \u00f6l\u00fcme gitmekten korkmad\u0131.<\/p>\n<p style=\"text-align: justify;\">\u0130tilaf devletlerine g\u00f6re, \u00c7anakkale mutlaka ge\u00e7ilmeliydi. D\u00fc\u015fman donanmas\u0131ndan at\u0131lan mermiler bu kez Sedd\u00fclbahir ve Kumkale bataryalar\u0131n\u0131n susmas\u0131na neden oldu. Bu sald\u0131r\u0131lar kar\u015f\u0131s\u0131nda y\u0131lmayan ve \u00f6l\u00fcm\u00fc Allah&#8217;a kavu\u015fmak olarak g\u00f6ren Mehmet\u00e7ik, susturulam\u0131yordu. Sedd\u00fclbahir bataryas\u0131ndan sa\u011f kurtulmu\u015f, baca\u011f\u0131ndan yara alm\u0131\u015f Bal\u0131kesirli Mehmet \u00c7avu\u015f, k\u0131r\u0131k t\u00fcfe\u011fini sallayarak Sedd\u00fclbahir tepelerinden d\u00fc\u015fmana \u015f\u00f6yle hayk\u0131r\u0131yordu: &#8221;Bre gafiller, d\u00fcnyan\u0131n bir \u00f6tesinden neye geldiniz? Sizi \u00e7a\u011f\u0131ran m\u0131 oldu? Biz \u00f6lmeden bu topraklara ad\u0131m atamayaca\u011f\u0131n\u0131z\u0131 bilmiyor musunuz?&#8221; Mehmet \u00c7avu\u015f, bu hayk\u0131r\u0131\u015f\u0131yla T\u00fcrk milletinin duygular\u0131na terc\u00fcman oluyordu. Mehmet \u00c7avu\u015f&#8217;un hayk\u0131r\u0131\u015f\u0131 kehanet oluyor, uzun ve kanl\u0131 sava\u015f iki taraftan 500 bin insan\u0131n hayat\u0131na mal oluyordu. D\u00fc\u015fman, geldi\u011fi gibi gitmek zorunda kal\u0131yordu.<br \/>\n<strong><br \/>\nCEPHEDE SAVA\u015eAN GAZ\u0130LER, SAVA\u015eI ANLATIYOR<br \/>\n<\/strong><br \/>\nBug\u00fcn hayatta olmayan \u00c7anakkale Sava\u015f\u0131 gazileri, son g\u00fcnlerinde sava\u015f\u0131 anlatm\u0131\u015ft\u0131.\n<\/p>\n<p style=\"text-align: justify;\">Ezine il\u00e7esine ba\u011fl\u0131 Geyikli beldesinden Halil Helvac\u0131: &#8221;27. alayda Ar\u0131burnu cephesinde 9 ay \u00e7arp\u0131\u015ft\u0131m. Bir defas\u0131nda 3 g\u00fcn hi\u00e7 durmadan s\u00fcng\u00fc harbi yapt\u0131k. Koskoca alaydan 7 ki\u015fi kalm\u0131\u015ft\u0131k. Sonra bize 10 er daha verdiler. Beni de \u00e7avu\u015f yapt\u0131lar. Bir g\u00fcn d\u00fc\u015fmana Ar\u0131burnu&#8217;ndaki mevziden ate\u015f ediyoruz. Teti\u011fi \u00e7ekiyorum t\u00fcfek patlam\u0131yor. Yan\u0131mdaki arkada\u015fa &#8216;T\u00fcfek bozuldu galiba&#8217; dedim. Arkada\u015f kontrol ettikten sonra y\u00fcz\u00fcme ac\u0131 ac\u0131 bakt\u0131 ve &#8216;Senin t\u00fcfekte bir \u015fey yok, teti\u011fi \u00e7eken parma\u011f\u0131n kopmu\u015f be adam&#8217; deyince ac\u0131s\u0131n\u0131 o an duydum.&#8221;<\/p>\n<p style=\"text-align: justify;\">\u00c7an il\u00e7esi Halila\u011fa k\u00f6y\u00fcnden Mustafa Aksoy: &#8221;Sedd\u00fclbahir&#8217;de ba\u015f\u0131m\u0131zdaki komutan Y\u00fczba\u015f\u0131 \u015eerafettin Bey, besmele \u00e7ekip &#8216;Hadi aslanlar\u0131m, anan\u0131z sizi bug\u00fcnler i\u00e7in do\u011furdu. Ben sizin \u00f6n\u00fcn\u00fczden, siz arkamdan gelin, sak\u0131n korkup geri \u00e7ekileyim demeyin, d\u00fc\u015fmana aman vermeyelim&#8217; dedi. D\u00fc\u015fman \u00e7ok kalabal\u0131k geliyor. Z\u0131\u011f\u0131ndere taraf\u0131ndan \u00e7evirme yapm\u0131\u015f, taktik icab\u0131 geri \u00e7ekildik. O s\u0131rada dizlerimin alt\u0131ndan vurulmu\u015fum. Yan\u0131mda arkada\u015flar\u0131m \u015fehit olmu\u015flard\u0131. Kanl\u0131 derenin i\u00e7i yaral\u0131 dolu, kat\u0131rlar ve atlar\u0131 da dereye indirmi\u015fler, onlar bile titriyor. S\u0131hhiye yok, yaralar\u0131m kendili\u011finden so\u011fudu. Destek ekip ile yeniden cepheye gittik.&#8221;<br \/>\nYenice&#8217;nin Ak\u00e7akoyun K\u00f6y\u00fc&#8217;nden Mehmet Oral: &#8221;Arabistan Sava\u015f\u0131&#8217;ndan k\u00f6ye geldi\u011fimin 12. g\u00fcn\u00fc \u00c7anakkale cephesine gittim. Anafartalar&#8217;da s\u0131hhiye b\u00f6l\u00fc\u011f\u00fc eri olarak sarg\u0131 mahallindeydim. B\u00fcy\u00fck Komutan Mustafa Kemal&#8217;in \u00e7ad\u0131r\u0131 da bizim sarg\u0131 yerindeydi. Mustafa Kemal, F\u0131rka komutan\u0131na \u015f\u00f6yle sordu: &#8216;Biz mi onlardan toprak istiyoruz, yoksa onlar m\u0131 bizden?&#8217; F\u0131rka komutan\u0131 &#8216;Onlar bizden toprak istiyorlar&#8217; dedi. Mustafa Kemal de &#8216;\u00d6yleyse neden biz h\u00fccum edip de askeri k\u0131rd\u0131r\u0131yoruz? Onlar bize h\u00fccum etsin, biz onlar\u0131 k\u0131ral\u0131m, biz k\u0131r\u0131lmayal\u0131m&#8217; dedi.&#8221;\n<\/p>\n<p style=\"text-align: justify;\">Biga il\u00e7esine ba\u011fl\u0131 Karabiga beldesinden Recep Tural: &#8221;\u00c7anakkale cephesinde 27. alay 2. tabur 4. bataryada g\u00f6revliydim. Mustafa Kemal, bizim hemen solumuzda, Conkbay\u0131r\u0131&#8217;nda karargah\u0131n\u0131 kurmu\u015ftu. Ben g\u00f6rmedim ama \u00e7ok cesur oldu\u011funu s\u00f6ylerlerdi. Gavur ate\u015f ederken m\u0131z\u0131kas\u0131n\u0131 \u00e7alar, hi\u00e7 kesmezmi\u015f.&#8221;<\/p>\n<p style=\"text-align: justify;\">Bayrami\u00e7&#8217;in A\u015fa\u011f\u0131\u015fevik K\u00f6y\u00fc&#8217;nden Mustafa Konar: &#8221;Kocadere&#8217;de ve Ar\u0131burnu s\u0131rtlar\u0131nda d\u00fc\u015fmanla g\u00f6\u011f\u00fcs g\u00f6\u011f\u00fcse \u00e7arp\u0131\u015ft\u0131k. Sabahlara kadar ate\u015f kesilmezdi. \u0130stihkamlar\u0131n aras\u0131 insan cesediyle doluydu. Arpa demeti gibi yay\u0131l\u0131p kal\u0131yorlard\u0131. Ne kadar d\u00fc\u015fman \u00f6ld\u00fcrd\u00fc\u011f\u00fcm\u00fcz\u00fc hat\u0131rlam\u0131yorum. O soruyu t\u00fcfeklere sormal\u0131.&#8221;<\/p>\n<p style=\"text-align: justify;\">Biga&#8217;n\u0131n G\u00fcndo\u011fdu K\u00f6y\u00fc&#8217;nden Ali Demirel: &#8221;Ar\u0131burnu&#8217;nda d\u00fc\u015fman mevzileri \u00e7ok yak\u0131nd\u0131. Sava\u015f\u0131rken mermi ya\u011fd\u0131r\u0131r bomba atarlard\u0131. Dinlenme zaman\u0131nda so\u011fan, sigara atarlard\u0131. D\u00fc\u015fman mevzilerine yapt\u0131\u011f\u0131m\u0131z bir s\u00fcng\u00fc h\u00fccumunda aynal\u0131 t\u00fcfek ele ge\u00e7irdim. Marangoz oldu\u011fum i\u00e7in baka baka ayn\u0131s\u0131n\u0131 yapt\u0131m. Her mangaya bir aynal\u0131 t\u00fcfek da\u011f\u0131tt\u0131m. T\u00fcfe\u011fin namlusuna \u00f6nl\u00fc arkal\u0131 ayna koydum. Siperden kafam\u0131z\u0131 \u00e7\u0131karmadan aynaya bakarak d\u00fc\u015fman\u0131 g\u00f6r\u00fcr, hareketlerini izlerdik.&#8221;<strong><br \/>\n<\/strong><br \/>\n<strong>\u00c7ANAKKALE DESTANI&#8217;NIN KADIN SAVA\u015e\u00c7ILARI<br \/>\n<\/strong><br \/>\n\u00c7anakkale Sava\u015flar\u0131nda, vatan\u0131n\u0131 korumak i\u00e7in can\u0131n\u0131 feda eden 253 bin Mehmet\u00e7ik aras\u0131nda, T\u00fcrk kad\u0131n sava\u015f\u00e7\u0131lar da bulunuyor.\n<\/p>\n<p style=\"text-align: justify;\">Atat\u00fcrk ve \u00c7anakkale Sava\u015flar\u0131n\u0131 Ara\u015ft\u0131rma Merkezi (A\u00c7ASAM) M\u00fcd\u00fcr\u00fc Prof. Dr. Mete Tuncoku, \u00c7anakkale Kara Sava\u015flar\u0131nda, 200 binden fazlas\u0131 T\u00fcrk olmak \u00fczere 500 bine yak\u0131n insan\u0131n, g\u00f6\u011f\u00fcs g\u00f6\u011f\u00fcse, mert\u00e7e \u00e7arp\u0131\u015farak inand\u0131klar\u0131 ilkeler u\u011frunda canlar\u0131n\u0131 verdi\u011fini s\u00f6yledi.<\/p>\n<p style=\"text-align: justify;\">Tuncoku, bu sava\u015flarda baz\u0131 T\u00fcrk kad\u0131n sava\u015f\u00e7\u0131lar\u0131n da Mehmet\u00e7i\u011fin yan\u0131nda \u00e7arp\u0131\u015ft\u0131\u011f\u0131n\u0131 ve bunun pek bilinmedi\u011fini ifade ederek, bu konuda Avustralya ve Yeni Zelanda ar\u015fivlerinde ara\u015ft\u0131rma yapt\u0131\u011f\u0131n\u0131 belirtti.<\/p>\n<p style=\"text-align: justify;\">Ara\u015ft\u0131rmalar\u0131nda, &#8221;Keskin Ni\u015fanc\u0131 T\u00fcrk Kad\u0131nlar\u0131&#8221; ve &#8221;T\u00fcrk Kad\u0131n Sava\u015f\u00e7\u0131lar\u0131&#8221; konular\u0131n\u0131 anlatan yabanc\u0131 asker mektup ve g\u00fcnl\u00fcklerini g\u00f6rd\u00fc\u011f\u00fcnde \u00e7ok \u015fa\u015f\u0131rd\u0131\u011f\u0131n\u0131 belirten Prof. Dr. Tuncoku, mektuplar\u0131, \u00f6nce siperlerde s\u00fcregelen ya\u015fam\u0131n de\u011fi\u015fmez \u015fartlar\u0131 olan her an vurulma, bo\u011fucu s\u0131caklar, su s\u0131k\u0131nt\u0131s\u0131 ve salg\u0131n hastal\u0131k ko\u015fullar\u0131 alt\u0131nda bunal\u0131p ruhsal \u00e7\u00f6k\u00fcnt\u00fc i\u00e7ine giren birka\u00e7 yabanc\u0131 askerin hayal \u00fcr\u00fcn\u00fc olarak d\u00fc\u015f\u00fcnd\u00fc\u011f\u00fcn\u00fc ve fazla \u00f6nemsemedi\u011fini<br \/>\nkaydetti.<\/p>\n<p style=\"text-align: justify;\">Tuncoku, \u015f\u00f6yle dedi:<br \/>\n&#8221;Ancak, bu mektup ve g\u00fcnl\u00fckleri birbirleriyle yer, zaman ve olay boyutuyla kar\u015f\u0131la\u015ft\u0131r\u0131nca, anlat\u0131lanlar\u0131n do\u011fru oldu\u011fu konusundaki d\u00fc\u015f\u00fcncelerim g\u00fc\u00e7lendi. \u00c7anakkale Sava\u015flar\u0131n\u0131n aradan bu kadar s\u00fcre ge\u00e7mesine kar\u015f\u0131n hen\u00fcz a\u00e7\u0131kl\u0131\u011fa kavu\u015fmam\u0131\u015f ve \u00f6zellikle de T\u00fcrk tarihi ara\u015ft\u0131rmac\u0131lar\u0131n\u0131n incelemesini bekleyen y\u00f6nleri oldu\u011fu g\u00f6r\u00fclmektedir.&#8221;<br \/>\nT\u00fcrk kad\u0131n sava\u015f\u00e7\u0131lar\u0131 ile ilgili ara\u015ft\u0131rmas\u0131na &#8221;\u00c7anakkale 1915 Buzda\u011f\u0131&#8217;n\u0131n Alt\u0131&#8221; kitab\u0131nda yer verdi\u011fini kaydeden Tuncoku, bu sava\u015flar\u0131n bilimsel belgeli ve objektif bir \u015fekilde ara\u015ft\u0131r\u0131larak gelecek nesillere aktar\u0131lmas\u0131 gerekti\u011fini s\u00f6yledi.<\/p>\n<p style=\"text-align: justify;\">Tuncoku, &#8221;(Kad\u0131n m\u00fccahitler kimlerdir?), (Eylemleri bireysel midir?), (Yoksa \u00f6rg\u00fctlenmi\u015f ve planl\u0131 bir eylem midir?), (Kendilerini nas\u0131l e\u011fitmi\u015flerdir) gibi belge ya da kay\u0131tlar\u0131n T\u00fcrk ar\u015fivlerinde mutlaka olmas\u0131 gerekmektedir&#8221; diye konu\u015ftu.<br \/>\n<strong><br \/>\nMEKTUPLAR<br \/>\n<\/strong><br \/>\nA\u00c7ASAM Ba\u015fkan\u0131 Prof. Dr. Mete Tuncoku&#8217;nun, &#8221;\u00c7anakkale 1915 Buzda\u011f\u0131&#8217;n\u0131n Alt\u0131&#8221; kitab\u0131nda, Avusturyal\u0131 er J.C Davies&#8217;, ailesine g\u00f6nderdi\u011fi mektup da \u015funlar\u0131 anlat\u0131yor:\n<\/p>\n<p style=\"text-align: justify;\">&#8221;Benim de vuruldu\u011fum 18 May\u0131s 1915 g\u00fcn\u00fc keskin ni\u015fanc\u0131 bir T\u00fcrk k\u0131z\u0131 pusuda \u00e7arp\u0131\u015f\u0131yordu. Gizlendi\u011fi yerden g\u00fcn boyu ate\u015f etti ve \u00e7ok say\u0131da adam\u0131m\u0131z\u0131 vurdu. Ancak g\u00fcn batmadan bir Avustralyal\u0131 taraf\u0131ndan vurulmas\u0131na yine de \u00fcz\u00fcld\u00fcm. G\u00fczel yap\u0131l\u0131 ve tahminen 19-21 ya\u015flar\u0131nda gen\u00e7 bir k\u0131zd\u0131. \u00d6l\u00fc olarak ele ge\u00e7irdi\u011fimizde yan\u0131nda ba\u015fka bir T\u00fcrk&#8217;\u00fcn \u00f6l\u00fcs\u00fcn\u00fcn\u00fc de bulduk. Gen\u00e7 k\u0131z\u0131n bedeninde tam 52 kur\u015fun vard\u0131. Bu sava\u015f korkutucu.&#8221;<\/p>\n<p style=\"text-align: justify;\">\u0130ngiliz donanmas\u0131na ait hastane gemisiyle \u0130ngiltere&#8217;ye g\u00f6t\u00fcr\u00fclen yaral\u0131 bir askerin mektubu ise \u015f\u00f6yle:<\/p>\n<p style=\"text-align: justify;\">&#8221;O bir T\u00fcrk kad\u0131n sava\u015f\u00e7\u0131s\u0131yd\u0131 ve durmaks\u0131z\u0131n sakland\u0131\u011f\u0131 evden ate\u015f ediyor, evi bo\u015falt\u0131p teslim olmay\u0131 reddediyordu. Sonunda ele ge\u00e7ti\u011finde yan\u0131nda ya\u015fl\u0131 annesi ve \u00e7ocu\u011fu da birlikteydi. Yakalanana kadar bir pencereden, \u0131srarla ve \u00f6zellikle de subaylar\u0131m\u0131z\u0131 hedef alarak ate\u015f etmi\u015fti. San\u0131yorum \u00f6ld\u00fcrd\u00fc\u011f\u00fc baz\u0131 kurbanlar\u0131n\u0131 s\u00fcng\u00fclemi\u015fti de. \u00dczerinde 16 askerimizin k\u00fcnyesiyle olduk\u00e7a y\u00fckl\u00fc miktarda yabanc\u0131 para bulduk.&#8221;<br \/>\nBir ba\u015fka asker ise, ailesine yazd\u0131\u011f\u0131 mektupta T\u00fcrk kad\u0131n sava\u015f\u00e7\u0131lar\u0131 hakk\u0131nda \u015funlar\u0131 anlat\u0131yor:\n<\/p>\n<p style=\"text-align: justify;\">&#8221;15 A\u011fustos 1915 Pazar g\u00fcn\u00fc sava\u015fa kat\u0131ld\u0131k ve b\u00fcy\u00fck bir tepeyi ele ge\u00e7irme g\u00f6revi ald\u0131k. Burada \u00e7ok can kayb\u0131 verdik. \u015earapnel par\u00e7alar\u0131, makineli t\u00fcfek mermilerinin yan\u0131 s\u0131ra pusuda ate\u015f eden keskin ni\u015fanc\u0131 kad\u0131n sava\u015f\u00e7\u0131lar\u0131n ate\u015fi alt\u0131nda adeta cehennemde ilerlemek gibi bir \u015feydi bizimki. Burada pusuya yat\u0131p \u00e7arp\u0131\u015fan keskin ni\u015fanc\u0131lar\u0131n \u00e7o\u011fu kad\u0131n veya k\u0131z. Kendilerini ye\u015file boyay\u0131p, a\u011fa\u00e7lar ve bodur bitkilerle uyum sa\u011flam\u0131\u015flar.&#8221;<\/p>\n<p style=\"text-align: justify;\"><span style=\"color: #888888;\">Kaynak : Sabah Gazetesi<\/span><\/p>\n","protected":false},"excerpt":{"rendered":"<p style=\"text-align: center;\">\n<p style=\"text-align: justify;\">\u00c7anakkale Zaferi&#8217;nin 94. y\u0131l d\u00f6n\u00fcm\u00fc t\u00f6renlerle kutlan\u0131yor&#8230;<\/p>\n<p style=\"text-align: justify;\">18 Mart \u00c7anakkale Deniz Zaferi&#8217;nin 94. y\u0131ld\u00f6n\u00fcm\u00fc etkinlikleri, sabah Cumhuriyet Meydan\u0131&#8217;nda Atat\u00fcrk An\u0131t\u0131&#8217;na \u00e7elenklerin konulmas\u0131yla ba\u015flad\u0131.<\/p>\n<p style=\"text-align: justify;\">Milli Savunma Bakan\u0131 Vecdi G\u00f6n\u00fcl, Kuzey Deniz Saha Komutan\u0131 Koramiral Feyyaz \u00d6\u011f\u00fct\u00e7\u00fc, Vali Abd\u00fclkadir Atal\u0131k, Belediye Ba\u015fkan\u0131 \u00dclg\u00fcr G\u00f6khan, MHP Genel Ba\u015fkan Yard\u0131mc\u0131s\u0131 <\/p>\n","protected":false},"author":1,"featured_media":0,"comment_status":"open","ping_status":"closed","sticky":false,"template":"","format":"standard","meta":{"footnotes":""},"categories":[105],"tags":[],"class_list":["post-5604","post","type-post","status-publish","format-standard","hentry","category-gundem","odd"],"_links":{"self":[{"href":"http:\/\/www.korhanyilmaz.com\/index.php?rest_route=\/wp\/v2\/posts\/5604","targetHints":{"allow":["GET"]}}],"collection":[{"href":"http:\/\/www.korhanyilmaz.com\/index.php?rest_route=\/wp\/v2\/posts"}],"about":[{"href":"http:\/\/www.korhanyilmaz.com\/index.php?rest_route=\/wp\/v2\/types\/post"}],"author":[{"embeddable":true,"href":"http:\/\/www.korhanyilmaz.com\/index.php?rest_route=\/wp\/v2\/users\/1"}],"replies":[{"embeddable":true,"href":"http:\/\/www.korhanyilmaz.com\/index.php?rest_route=%2Fwp%2Fv2%2Fcomments&post=5604"}],"version-history":[{"count":0,"href":"http:\/\/www.korhanyilmaz.com\/index.php?rest_route=\/wp\/v2\/posts\/5604\/revisions"}],"wp:attachment":[{"href":"http:\/\/www.korhanyilmaz.com\/index.php?rest_route=%2Fwp%2Fv2%2Fmedia&parent=5604"}],"wp:term":[{"taxonomy":"category","embeddable":true,"href":"http:\/\/www.korhanyilmaz.com\/index.php?rest_route=%2Fwp%2Fv2%2Fcategories&post=5604"},{"taxonomy":"post_tag","embeddable":true,"href":"http:\/\/www.korhanyilmaz.com\/index.php?rest_route=%2Fwp%2Fv2%2Ftags&post=5604"}],"curies":[{"name":"wp","href":"https:\/\/api.w.org\/{rel}","templated":true}]}}