{"id":5599,"date":"2009-03-17T10:33:11","date_gmt":"2009-03-17T08:33:11","guid":{"rendered":"http:\/\/www.korhanyilmaz.com\/?p=5599"},"modified":"2009-03-17T10:33:11","modified_gmt":"2009-03-17T08:33:11","slug":"ft-akp-yuzde-40-oy-alabilir","status":"publish","type":"post","link":"http:\/\/www.korhanyilmaz.com\/?p=5599","title":{"rendered":"FT: AKP y\u00fczde 40 oy alabilir"},"content":{"rendered":"<p style=\"text-align: center;\"><img loading=\"lazy\" decoding=\"async\" class=\"aligncenter size-full wp-image-5600\" title=\"FT: AKP y\u00fczde 40 oy alabilir \" src=\"http:\/\/www.korhanyilmaz.com\/wp-content\/uploads\/2009\/03\/170320091225229560741.jpg\" alt=\"FT: AKP y\u00fczde 40 oy alabilir \" width=\"329\" height=\"210\" \/><\/p>\n<p style=\"text-align: justify;\"><strong>Financial Times&#8217;a g\u00f6re, &#8220;T\u00fcrkiye Erdo\u011fan&#8217;\u0131n yetkisini tazelemeye haz\u0131r&#8221;<\/strong><\/p>\n<p style=\"text-align: justify;\">\u0130NG\u0130LTERE&#8217;DE yay\u0131nlanan sayg\u0131n ekonomi ve siyaset gazetesi Financial Times, T\u00fcrkiye&#8217;de yap\u0131lacak yerel se\u00e7im \u00f6ncesinde yapt\u0131\u011f\u0131 de\u011ferlendirmede, &#8220;T\u00fcrkiye Erdo\u011fan&#8217;\u0131n yetkisini tazelemeye haz\u0131r&#8221; yorumunu yapt\u0131. Gazetenin haber analizinde, &#8220;AKP 29 Mart&#8217;ta b\u00fcy\u00fck bir zafer kazan\u0131rsa bu ba\u015far\u0131 b\u00fcy\u00fck \u00f6l\u00e7\u00fcde lideri Ba\u015fbakan Tayyip Erdo\u011fan&#8217;\u0131n pop\u00fclaritesinden kaynaklanacak&#8221; denildi. <!--more-->&#8220;\u0130ster d\u00fcnya medyas\u0131 \u00f6n\u00fcnde Gazze y\u00fcz\u00fcnden \u0130srail Cumhurba\u015fkan\u0131&#8217;na y\u00fcklensin, ister \u00fclkesindeki medya patronlar\u0131n\u0131 ele\u015ftirsin, ister s\u00fcrekli T\u00fcrkiye&#8217;yi \u0130slamla\u015ft\u0131rmak istedi\u011fini \u00f6ne s\u00fcrenlerle m\u00fccadele etsin, Erdo\u011fan T\u00fcrk siyasetinin egemen g\u00fcc\u00fc&#8221; ifadesine yer verilen yaz\u0131da, AKP&#8217;yi baz\u0131 b\u00fcy\u00fck kentlerde zor bir yar\u0131\u015f\u0131n bekledi\u011fi g\u00f6r\u00fc\u015f\u00fc dile getirildi. Artan i\u015fsizli\u011fin etkili oldu\u011funu ifade eden gazete, AKP&#8217;nin belki 2007&#8217;de ald\u0131\u011f\u0131 y\u00fczde 47 oran\u0131na ula\u015famayabilece\u011fi tahmininde bulunarak &#8220;Ancak kamuoyu yoklamalar\u0131 partinin yine de y\u00fczde 40 oran\u0131nda oy alabilece\u011fini g\u00f6steriyor. Bu da T\u00fcrkiye standartlar\u0131nda b\u00fcy\u00fck bir \u00fcst\u00fcnl\u00fck anlam\u0131na geliyor&#8221; ifadelerini kulland\u0131. Ba\u015fbakan&#8217;\u0131n her ge\u00e7en g\u00fcn daha otokrat bir yap\u0131ya kavu\u015ftu\u011fu yolundaki su\u00e7lamalara i\u015faret edilen haber analizde, &#8220;Ba\u015fbakan&#8217;\u0131n (Venezuela Devlet Ba\u015fkan\u0131 Hugo) Chavez ya da (\u0130ran Cumhurba\u015fkan\u0131 Mahmud) Ahmedinecad gibi isimlerle kar\u015f\u0131la\u015ft\u0131r\u0131lmas\u0131 belki abart\u0131l\u0131, ancak Erdo\u011fan da bakanlar\u0131na \u00e7ok az \u00f6zg\u00fcrl\u00fck vererek, bu iddialar\u0131n sahiplerinin elini g\u00fc\u00e7lendiriyor&#8221; g\u00f6r\u00fc\u015f\u00fc dile getirildi.<\/p>\n<p style=\"text-align: justify;\"><span style=\"color: #888888;\">Kaynak : Vatan Gazetesi<\/span><\/p>\n<p style=\"text-align: justify;\">\n","protected":false},"excerpt":{"rendered":"<p style=\"text-align: center;\">\n<p style=\"text-align: justify;\">Financial Times&#8217;a g\u00f6re, &#8220;T\u00fcrkiye Erdo\u011fan&#8217;\u0131n yetkisini tazelemeye haz\u0131r&#8221;<\/p>\n<p style=\"text-align: justify;\">\u0130NG\u0130LTERE&#8217;DE yay\u0131nlanan sayg\u0131n ekonomi ve siyaset gazetesi Financial Times, T\u00fcrkiye&#8217;de yap\u0131lacak yerel se\u00e7im \u00f6ncesinde yapt\u0131\u011f\u0131 de\u011ferlendirmede, &#8220;T\u00fcrkiye Erdo\u011fan&#8217;\u0131n yetkisini tazelemeye haz\u0131r&#8221; yorumunu yapt\u0131. Gazetenin haber analizinde, &#8220;AKP 29 Mart&#8217;ta b\u00fcy\u00fck bir zafer kazan\u0131rsa bu ba\u015far\u0131 b\u00fcy\u00fck \u00f6l\u00e7\u00fcde lideri Ba\u015fbakan Tayyip <\/p>\n","protected":false},"author":1,"featured_media":0,"comment_status":"open","ping_status":"closed","sticky":false,"template":"","format":"standard","meta":{"footnotes":""},"categories":[105],"tags":[],"class_list":["post-5599","post","type-post","status-publish","format-standard","hentry","category-gundem","odd"],"_links":{"self":[{"href":"http:\/\/www.korhanyilmaz.com\/index.php?rest_route=\/wp\/v2\/posts\/5599","targetHints":{"allow":["GET"]}}],"collection":[{"href":"http:\/\/www.korhanyilmaz.com\/index.php?rest_route=\/wp\/v2\/posts"}],"about":[{"href":"http:\/\/www.korhanyilmaz.com\/index.php?rest_route=\/wp\/v2\/types\/post"}],"author":[{"embeddable":true,"href":"http:\/\/www.korhanyilmaz.com\/index.php?rest_route=\/wp\/v2\/users\/1"}],"replies":[{"embeddable":true,"href":"http:\/\/www.korhanyilmaz.com\/index.php?rest_route=%2Fwp%2Fv2%2Fcomments&post=5599"}],"version-history":[{"count":0,"href":"http:\/\/www.korhanyilmaz.com\/index.php?rest_route=\/wp\/v2\/posts\/5599\/revisions"}],"wp:attachment":[{"href":"http:\/\/www.korhanyilmaz.com\/index.php?rest_route=%2Fwp%2Fv2%2Fmedia&parent=5599"}],"wp:term":[{"taxonomy":"category","embeddable":true,"href":"http:\/\/www.korhanyilmaz.com\/index.php?rest_route=%2Fwp%2Fv2%2Fcategories&post=5599"},{"taxonomy":"post_tag","embeddable":true,"href":"http:\/\/www.korhanyilmaz.com\/index.php?rest_route=%2Fwp%2Fv2%2Ftags&post=5599"}],"curies":[{"name":"wp","href":"https:\/\/api.w.org\/{rel}","templated":true}]}}