{"id":55894,"date":"2012-09-28T08:13:59","date_gmt":"2012-09-28T05:13:59","guid":{"rendered":"http:\/\/www.korhanyilmaz.com\/?p=55894"},"modified":"2012-09-28T10:52:31","modified_gmt":"2012-09-28T07:52:31","slug":"yol-haritasi","status":"publish","type":"post","link":"http:\/\/www.korhanyilmaz.com\/?p=55894","title":{"rendered":"Yol haritas\u0131"},"content":{"rendered":"<div id=\"attachment_37365\" style=\"width: 100px\" class=\"wp-caption alignright\"><img loading=\"lazy\" decoding=\"async\" aria-describedby=\"caption-attachment-37365\" class=\" wp-image-37365 \" title=\"Y\u0131lmaz \u00d6zdil - H\u00fcrriyet Gazetesi\" src=\"http:\/\/www.korhanyilmaz.com\/wp-content\/uploads\/2011\/07\/257.jpg\" alt=\"\" width=\"90\" height=\"96\" \/><p id=\"caption-attachment-37365\" class=\"wp-caption-text\">Y\u0131lmaz \u00d6zdil<\/p><\/div>\n<p style=\"text-align: justify;\">\u201cG\u00fczel \u015feyler olacak&#8230;\u201d<\/p>\n<p style=\"text-align: justify;\">Hay\u0131rd\u0131r in\u015fallah?<br \/>\n<strong><br \/>\n\u201cAnalar a\u011flamas\u0131n.\u201d<br \/>\n<\/strong><br \/>\n\u0130n\u015fallah.<br \/>\n<strong><br \/>\n\u201cA\u00e7\u0131l\u0131m ba\u015flat\u0131yoruz.\u201d<br \/>\n<\/strong><br \/>\nBismillah.<\/p>\n<p>\u201c<strong>Bedeli ne olursa olsunnn!\u201d<!--more--><br \/>\n<\/strong><br \/>\nYa Allah!<\/p>\n<p>\u201c<strong>Habur.\u201d<br \/>\n<\/strong><br \/>\nAllahh Allahh Allahh&#8230;<\/p>\n<p>\u201c<strong>De\u011ferli karde\u015flerim, hay\u0131r cephesinde kimler var, cehape var, mehape var, Kandil var, Kandil!\u201d<br \/>\n<\/strong><br \/>\nAllah Allah?<br \/>\n<strong><br \/>\n\u201cYetmez ama evet.\u201d<br \/>\n<\/strong><br \/>\nMaa\u015fallah.<br \/>\n<strong><br \/>\n\u201cGenelkurmay ba\u015fkan\u0131 ter\u00f6rist.\u201d<br \/>\n<\/strong><br \/>\nElhamd\u00fcllillah.<br \/>\n<strong><br \/>\n\u201cHer k\u00fcrtaj Uludere\u2019dir.\u201d<br \/>\n<\/strong><br \/>\nHafazanallah.<br \/>\n<strong><br \/>\n\u201cZana: Bu i\u015fi ba\u015fbakan \u00e7\u00f6zer.\u201d<br \/>\n<\/strong><br \/>\nEvelallah.<br \/>\n<strong><br \/>\n\u201cBi Obama\u2019ya dan\u0131\u015f\u0131p geleyim.\u201d<br \/>\n<\/strong><br \/>\nEyvallah.<br \/>\n<strong><br \/>\n\u201cRamazana h\u00fcrmeten sabrediyoruz, b\u0131\u00e7ak kemi\u011fe dayand\u0131, k\u00fckremi\u015f sel olur, bendimizi \u00e7i\u011fner a\u015far\u0131z.\u201d<br \/>\n<\/strong><br \/>\nAlimallah.<br \/>\n<strong><br \/>\n\u201cGazab\u0131m\u0131z \u015fiddetli ve kahredicidir.\u201d<br \/>\n<\/strong><br \/>\nMaazallah.<br \/>\n<strong><br \/>\n\u201cReaksiyon g\u00f6steremedim.\u201d<br \/>\n<\/strong><br \/>\nHasbinallah.<br \/>\n<strong><br \/>\n\u201cHindistan\u2019da Pakistan\u2019da olur b\u00f6yle \u015feyler, tan\u0131t\u0131m potansiyeli olan pop\u00fcler ki\u015fi\u2019ye kilim hediye edilmesi, sucuk ikram edilmesi normaldir, lokum bile da\u011f\u0131t\u0131l\u0131r, halay \u00e7ekseydi yad\u0131rgard\u0131k.\u201d<br \/>\n<\/strong><br \/>\nFesuphanallah.<br \/>\n<strong><br \/>\n\u201c\u015eehitlik nasip i\u015fidir.\u201d<br \/>\n<\/strong><br \/>\n\u0130llallah.<\/p>\n<p style=\"text-align: justify;\">*<\/p>\n<p style=\"text-align: justify;\"><strong>\u201cBiz, ter\u00f6r \u00f6rg\u00fct\u00fcyle hi\u00e7bir zaman masaya oturmad\u0131k, hi\u00e7bir zaman da masaya oturmayaca\u011f\u0131z, biz buyuz.\u201d<br \/>\n<\/strong><br \/>\nVallah billah.<br \/>\n<strong><br \/>\n\u201cBunlarla masaya oturdu\u011fumuzu s\u00f6yleyenler, bu al\u00e7ak\u00e7a iftirada bulunanlar, m\u00fcfteridir, \u015ferefsizdir.\u201d<br \/>\n<\/strong><br \/>\nEsta\u011ffurullah.<br \/>\n<strong><br \/>\n\u201cEvet, g\u00f6r\u00fc\u015ft\u00fck, gene g\u00f6r\u00fc\u015fece\u011fiz.\u201d<br \/>\n<\/strong><br \/>\nHay Allah!<\/p>\n<p style=\"text-align: justify;\">*<\/p>\n<p style=\"text-align: justify;\">E g\u00fczerg\u00e2h\u0131 \u00f6\u011frendi\u011finize g\u00f6re&#8230;<\/p>\n<p>Beraber y\u00fcr\u00fcy\u00fcn bu yollarda.<\/p>\n<p>Yallah.<\/p>\n<p style=\"text-align: justify;\"><a href=\"http:\/\/www.hurriyet.com.tr\/yazarlar\/21572043.asp\" target=\"_blank\">Kaynak : H\u00fcrriyet.com.tr\u00a0<\/a><\/p>\n","protected":false},"excerpt":{"rendered":"<p id=\"caption-attachment-37365\" class=\"wp-caption-text\">Y\u0131lmaz \u00d6zdil<\/p>\n<p style=\"text-align: justify;\">\u201cG\u00fczel \u015feyler olacak&#8230;\u201d<\/p>\n<p style=\"text-align: justify;\">Hay\u0131rd\u0131r in\u015fallah? \u201cAnalar a\u011flamas\u0131n.\u201d \u0130n\u015fallah. \u201cA\u00e7\u0131l\u0131m ba\u015flat\u0131yoruz.\u201d Bismillah.<\/p>\n<p>\u201cBedeli ne olursa olsunnn!\u201d<\/p>\n","protected":false},"author":1,"featured_media":0,"comment_status":"open","ping_status":"open","sticky":false,"template":"","format":"standard","meta":{"footnotes":""},"categories":[16],"tags":[30],"class_list":["post-55894","post","type-post","status-publish","format-standard","hentry","category-kose-yazilari","tag-yilmaz-ozdil","odd"],"_links":{"self":[{"href":"http:\/\/www.korhanyilmaz.com\/index.php?rest_route=\/wp\/v2\/posts\/55894","targetHints":{"allow":["GET"]}}],"collection":[{"href":"http:\/\/www.korhanyilmaz.com\/index.php?rest_route=\/wp\/v2\/posts"}],"about":[{"href":"http:\/\/www.korhanyilmaz.com\/index.php?rest_route=\/wp\/v2\/types\/post"}],"author":[{"embeddable":true,"href":"http:\/\/www.korhanyilmaz.com\/index.php?rest_route=\/wp\/v2\/users\/1"}],"replies":[{"embeddable":true,"href":"http:\/\/www.korhanyilmaz.com\/index.php?rest_route=%2Fwp%2Fv2%2Fcomments&post=55894"}],"version-history":[{"count":0,"href":"http:\/\/www.korhanyilmaz.com\/index.php?rest_route=\/wp\/v2\/posts\/55894\/revisions"}],"wp:attachment":[{"href":"http:\/\/www.korhanyilmaz.com\/index.php?rest_route=%2Fwp%2Fv2%2Fmedia&parent=55894"}],"wp:term":[{"taxonomy":"category","embeddable":true,"href":"http:\/\/www.korhanyilmaz.com\/index.php?rest_route=%2Fwp%2Fv2%2Fcategories&post=55894"},{"taxonomy":"post_tag","embeddable":true,"href":"http:\/\/www.korhanyilmaz.com\/index.php?rest_route=%2Fwp%2Fv2%2Ftags&post=55894"}],"curies":[{"name":"wp","href":"https:\/\/api.w.org\/{rel}","templated":true}]}}