{"id":55891,"date":"2012-09-28T08:11:58","date_gmt":"2012-09-28T05:11:58","guid":{"rendered":"http:\/\/www.korhanyilmaz.com\/?p=55891"},"modified":"2012-09-28T10:53:19","modified_gmt":"2012-09-28T07:53:19","slug":"bukemedigi-eli-opuyor","status":"publish","type":"post","link":"http:\/\/www.korhanyilmaz.com\/?p=55891","title":{"rendered":"B\u00fckemedi\u011fi eli \u00f6p\u00fcyor!"},"content":{"rendered":"<div id=\"attachment_42529\" style=\"width: 98px\" class=\"wp-caption alignright\"><img loading=\"lazy\" decoding=\"async\" aria-describedby=\"caption-attachment-42529\" class=\" wp-image-42529  \" title=\"Emin \u00c7\u00f6la\u015fan - S\u00f6zc\u00fc Gazetesi\" src=\"http:\/\/www.korhanyilmaz.com\/wp-content\/uploads\/2011\/11\/emincolasan2.jpg\" alt=\"\" width=\"88\" height=\"88\" \/><p id=\"caption-attachment-42529\" class=\"wp-caption-text\">Emin \u00c7\u00f6la\u015fan<\/p><\/div>\n<p style=\"text-align: justify;\">Sevgili okuyucular\u0131m, \u015fu g\u00fczel \u00fclkemizde bize neler ya\u015fatt\u0131klar\u0131n\u0131 hep birlikte g\u00f6r\u00fcyoruz. Ter\u00f6r her g\u00fcn can al\u0131yor. \u015eehit cenazesi kald\u0131r\u0131lmayan g\u00fcn yok.<\/p>\n<p style=\"text-align: justify;\">Size soruyorum, bir g\u00fcn olsun iyi ve mutlu bir haber duyuyor musunuz? Bir kez olsun g\u00fcne g\u00fczel, keyifli ba\u015fl\u0131yor musunuz?<\/p>\n<p style=\"text-align: justify;\">Bu h\u00fck\u00fcmet Suriye olay\u0131nda sadece T\u00fcrk milletine de\u011fil, d\u00fcnyaya rezil oldu.<\/p>\n<p style=\"text-align: justify;\">Zamlar birbiri ard\u0131na patl\u0131yor. S\u0131rada elektrik ve do\u011fal gaz zamlar\u0131 var. En son yap\u0131lan zamlar\u0131 ne zaman a\u00e7\u0131klad\u0131klar\u0131na bak\u0131n\u0131z:<\/p>\n<p style=\"text-align: justify;\">Tam da Balyoz kararlar\u0131n\u0131n a\u00e7\u0131kland\u0131\u011f\u0131 saatlerde! B\u00f6ylece zamlar gargaraya geldi, yeni \u015fehit haberleri de Balyoz\u2019un g\u00f6lgesinde kald\u0131. Cing\u00f6zl\u00fc\u011f\u00fcn bu kadar\u0131na pes!<!--more--><\/p>\n<p style=\"text-align: justify;\">Son olarak Tayyip ekranlara bir kez daha \u00e7\u0131k\u0131p konu\u015ftu:<\/p>\n<p style=\"text-align: justify;\">Ter\u00f6r \u00f6rg\u00fct\u00fcyle g\u00f6r\u00fc\u015fmeler yeniden ba\u015flayacakm\u0131\u015f. Bu ama\u00e7la Abdullah<\/p>\n<p style=\"text-align: justify;\">\u00d6calan\u2019\u0131n karde\u015fini \u0130mral\u0131\u2019ya g\u00f6nderip kendisiyle konu\u015fturmu\u015flar, o da kabul etmi\u015f.<\/p>\n<p style=\"text-align: justify;\">Bunlar\u0131 kendisi itiraf etmeseydi, ba\u015fkalar\u0131ndan duysayd\u0131m inanmazd\u0131m.<\/p>\n<p style=\"text-align: justify;\">Bu yapt\u0131klar\u0131, h\u00fck\u00fcmetin ter\u00f6r kar\u015f\u0131s\u0131nda ne kadar aciz ve \u00e7aresiz<\/p>\n<p style=\"text-align: justify;\">kald\u0131\u011f\u0131n\u0131n g\u00f6stergesidir. Daha \u00f6nce de benzer g\u00f6r\u00fc\u015fmeleri Oslo gibi yerlerde<\/p>\n<p style=\"text-align: justify;\">yapm\u0131\u015flard\u0131. O K\u00fcrt\u00e7\u00fclerle pazarl\u0131k masas\u0131na Tayyip ad\u0131na oturan da, Hakan Fidan isimli bug\u00fcn M\u0130T M\u00fcste\u015far\u0131 olan emekli astsubay idi.<\/p>\n<p style=\"text-align: justify;\">* * *<\/p>\n<p style=\"text-align: justify;\">Tayyip ve h\u00fck\u00fcmeti ter\u00f6r konusunda \u00e7uvallad\u0131. Bu rezaletin sorumlusu tamamen kendisidir ve kald\u0131r\u0131lan her \u015fehit cenazesinin sorumlulu\u011fu da onun omuzlar\u0131 \u00fczerindedir.<\/p>\n<p style=\"text-align: justify;\">Bu i\u015fler \u00f6yle palavra s\u0131kmakla olmaz.<\/p>\n<p style=\"text-align: justify;\">D\u00fcnyaya rezil olduk, ter\u00f6ristlerle ayn\u0131 masaya oturup pazarl\u0131k etme, rica ve minnet etme a\u015famas\u0131na geldik. T\u00fcrkiye Cumhuriyeti bunlar\u0131n sayesinde i\u015fte bu al\u00e7alt\u0131c\u0131<\/p>\n<p style=\"text-align: justify;\">durumlara d\u00fc\u015ft\u00fc.<\/p>\n<p style=\"text-align: justify;\">Din s\u00f6m\u00fcr\u00fcs\u00fc, t\u00fcrban s\u00f6m\u00fcr\u00fcs\u00fc, imam hatip s\u00f6m\u00fcr\u00fcs\u00fc!.. Bunlar ne yaz\u0131k ki<\/p>\n<p style=\"text-align: justify;\">ter\u00f6re \u00e7are olmad\u0131!<\/p>\n<p style=\"text-align: justify;\">Tayyip, PKK ile ba\u015f edemedi, \u00e7uvallad\u0131.<\/p>\n<p style=\"text-align: justify;\">\u0130\u015fte bu y\u00fczden \u015fimdi Oslo benzeri pazarl\u0131k ve \u00f6rg\u00fcte yalvarma toplant\u0131lar\u0131na yeniden ba\u015flanaca\u011f\u0131n\u0131 s\u00f6yl\u00fcyor, Apo\u2019dan icazet alabilmek i\u00e7in onun aya\u011f\u0131na karde\u015fini g\u00f6nderip onay\u0131n\u0131 al\u0131yor. \u015eunu da iyi biliniz, kredi notu yeniden y\u00fckseltilen Apo, \u0130mral\u0131\u2019da krallar gibi a\u011f\u0131rlan\u0131yor. Bir dedi\u011fi iki edilmiyor. Kendisine sevdi\u011fi \u00f6zel yemekler \u00e7\u0131kar\u0131l\u0131yor, bol bol havaland\u0131rma izni veriliyor, emrinde bir s\u00fcr\u00fc uzman doktor haz\u0131r tutuluyor.<\/p>\n<p style=\"text-align: justify;\">Aman ne olur ne olmaz, \u201cSay\u0131n \u00d6calan(!)\u201d\u0131n g\u00f6nl\u00fcn\u00fc ho\u015f tutsunlar! Onu dar\u0131ltmas\u0131nlar,<\/p>\n<p style=\"text-align: justify;\">k\u00fcst\u00fcrmesinler ki, \u015fimdi kurulacak pazarl\u0131k masas\u0131 i\u00e7in \u00f6rg\u00fct\u00fcne olumlu direktifler versin!<\/p>\n<p style=\"text-align: justify;\">* * *<\/p>\n<p style=\"text-align: justify;\">Tayyip\u2019in kendisini k\u00fc\u00e7\u00fck d\u00fc\u015f\u00fcrmesi beni hi\u00e7 \u0131rgalamaz. Ama hepimizin<\/p>\n<p style=\"text-align: justify;\">g\u00f6rd\u00fc\u011f\u00fc tek \u015fey, devletimizi ve milletimizi k\u00fc\u00e7\u00fck d\u00fc\u015f\u00fcrd\u00fc\u011f\u00fcd\u00fcr.<\/p>\n<p style=\"text-align: justify;\">Kendisini adeta bir \u201c\u0130lah (!)\u201d olarak g\u00f6ren bu \u015fah\u0131s, PKK\u2019n\u0131n \u00f6n\u00fcnde e\u011filip<\/p>\n<p style=\"text-align: justify;\">b\u00fck\u00fclmektedir.<\/p>\n<p style=\"text-align: justify;\">T\u00fcrk Ordusu\u2019nun komuta kademesini kendi yarg\u0131s\u0131 arac\u0131l\u0131\u011f\u0131 ile safd\u0131\u015f\u0131 b\u0131rakt\u0131. Kolu kanad\u0131<\/p>\n<p style=\"text-align: justify;\">k\u0131r\u0131lan, morali bozulan, ayn\u0131 \u015feyin yar\u0131n kendi ba\u015f\u0131na da gelece\u011finden, Tayyip mahkemelerinde yarg\u0131lan\u0131p hapis cezas\u0131 alaca\u011f\u0131ndan endi\u015fe eden bir ordunun komutanlar\u0131, ter\u00f6rle \u00f6zg\u00fcrce m\u00fccadele edemez.<\/p>\n<p style=\"text-align: justify;\">\u015eimdi Tayyip\u2019in geldi\u011fi, i\u00e7ine s\u00fcr\u00fcklendi\u011fi \u015fu ac\u0131 tabloyu bir atas\u00f6z\u00fcm\u00fcz ne g\u00fczel a\u00e7\u0131kl\u0131yor:<\/p>\n<p style=\"text-align: justify;\">B\u00fckemedi\u011fin eli \u00f6p!<\/p>\n<p style=\"text-align: justify;\">Tayyip i\u015fte onu yap\u0131yor. B\u00fckemedi\u011fi eli \u00f6p\u00fcyor.<\/p>\n<p style=\"text-align: justify;\">Ama o el sadece PKK\u2019n\u0131n eli de\u011fil.<\/p>\n<p style=\"text-align: justify;\">Ayn\u0131 zamanda Barzani\u2019nin eli! Nice asker ve polis \u015fehitlerimizin katili ter\u00f6ristleri Kuzey Irak\u2019taki \u00fcslerinde bar\u0131nd\u0131ran onursuz ve eli kanl\u0131 bir a\u015firet reisi\u2026<\/p>\n<p style=\"text-align: justify;\">Ve bu herif, pazar g\u00fcn\u00fc yap\u0131lacak AKP kongresine Tayyip\u2019in \u00f6zel onur konu\u011fu olarak davet edildi. Orada alk\u0131\u015fland\u0131\u011f\u0131n\u0131, belki de nutuk att\u0131\u011f\u0131n\u0131 g\u00f6r\u00fcnce hi\u00e7 \u015fa\u015f\u0131rmay\u0131n.<\/p>\n<p style=\"text-align: justify;\">Katilimiz iktidar partisinin k\u00fcrs\u00fcs\u00fcnde Tayyip\u2019e \u00f6vg\u00fcler d\u00fczecek. Art\u0131k s\u00f6z\u00fcn<\/p>\n<p style=\"text-align: justify;\">bitti\u011fi yerdeyiz.<\/p>\n<p style=\"text-align: justify;\">Vah yaz\u0131k sana T\u00fcrkiye Cumhuriyeti, ne g\u00fcnlere kald\u0131n!.. Kimlerin elinde kald\u0131n!<\/p>\n<p style=\"text-align: justify;\">\u00c7al\u0131\u015fma Bakan\u0131\u2019n\u0131n k\u0131z\u0131!<\/p>\n<p style=\"text-align: justify;\">Sevgili okuyucular\u0131m, \u00fclkede hepimizin g\u00f6zleri \u00f6n\u00fcnde bunlar olurken, bir de hi\u00e7 bilmedi\u011fimiz, ruhumuzun bile duymad\u0131\u011f\u0131 i\u015fler oluyor. \u0130\u015fte size bir \u00f6rnek: \u00c7al\u0131\u015fma Bakan\u0131 Faruk \u00c7elik\u2019in k\u0131z\u0131 Zeynep \u00c7elik, okumakta oldu\u011fu Ac\u0131badem \u00dcniversitesi\u2019nden yatay ge\u00e7i\u015fle Hacettepe \u0130ngilizce T\u0131p Fak\u00fcltesi\u2019ne al\u0131nd\u0131. Hacettepe \u0130ngilizce T\u0131p, \u00fcniversite giri\u015f s\u0131nav\u0131nda en y\u00fcksek puanl\u0131 \u00f6\u011frencileri al\u0131r. Genelde, s\u0131nav\u0131 ilk bin ki\u015fi i\u00e7erisinde kazananlar buras\u0131n\u0131 tercih eder. \u00c7ok \u00f6nemli bir olayd\u0131r.<\/p>\n<p style=\"text-align: justify;\">Yatay ge\u00e7i\u015f i\u015fi \u00e7ok zordur. Kurallar\u0131 AKP\u2019nin arka bah\u00e7esi olan Y\u00d6K belirler ve sonra da \u00fcniversitenin ilgili organlar\u0131nda karar al\u0131nmas\u0131 gerekir.<\/p>\n<p style=\"text-align: justify;\">Burada teknik ayr\u0131nt\u0131lara girmeyece\u011fim ve sizlere olay\u0131n \u00f6z\u00fcn\u00fc k\u0131saca anlataca\u011f\u0131m.<\/p>\n<p style=\"text-align: justify;\">Zeynep \u00c7elik isimli \u00f6\u011frenci, o se\u00e7kin fak\u00fclteye yatay ge\u00e7i\u015f ko\u015fullar\u0131n\u0131 ta\u015f\u0131m\u0131yordu.<\/p>\n<p style=\"text-align: justify;\">Ancak Hacettepe \u00dcniversitesi Rekt\u00f6rl\u00fc\u011f\u00fc\u2019ne se\u00e7ilen Murat Tuncer iktidar\u0131n adam\u0131yd\u0131 ve o makama Bay Abdullah G\u00fcl taraf\u0131ndan se\u00e7ilmi\u015fti. Kadrosu \u00fcniversitede g\u00f6r\u00fcn\u00fcyordu, ancak Sa\u011fl\u0131k Bakanl\u0131\u011f\u0131\u2019nda g\u00f6rev yap\u0131yordu\u2026<\/p>\n<p style=\"text-align: justify;\">Ve Rekt\u00f6r Bey\u2019e bu \u00f6\u011frenci i\u00e7in bir \u00e7\u00f6z\u00fcm bulmas\u0131 (!) rica edildi.<\/p>\n<p style=\"text-align: justify;\">* * *<\/p>\n<p style=\"text-align: justify;\">Yatay ge\u00e7i\u015f i\u00e7in \u00f6\u011frencinin \u00fcniversiteye belli bir s\u00fcre i\u00e7erisinde bizzat ba\u015fvuruda bulunmas\u0131 gerekiyordu. Ba\u015fvuru s\u00fcresi bitti. Rekt\u00f6rl\u00fck, bu s\u00fcrenin bitiminden bir hafta sonra 24 A\u011fustos g\u00fcn\u00fc \u00dcniversite Senatosu\u2019nu acele toplant\u0131ya \u00e7a\u011f\u0131rd\u0131. Bu toplant\u0131lar \u00e7ar\u015famba g\u00fcn\u00fc yap\u0131l\u0131rd\u0131. Ba\u015fka bir g\u00fcnde toplant\u0131 a\u00e7\u0131ld\u0131. Toplant\u0131lar kameraya al\u0131n\u0131rd\u0131, bu kez al\u0131nmad\u0131! Daha \u00f6nce T\u0131p Fak\u00fcltesi Yatay Ge\u00e7i\u015f Komisyonu toplanm\u0131\u015f ve bu<\/p>\n<p style=\"text-align: justify;\">konuda ba\u015fvuruda bulunan 13 \u00f6\u011frencinin istemlerini reddetmi\u015fti. Bunlardan biri de Zeynep \u00c7elik\u2019ti.<\/p>\n<p style=\"text-align: justify;\">\u00dcniversite Y\u00f6netim Kurulu ve yeni kadrolardan olu\u015fan Senatosu bu karar\u0131 hi\u00e7e sayd\u0131 ve Zeynep Han\u0131m\u2019\u0131 Hacettepe \u0130ngilizce T\u0131p Fak\u00fcltesi\u2019ne almaya karar verdi.<\/p>\n<p style=\"text-align: justify;\">B\u00fct\u00fcn kurallar ve y\u00f6netmelikler de\u011fi\u015ftirildi, daha \u00f6nce var olan kararlar de\u011fi\u015ftirildi ve b\u00fct\u00fcn bu yap\u0131lanlar sonras\u0131nda Zeynep \u00c7elik, T\u00fcrkiye\u2019nin en y\u00fcksek puanla girilen fak\u00fcltesine haks\u0131z bir bi\u00e7imde ve kendisinden \u00e7ok daha y\u00fcksek puan almay\u0131 ba\u015farm\u0131\u015f olan yakla\u015f\u0131k 200 bin \u00f6\u011frencinin haklar\u0131 \u00e7i\u011fnenerek kabul edilmi\u015f oldu. \u00dcniversite s\u0131nav\u0131nda kendisinden daha y\u00fcksek puan alm\u0131\u015f nice \u00f6\u011frenciler vard\u0131 ama ge\u00e7erli yatay ge\u00e7i\u015f kurallar\u0131 nedeniyle bunlar\u0131n Hacettepe T\u0131p\u2019a girmesi m\u00fcmk\u00fcn de\u011fildi.<\/p>\n<p style=\"text-align: justify;\">* * *<\/p>\n<p style=\"text-align: justify;\">Zeynep han\u0131m bu yolla bir ta\u015fla iki ku\u015f vurmu\u015f oldu.<\/p>\n<p style=\"text-align: justify;\">\u0130lki, T\u00fcrkiye\u2019nin en y\u00fcksek puanla girilen ve herkesin kazanma \u00f6zlemiyle yan\u0131p tutu\u015ftu\u011fu Hacettepe \u0130ngilizce T\u0131p \u00f6\u011frencisi olmay\u0131 ba\u015fard\u0131! \u0130ngilizce T\u0131p Fak\u00fcltesi i\u00e7in bu olanak,<\/p>\n<p style=\"text-align: justify;\">puan\u0131, -taban puan\u0131n \u00e7ok daha alt\u0131nda oldu\u011fu halde- kendisine sa\u011fland\u0131.<\/p>\n<p style=\"text-align: justify;\">\u0130kincisi, okumakta oldu\u011fu \u00fcniversiteye her y\u0131l ortalama 40 bin liral\u0131k \u00f6\u011frenim \u00fccretini \u00f6demekten ailesini kurtarm\u0131\u015f oldu! Bu olay\u0131n b\u00fct\u00fcn belgeleri ve al\u0131nan kararlar elimde.<\/p>\n<p style=\"text-align: justify;\">Hacettepe Rekt\u00f6r\u00fc Murat Tuncer \u015fimdi bu konuda neler oldu\u011funu, \u00fc\u00e7 y\u0131ld\u0131r izin verilmeyen yatay ge\u00e7i\u015f i\u00e7in ge\u00e7erli kurallar\u0131n ba\u015fvuru tarihlerinden sonra bile nas\u0131l apar topar de\u011fi\u015ftirilip alt\u00fcst edildi\u011fini, \u00fcniversite se\u00e7me s\u0131navlar\u0131nda \u00e7ok daha y\u00fcksek puan alan \u00f6\u011frencilere nas\u0131l haks\u0131zl\u0131k edildi\u011fini a\u00e7\u0131klamakla y\u00fck\u00fcml\u00fcd\u00fcr.<\/p>\n<p style=\"text-align: justify;\">Acaba babas\u0131 \u00c7al\u0131\u015fma Bakan\u0131 olmasayd\u0131, bu kararlar Zeynep \u00c7elik i\u00e7in yine al\u0131n\u0131r m\u0131yd\u0131?<\/p>\n<p style=\"text-align: justify;\">E\u011fer \u00fcniversitelere, t\u0131p fak\u00fcltelerine bile siyaset sokulduysa, i\u015fler siyasi torpille yap\u0131l\u0131yorsa, vay bizim halimize.<\/p>\n<p style=\"text-align: justify;\"><a href=\"http:\/\/sozcu.com.tr\/59732.html\" target=\"_blank\">Kaynak : S\u00f6zc\u00fc Gazetesi<\/a><\/p>\n","protected":false},"excerpt":{"rendered":"<p id=\"caption-attachment-42529\" class=\"wp-caption-text\">Emin \u00c7\u00f6la\u015fan<\/p>\n<p style=\"text-align: justify;\">Sevgili okuyucular\u0131m, \u015fu g\u00fczel \u00fclkemizde bize neler ya\u015fatt\u0131klar\u0131n\u0131 hep birlikte g\u00f6r\u00fcyoruz. Ter\u00f6r her g\u00fcn can al\u0131yor. \u015eehit cenazesi kald\u0131r\u0131lmayan g\u00fcn yok.<\/p>\n<p style=\"text-align: justify;\">Size soruyorum, bir g\u00fcn olsun iyi ve mutlu bir haber duyuyor musunuz? Bir kez olsun g\u00fcne g\u00fczel, keyifli ba\u015fl\u0131yor musunuz?<\/p>\n<p style=\"text-align: justify;\">Bu h\u00fck\u00fcmet Suriye olay\u0131nda <\/p>\n","protected":false},"author":1,"featured_media":0,"comment_status":"open","ping_status":"open","sticky":false,"template":"","format":"standard","meta":{"footnotes":""},"categories":[16],"tags":[478],"class_list":["post-55891","post","type-post","status-publish","format-standard","hentry","category-kose-yazilari","tag-emin-colasan","odd"],"_links":{"self":[{"href":"http:\/\/www.korhanyilmaz.com\/index.php?rest_route=\/wp\/v2\/posts\/55891","targetHints":{"allow":["GET"]}}],"collection":[{"href":"http:\/\/www.korhanyilmaz.com\/index.php?rest_route=\/wp\/v2\/posts"}],"about":[{"href":"http:\/\/www.korhanyilmaz.com\/index.php?rest_route=\/wp\/v2\/types\/post"}],"author":[{"embeddable":true,"href":"http:\/\/www.korhanyilmaz.com\/index.php?rest_route=\/wp\/v2\/users\/1"}],"replies":[{"embeddable":true,"href":"http:\/\/www.korhanyilmaz.com\/index.php?rest_route=%2Fwp%2Fv2%2Fcomments&post=55891"}],"version-history":[{"count":0,"href":"http:\/\/www.korhanyilmaz.com\/index.php?rest_route=\/wp\/v2\/posts\/55891\/revisions"}],"wp:attachment":[{"href":"http:\/\/www.korhanyilmaz.com\/index.php?rest_route=%2Fwp%2Fv2%2Fmedia&parent=55891"}],"wp:term":[{"taxonomy":"category","embeddable":true,"href":"http:\/\/www.korhanyilmaz.com\/index.php?rest_route=%2Fwp%2Fv2%2Fcategories&post=55891"},{"taxonomy":"post_tag","embeddable":true,"href":"http:\/\/www.korhanyilmaz.com\/index.php?rest_route=%2Fwp%2Fv2%2Ftags&post=55891"}],"curies":[{"name":"wp","href":"https:\/\/api.w.org\/{rel}","templated":true}]}}