{"id":5586,"date":"2009-03-18T08:52:18","date_gmt":"2009-03-18T06:52:18","guid":{"rendered":"http:\/\/www.korhanyilmaz.com\/?p=5586"},"modified":"2009-03-18T08:52:18","modified_gmt":"2009-03-18T06:52:18","slug":"oldurulmeseydi-ne-yazacakti","status":"publish","type":"post","link":"http:\/\/www.korhanyilmaz.com\/?p=5586","title":{"rendered":"\u00d6ld\u00fcr\u00fclmeseydi ne yazacakt\u0131?"},"content":{"rendered":"<p style=\"text-align: center;\"><img loading=\"lazy\" decoding=\"async\" class=\"aligncenter size-full wp-image-5587\" title=\"\u00d6ld\u00fcr\u00fclmeseydi ne yazacakt\u0131? \" src=\"http:\/\/www.korhanyilmaz.com\/wp-content\/uploads\/2009\/03\/180320090317344833110.jpg\" alt=\"\u00d6ld\u00fcr\u00fclmeseydi ne yazacakt\u0131? \" width=\"376\" height=\"240\" \/><\/p>\n<p style=\"text-align: justify;\"><strong>Suikasttan bir g\u00fcn sonra Genelkurmay&#8217;da randevusu vard\u0131<\/strong>.<\/p>\n<p style=\"text-align: justify;\">Mustafa Balbay&#8217;\u0131n g\u00fcnl\u00fc\u011f\u00fcne g\u00f6re, Genelkurmay gazeteci U\u011fur Mumcu&#8217;ya ar\u015fivlerini a\u00e7m\u0131\u015ft\u0131 ve PKK-M\u0130T ili\u015fkisini ara\u015ft\u0131rd\u0131\u011f\u0131ndan haberdard\u0131. G\u00fcnl\u00fckte, d\u00f6nemin Genelkurmay 2&#8217;nci Ba\u015fkan\u0131 B\u00fcy\u00fckan\u0131t, &#8220;U\u011fur \u00f6lmeseydi pazartesi buraya gelecekti. Ar\u015fivde \u00e7al\u0131\u015f\u0131yordu. \u00d6calan&#8217;\u0131n kay\u0131npederinin M\u0130T&#8217;e \u00e7al\u0131\u015ft\u0131\u011f\u0131n\u0131 saptam\u0131\u015ft\u0131&#8221; diyor&#8230;<\/p>\n<p style=\"text-align: justify;\">Mustafa Balbay&#8217;a ait oldu\u011fu iddia edilen g\u00fcnl\u00fckte, y\u0131llard\u0131r \u00e7\u00f6z\u00fclemeyen gazeteci U\u011fur Mumcu suikast\u0131yla ilgili de enteresan notlar yer al\u0131yor. G\u00fcnl\u00fckteki, d\u00f6nemin Genelkurmay 2&#8217;nci Ba\u015fkan\u0131 olan Mehmet Ya\u015far B\u00fcy\u00fckan\u0131t&#8217;\u0131n s\u00f6zleri, Mumcu&#8217;nun PKK&#8217;n\u0131n derin ili\u015fkilerini ara\u015ft\u0131rd\u0131\u011f\u0131 i\u00e7in \u00f6ld\u00fcr\u00fcld\u00fc\u011f\u00fc iddialar\u0131n\u0131 g\u00fc\u00e7lendiriyor. \u0130\u015fte g\u00fcnl\u00fc\u011fe g\u00f6re B\u00fcy\u00fckan\u0131t&#8217;\u0131n s\u00f6zleri&#8230;<!--more--><\/p>\n<p style=\"text-align: justify;\"><strong>&#8216;Mumcu arkada\u015f\u0131md\u0131&#8217;<\/strong><\/p>\n<p style=\"text-align: justify;\">&#8220;6 Nisan 2003 Pazar g\u00fcn\u00fc saat 12.30&#8217;da Genelkurmay Karargah\u0131&#8217;nda Aslan Pa\u015fayla (Genelkurmay \u0130stihbarat Ba\u015fkan\u0131 olan Aslan G\u00fcner) g\u00f6r\u00fc\u015fme&#8230; 45 dakika sonra, Ya\u015far Pa\u015fa (Genelkurmay 2. Ba\u015fkan\u0131 olan Mehmet Ya\u015far B\u00fcy\u00fckan\u0131t) geldi, &#8220;Ona g\u00fcn\u00fc anlatmam laz\u0131m, isterseniz bekleyin, en \u00e7ok yar\u0131m saat s\u00fcrer&#8221; dedi sonra ikisi birlikte geldiler&#8230; Ya\u015far Pa\u015fa, sivildi. K\u0131rm\u0131z\u0131 a\u011f\u0131rl\u0131kl\u0131 bir ti\u015f\u00f6rt\u00fc vard\u0131: &#8220;U\u011fur Mumcu benim arkada\u015f\u0131md\u0131. Buraya \u00e7ok geldi gitti. Bizim ar\u015fivde \u00e7al\u0131\u015ft\u0131. En sevilen yazard\u0131&#8230; \u00d6ld\u00fcr\u00fclmeseydi ertesi g\u00fcn, pazartesi buraya gelecekti. Ar\u015fivde \u00e7al\u0131\u015f\u0131yordu. \u00d6calan&#8217;\u0131n kar\u0131s\u0131n\u0131n ( Kesire \u00d6calan) babas\u0131n\u0131n M\u0130T&#8217;e \u00e7al\u0131\u015ft\u0131\u011f\u0131n\u0131 saptam\u0131\u015ft\u0131. Daha derin ara\u015ft\u0131rmalar i\u00e7indeydi&#8230;&#8221;<\/p>\n<p style=\"text-align: justify;\"><strong>Cinayetten 2 saat sonra&#8230;<\/strong><\/p>\n<p style=\"text-align: justify;\">Mumcu&#8217;nun karde\u015fi avukat Ceyhan Mumcu da, g\u00fcnl\u00fckte yer alan notlar\u0131 do\u011frulad\u0131. Karde\u015finin sald\u0131r\u0131 sonucu \u00f6ld\u00fc\u011f\u00fc d\u00f6nemde bu konuyu kendisinin de ara\u015ft\u0131rd\u0131\u011f\u0131n\u0131 belirten Mumcu, \u015funlar\u0131 s\u00f6yledi: &#8220;U\u011fur, &#8216;K\u00fcrt Dosyas\u0131&#8217; ad\u0131nda bir kitap yaz\u0131yordu. Bu kitapta Abdullah \u00d6calan&#8217;\u0131n ilk kez mahkemeye \u00e7\u0131kar\u0131l\u0131\u015f\u0131ndan serbest kal\u0131\u015f\u0131na kadar ge\u00e7en s\u00fcre\u00e7teki \u015f\u00fcphelerini de aktar\u0131yordu. Ayr\u0131ca 15 Ekim 1992&#8217;de yay\u0131mlanan &#8216;Kim bu Pilot Necati&#8217; ba\u015fl\u0131kl\u0131 yaz\u0131s\u0131 da bu konuyla ilgiliydi. Ancak kitab\u0131 tamamlayamad\u0131&#8230;&#8221; Ceyhan Mumcu daha \u00f6nceki bir r\u00f6portaj\u0131nda da cinayetten 2 saat sonra G\u00fcre\u015f ve B\u00fcy\u00fckan\u0131t&#8217;\u0131n eve geldi\u011fini s\u00f6ylemi\u015fti: &#8220;U\u011fur \u00f6ld\u00fcr\u00fcld\u00fc, 2 saat sonra Genelkurmay Ba\u015fkan\u0131 Org. Do\u011fan G\u00fcre\u015f, U\u011fur&#8217;un evindeydi. Yan\u0131nda Ya\u015far B\u00fcy\u00fckan\u0131t da vard\u0131. Do\u011fan Pa\u015fa suikasttan \u00f6nce Emniyet&#8217;i uyarm\u0131\u015f, &#8216;U\u011fur&#8217;a bir \u015fey yapacaklar, aman iyi koruyun&#8217; diye&#8230; Demek ki Genelkurmay&#8217;\u0131n istihbarat\u0131 iyi \u00e7al\u0131\u015fm\u0131\u015f&#8230; O nedenle G\u00fcre\u015f ve B\u00fcy\u00fckan\u0131t Pa\u015falar mutlaka dinlenmeli.&#8221;<\/p>\n<p style=\"text-align: justify;\"><strong>Tu\u011f&#8217;dan belgeleri alacakt\u0131<\/strong><\/p>\n<p style=\"text-align: justify;\">Mumcu&#8217;nun di\u011fer randevusu ise 12 Mart 1971 d\u00f6neminin askeri savc\u0131s\u0131 Baki Tu\u011f ileydi. 27 Ocak \u00c7ar\u015famba g\u00fcn\u00fc bulu\u015facaklard\u0131. \u0130ki g\u00fcn \u00f6nce, Baki Tu\u011f&#8217;un Meclis&#8217;teki odas\u0131nda bir araya gelmi\u015flerdi ve Tu\u011f&#8217;a, &#8220;Abdullah \u00d6calan&#8217;\u0131n M\u0130T&#8217;le ili\u015fkilerini ortaya \u00e7\u0131kard\u0131m&#8221; demi\u015fti. Tu\u011f Meclis Milli Savunma Komisyonu Ba\u015fkan\u0131&#8217;yd\u0131, &#8216;Ara\u015ft\u0131raca\u011f\u0131m&#8217; dedi, randevuyu verdi. Tu\u011f&#8217;un bilgileri \u00f6nemliydi, \u00e7\u00fcnk\u00fc 1972&#8217;de, Ankara Siyasal Bilgiler Fak\u00fcltesi (SBF) 1. s\u0131n\u0131f \u00f6\u011frencisi olan 22 ya\u015f\u0131ndaki Abdullah \u00d6calan, bildiri da\u011f\u0131tmak su\u00e7undan g\u00f6zalt\u0131na al\u0131nd\u0131\u011f\u0131nda Askeri Savc\u0131 Baki Tu\u011f&#8217;un \u00f6n\u00fcne getirilmi\u015fti. Tu\u011f, boykot\u00e7u \u00f6\u011frenciler i\u00e7inde en a\u011f\u0131r cezay\u0131 Abdullah \u00d6calan ve iki arkada\u015f\u0131 i\u00e7in isterken, yarg\u0131lama s\u0131ras\u0131nda mahkemede g\u00f6r\u00fc\u015f de\u011fi\u015ftirince \u00d6calan \u00fc\u00e7 ay hapis cezas\u0131yla kurtulmu\u015ftu.<\/p>\n<p style=\"text-align: justify;\"><strong>Devlet kullanm\u0131\u015f olabilir<\/strong><\/p>\n<p style=\"text-align: justify;\">Baki Tu\u011f, o g\u00fcnleri daha sonra \u015f\u00f6yle anlatm\u0131\u015ft\u0131: &#8220;Apo&#8217;nun M\u0130T mensubu olup olmad\u0131\u011f\u0131 konusunda yard\u0131m istedi. &#8216;Ar\u015fivime bakay\u0131m&#8217; dedim. Ara\u015ft\u0131rd\u0131m; Abdullah \u00d6calan&#8217;\u0131n kay\u0131npederi Ali Y\u0131ld\u0131r\u0131m, Milli \u0130stihbarat&#8217;ta \u00e7al\u0131\u015fan bir g\u00f6revliydi. \u00d6calan, Ali Y\u0131ld\u0131r\u0131m&#8217;\u0131n k\u0131z\u0131 Kesire ile evlenmi\u015fti. Bizde bulunan bilgi bu kadard\u0131. Ama U\u011fur Mumcu&#8217;nun \u00f6mr\u00fc vefa etmedi. Bana gelip gitmesinden iki g\u00fcn sonra da \u00f6ld\u00fcr\u00fcld\u00fc. Bunu ara\u015ft\u0131rmas\u0131na \u015fa\u015f\u0131rmam\u0131\u015ft\u0131m. \u00c7\u00fcnk\u00fc Milli \u0130stihbarat Te\u015fkilat\u0131&#8217;n\u0131n g\u00f6revi herkesten yararlanmakt\u0131r. O d\u00f6nemde bir \u00f6\u011frenci olarak ondan da yararlanmak isteyebilirler. Bunda \u015fa\u015f\u0131racak, yanl\u0131\u015f d\u00fc\u015f\u00fcnecek hi\u00e7bir \u015fey yok.&#8221; Tu\u011f, \u00d6calan&#8217;\u0131n 1980&#8217;den \u00f6nce Devrimci Do\u011fu K\u00fclt\u00fcr Ocaklar\u0131 gibi K\u00fcrt \u00f6rg\u00fctlere kar\u015f\u0131 m\u00fccadele etmi\u015f olabilece\u011fini belirtmi\u015fti..<\/p>\n<p style=\"text-align: justify;\"><strong>Son yaz\u0131lar\u0131nda hep M\u0130T-PKK ili\u015fkisini yazd\u0131<\/strong><\/p>\n<p style=\"text-align: justify;\">U\u011fur Mumcu,   Cumhuriyet gazetesindeki k\u00f6\u015fesinde \u00f6lmeden \u00f6nceki son 6 ayda hep PKK&#8217;y\u0131 yazm\u0131\u015ft\u0131<\/p>\n<p style=\"text-align: justify;\">Cumhur\u0130yet gazetesindeki 9 Ekim 1992 tarihli yaz\u0131s\u0131nda U\u011fur Mumcu \u015f\u00f6yle yazm\u0131\u015ft\u0131: &#8220;Bug\u00fcn PKK \u00f6rg\u00fct\u00fc aras\u0131nda kim bilir ka\u00e7 ajan var? Yaln\u0131zca M\u0130T ajanlar\u0131 m\u0131? Ortado\u011fu ajan kayn\u0131yor. K\u00fcrt \u00f6rg\u00fctleri aras\u0131na s\u0131zm\u0131\u015f kim bilir ka\u00e7 CIA ajan\u0131 g\u00f6rev yap\u0131yor?&#8221; diye soruyordu. 15 Ekim&#8217;de ise &#8220;Gazetecinin g\u00f6revi ger\u00e7e\u011fi aramakt\u0131r. K\u00fcrt sorunu konusunda bu k\u00f6\u015fede yapmaya \u00e7al\u0131\u015ft\u0131\u011f\u0131m\u0131z da budur. \u00d6rne\u011fin Abdullah \u00d6calan kimdir? PKK nas\u0131l kurutulmu\u015ftur? Bunlar\u0131 ara\u015ft\u0131r\u0131yoruz. Bu ara\u015ft\u0131rmalar\u0131n ba\u015flang\u0131\u00e7 noktas\u0131 \u00d6calan&#8217;\u0131n kimli\u011fidir. Apo&#8217;nun kontrgerillac\u0131larla i\u015fbirli\u011fi yapt\u0131\u011f\u0131, PKK i\u00e7indeki M\u0130T ajan\u0131 bir pilotu kollad\u0131\u011f\u0131 ve kay\u0131npederinin M\u0130T eleman\u0131 oldu\u011fu do\u011fru mu?&#8221;<\/p>\n<p style=\"text-align: justify;\"><strong>Kanl\u0131 tuzak kuruluyor <\/strong><\/p>\n<p style=\"text-align: justify;\">\u00d6ld\u00fcr\u00fclmeden 16 g\u00fcn \u00f6nce, 8 Ocak 1993 tarihli yaz\u0131s\u0131nda da \u015funlar\u0131 yazm\u0131\u015ft\u0131: &#8220;Birileri T\u00fcrk halk\u0131n\u0131 K\u00fcrt halk\u0131na, K\u00fcrt halk\u0131n\u0131 da T\u00fcrk halk\u0131na d\u00fc\u015fman edici bir kanl\u0131 tuzak kuruyor. Yak\u0131nda yay\u0131nlanacak bir yay\u0131n\u0131mda K\u00fcrt milliyet\u00e7ileri ile istihbarat ajanlar\u0131 aras\u0131ndaki ili\u015fkilere \u0131\u015f\u0131k tutacak ilgin\u00e7 belgeler a\u00e7\u0131klayaca\u011f\u0131m.&#8221;<\/p>\n<p style=\"text-align: justify;\"><strong>Kesire Avrupa&#8217;ya ka\u00e7t\u0131<\/strong><\/p>\n<p style=\"text-align: justify;\">ABDULLAH, Ankara Siyasal Bilgiler Fak\u00fcltesi&#8217;nde okurken tan\u0131\u015ft\u0131\u011f\u0131 Elaz\u0131\u011fl\u0131 Kesire Y\u0131ld\u0131r\u0131m ile 24 May\u0131s 1978&#8217;te evlendi. \u00c7ift, 3 ay Diyarbak\u0131r&#8217;da ya\u015fad\u0131. Onlar\u0131 Ankara&#8217;dan Diyarbak\u0131r&#8217;a g\u00f6t\u00fcren &#8220;Pilot Necati&#8221; ordudan ayr\u0131lm\u0131\u015f ve Diyarbak\u0131r&#8217;da kum ticareti yap\u0131yordu. (Pilot Necati 1982&#8217;de esrarengiz bir \u015fekilde kulland\u0131\u011f\u0131 zirai ila\u00e7lama u\u00e7a\u011f\u0131n\u0131n d\u00fc\u015fmesi sonucu \u00f6ld\u00fc.) \u00d6calan bir s\u00fcre sonra Suriye&#8217;ye ka\u00e7t\u0131 ve Kesire&#8217;yi de yan\u0131na ald\u0131. Fakat Kesire, bask\u0131c\u0131 politikalar\u0131na kar\u015f\u0131 \u00e7\u0131k\u0131p Avrupa&#8217;ya ka\u00e7t\u0131, hakk\u0131nda \u00f6l\u00fcm karar\u0131 \u00e7\u0131kartan Apo&#8217;dan korunmak i\u00e7in karde\u015fi H\u00fcseyin Y\u0131ld\u0131r\u0131m&#8217;la birlikte kimlik de\u011fi\u015ftirdi.<\/p>\n<p style=\"text-align: justify;\"><span style=\"color: #888888;\">Kaynak : \u00d6m\u00fcr \u00dcNVER \/ ANKARA &#8211; Vatan Gazetesi<\/span><\/p>\n<p style=\"text-align: justify;\">\n","protected":false},"excerpt":{"rendered":"<p style=\"text-align: center;\">\n<p style=\"text-align: justify;\">Suikasttan bir g\u00fcn sonra Genelkurmay&#8217;da randevusu vard\u0131.<\/p>\n<p style=\"text-align: justify;\">Mustafa Balbay&#8217;\u0131n g\u00fcnl\u00fc\u011f\u00fcne g\u00f6re, Genelkurmay gazeteci U\u011fur Mumcu&#8217;ya ar\u015fivlerini a\u00e7m\u0131\u015ft\u0131 ve PKK-M\u0130T ili\u015fkisini ara\u015ft\u0131rd\u0131\u011f\u0131ndan haberdard\u0131. G\u00fcnl\u00fckte, d\u00f6nemin Genelkurmay 2&#8217;nci Ba\u015fkan\u0131 B\u00fcy\u00fckan\u0131t, &#8220;U\u011fur \u00f6lmeseydi pazartesi buraya gelecekti. Ar\u015fivde \u00e7al\u0131\u015f\u0131yordu. \u00d6calan&#8217;\u0131n kay\u0131npederinin M\u0130T&#8217;e \u00e7al\u0131\u015ft\u0131\u011f\u0131n\u0131 saptam\u0131\u015ft\u0131&#8221; diyor&#8230;<\/p>\n<p style=\"text-align: justify;\">Mustafa Balbay&#8217;a ait oldu\u011fu iddia <\/p>\n","protected":false},"author":1,"featured_media":0,"comment_status":"open","ping_status":"closed","sticky":false,"template":"","format":"standard","meta":{"footnotes":""},"categories":[105],"tags":[],"class_list":["post-5586","post","type-post","status-publish","format-standard","hentry","category-gundem","odd"],"_links":{"self":[{"href":"http:\/\/www.korhanyilmaz.com\/index.php?rest_route=\/wp\/v2\/posts\/5586","targetHints":{"allow":["GET"]}}],"collection":[{"href":"http:\/\/www.korhanyilmaz.com\/index.php?rest_route=\/wp\/v2\/posts"}],"about":[{"href":"http:\/\/www.korhanyilmaz.com\/index.php?rest_route=\/wp\/v2\/types\/post"}],"author":[{"embeddable":true,"href":"http:\/\/www.korhanyilmaz.com\/index.php?rest_route=\/wp\/v2\/users\/1"}],"replies":[{"embeddable":true,"href":"http:\/\/www.korhanyilmaz.com\/index.php?rest_route=%2Fwp%2Fv2%2Fcomments&post=5586"}],"version-history":[{"count":0,"href":"http:\/\/www.korhanyilmaz.com\/index.php?rest_route=\/wp\/v2\/posts\/5586\/revisions"}],"wp:attachment":[{"href":"http:\/\/www.korhanyilmaz.com\/index.php?rest_route=%2Fwp%2Fv2%2Fmedia&parent=5586"}],"wp:term":[{"taxonomy":"category","embeddable":true,"href":"http:\/\/www.korhanyilmaz.com\/index.php?rest_route=%2Fwp%2Fv2%2Fcategories&post=5586"},{"taxonomy":"post_tag","embeddable":true,"href":"http:\/\/www.korhanyilmaz.com\/index.php?rest_route=%2Fwp%2Fv2%2Ftags&post=5586"}],"curies":[{"name":"wp","href":"https:\/\/api.w.org\/{rel}","templated":true}]}}