{"id":5581,"date":"2009-03-17T15:15:29","date_gmt":"2009-03-17T13:15:29","guid":{"rendered":"http:\/\/www.korhanyilmaz.com\/?p=5581"},"modified":"2009-03-17T15:15:29","modified_gmt":"2009-03-17T13:15:29","slug":"fantom-dustu-pilot-tegmen-sehit","status":"publish","type":"post","link":"http:\/\/www.korhanyilmaz.com\/?p=5581","title":{"rendered":"Fantom d\u00fc\u015ft\u00fc pilot te\u011fmen \u015fehit"},"content":{"rendered":"<p style=\"text-align: center;\"><a href=\"http:\/\/www.korhanyilmaz.com\/wp-content\/uploads\/2009\/03\/132641.jpg\"  class=\"lightview\"><img loading=\"lazy\" decoding=\"async\" class=\"aligncenter size-full wp-image-7860\" src=\"http:\/\/www.korhanyilmaz.com\/wp-content\/uploads\/2009\/03\/132641.jpg\" alt=\"\" width=\"280\" height=\"190\" \/><\/a><a class=\"lightview\" title=\"Fantom d\u00fc\u015ft\u00fc pilot te\u011fmen \u015fehit.::  :: width: 500, height: 395\" rel=\"iframe\" href=\"http:\/\/www.korhanyilmaz.com\/swf\/flvplayer.swf?file=http:\/\/video.gazetevatan.com\/video\/file\/170320091602403593791.flv\"><img loading=\"lazy\" decoding=\"async\" class=\"aligncenter\" title=\"Habere \u0130li\u015fkin Videoyu \u0130zlemek \u0130\u00e7in T\u0131klay\u0131n..\" src=\"wp-data\/images\/video_izle_tikla.png\" alt=\"\" width=\"30\" height=\"30\" \/ class=\"lightview\"><\/a><\/p>\n<p style=\"text-align: justify;\"><strong>Konya Ay\u0131\u015f\u0131\u011f\u0131 K\u00f6y\u00fc yak\u0131nlar\u0131nda askeri e\u011fitim u\u00e7a\u011f\u0131 d\u00fc\u015ft\u00fc. <\/strong><\/p>\n<p style=\"text-align: justify;\">U\u00e7a\u011f\u0131 d\u00fc\u015fmeden saniyeler \u00f6nce f\u0131rlatma koltu\u011fu ile terkeden iki pilottan Hava Pilot Y\u00fczba\u015f\u0131 U\u011fur Ayd\u0131n yaral\u0131 kurtuldu, Hava Pilot Te\u011fmen Murat T\u00fcrkmen ise \u015fehit oldu.<\/p>\n<p style=\"text-align: justify;\">Konya&#8217;daki 3&#8217;\u00fcnc\u00fc Ana Jet \u00dcs Komutanl\u0131\u011f\u0131&#8217;ndan d\u00fcn \u00f6\u011fleden sonra e\u011fitim u\u00e7u\u015fu i\u00e7in havalanan F- 4 (Fantom) tipi askeri u\u00e7ak, saat 14.45 s\u0131ralar\u0131nda Alt\u0131nekin \u0130l\u00e7esi&#8217;ne ba\u011fl\u0131 Ay\u0131\u015f\u0131\u011f\u0131 K\u00f6y\u00fc semalar\u0131nda teknik bir ar\u0131za nedeniyle h\u0131zla irtifa kaybetmeye ba\u015flad\u0131. Pilotlar, t\u00fcm \u00e7abalar\u0131na kar\u015f\u0131n u\u00e7a\u011f\u0131 kurtaramayacaklar\u0131n\u0131 anlay\u0131nca son anda f\u0131rlatma koltuklar\u0131n\u0131 kullanarak atlad\u0131. E\u011fitim u\u00e7a\u011f\u0131 da saniyeler sonra da Ay\u0131\u015f\u0131\u011f\u0131 K\u00f6y\u00fc&#8217;n\u00fcn 1 kilometre yak\u0131n\u0131nda d\u00fcz araziye \u00e7ak\u0131ld\u0131. \u0130nfilak edip alev topuna d\u00f6nen u\u00e7a\u011f\u0131n par\u00e7alar\u0131 geni\u015f bir alana yay\u0131ld\u0131. <!--more--><\/p>\n<p style=\"text-align: justify;\">Pilotlardan birinin d\u00fc\u015fme s\u0131ras\u0131nda yere \u00e7arparak a\u011f\u0131r yaraland\u0131\u011f\u0131, di\u011ferinin hafif s\u0131yr\u0131klarla atlatt\u0131\u011f\u0131 kazan\u0131n duyulmas\u0131 \u00fczerine 3&#8217;\u00fcnc\u00fc Ana Jet \u00dcss\u00fc&#8217;nden sa\u011fl\u0131k ve kurtarma ekipleri helikopterlerle hemen olay yerine ula\u015ft\u0131 ve yaral\u0131 pilotlara m\u00fcdahale etti.<\/p>\n<p style=\"text-align: justify;\"><strong>Yaral\u0131 pilot hastanede <\/strong><\/p>\n<p style=\"text-align: justify;\">A\u011f\u0131r yaral\u0131 Pilot Te\u011fmen Murat T\u00fcrkmen, sa\u011fl\u0131k ekibinin m\u00fcdahalesine ve uzun s\u00fcre kalp masaj\u0131 yapmas\u0131na kar\u015f\u0131n kurtar\u0131lamay\u0131p \u015fehit oldu. Hafif yaral\u0131 Pilot Y\u00fczba\u015f\u0131 U\u011fur Ayd\u0131n ise helikopterle Konya&#8217;ya getirilerek Sel\u00e7uk \u00dcniversitesi T\u0131p Fak\u00fcltesi Hastanesi&#8217;nde tedaviye al\u0131nd\u0131. Y\u00fczba\u015f\u0131 U\u011fur Ayd\u0131n daha sonra Hava Hastanesi&#8217;ne sevk edildi.<\/p>\n<p style=\"text-align: justify;\"><strong>TANIKLAR KAZAYI ANLATIYOR<\/strong><br \/>\n<strong>&#8220;Pilota uzun s\u00fcre kalp masaj\u0131 yapt\u0131lar&#8221;<\/strong>\n<\/p>\n<p style=\"text-align: justify;\">Olay yerine ilk gidenlerden Alt\u0131nekin Belediye Ba\u015fkan\u0131 AKP&#8217;li S\u0131rr\u0131 Ezdemir, g\u00f6rd\u00fcklerini anlatt\u0131: U\u00e7ak Ay\u0131\u015f\u0131\u011f\u0131 K\u00f6y\u00fc&#8217;n\u00fcn hemen yak\u0131n\u0131na d\u00fcz araziye d\u00fc\u015ft\u00fc. F\u0131rlatma koltu\u011fu ile atlarken a\u011f\u0131r yaralanan pilot te\u011fmene sa\u011fl\u0131k g\u00f6revlileri uzun s\u00fcre kalp masaj\u0131 yapt\u0131. U\u00e7ak tamamen yanm\u0131\u015f, par\u00e7alar\u0131 \u00e7ok b\u00fcy\u00fck bir alana yay\u0131lm\u0131\u015ft\u0131. \u0130ki pilot da f\u0131rlatma koltu\u011fu ile u\u00e7aktan atlamay\u0131 ba\u015farm\u0131\u015f. Ancak, biri ters d\u00fc\u015f\u00fcnce \u015fehit olmu\u015f. Helikopterle gelen askeri personel, uzun s\u00fcre pilota kalp masaj\u0131 yapt\u0131, kurtarmaya \u00e7al\u0131\u015ft\u0131. Di\u011fer pilot helikoptere y\u00fcr\u00fcyerek bindi.&#8221;<\/p>\n<p style=\"text-align: justify;\">K\u00f6yl\u00fclerden 30 ya\u015f\u0131ndaki \u0130smail Karao\u011flu, u\u00e7ak d\u00fc\u015fmeden \u00f6nce iki polutun da f\u0131rlatma koltu\u011fu ile atlad\u0131\u011f\u0131n\u0131 belirterek, &#8220;U\u00e7ak infilak etti. Yan\u0131na gitti\u011fimizde pilotun biri &#8216;Arkada\u015f\u0131m nerede&#8217; diye bak\u0131n\u0131yordu. Birlikte arkada\u015f\u0131n\u0131 arad\u0131k. Helikopterle gelen sa\u011fl\u0131k\u00e7\u0131lar kalp masaj\u0131 yapt\u0131. Ama kurtar\u0131lamad\u0131&#8221; dedi.<\/p>\n<p style=\"text-align: justify;\"><strong>&#8220;\u00d6len pilotun para\u015f\u00fct\u00fc yand\u0131&#8221; <\/strong><\/p>\n<p style=\"text-align: justify;\">Ay\u0131\u015f\u0131\u011f\u0131 K\u00f6y\u00fc Muhtar\u0131 Mehmet Yal\u00e7\u0131n da \u015funlar\u0131 anlatt\u0131: &#8220;U\u00e7a\u011f\u0131n d\u00fc\u015ft\u00fc\u011f\u00fcn\u00fc g\u00f6r\u00fcnce olay yerine ko\u015ftum. Yaral\u0131 pilot, babas\u0131na telefon a\u00e7t\u0131. \u0130yi oldu\u011funu s\u00f6yledi. Sonra komutanlar\u0131na kazay\u0131 haber verdi. \u00d6len pilotun para\u015f\u00fct\u00fc yanm\u0131\u015ft\u0131.&#8221;<\/p>\n<p style=\"text-align: justify;\"><strong>Genelkurmay: Kaza nedeni ara\u015ft\u0131r\u0131l\u0131yor<\/strong><\/p>\n<p style=\"text-align: justify;\">Genelkurmay Ba\u015fkanl\u0131\u011f\u0131, F-4 sava\u015f u\u00e7a\u011f\u0131n\u0131n Konya&#8217;da d\u00fc\u015fmesinin nedeninin kaza k\u0131r\u0131m heyeti incelemesi sonucunda a\u00e7\u0131kl\u0131\u011fa kavu\u015faca\u011f\u0131n\u0131 bildirdi. Genelkurmay&#8217;dan yap\u0131lan a\u00e7\u0131klamada, kazan\u0131n meydana geli\u015f nedeninin, kaza k\u0131r\u0131m heyeti incelemesi sonucunda a\u00e7\u0131kl\u0131\u011fa kavu\u015faca\u011f\u0131 kaydedildi. A\u00e7\u0131klamada, &#8220;\u015eehidimize Allah&#8217;tan rahmet, de\u011ferli ailesi, silah arkada\u015flar\u0131 ve Y\u00fcce Milletimize ba\u015fsa\u011fl\u0131\u011f\u0131, yaral\u0131 personelimize acil \u015fifalar dileriz&#8221; denildi.<\/p>\n<p style=\"text-align: justify;\"><span style=\"color: #888888;\">Kaynak : Vatan Gazetesi<\/span><\/p>\n","protected":false},"excerpt":{"rendered":"<p style=\"text-align: center;\">\n<p style=\"text-align: justify;\">Konya Ay\u0131\u015f\u0131\u011f\u0131 K\u00f6y\u00fc yak\u0131nlar\u0131nda askeri e\u011fitim u\u00e7a\u011f\u0131 d\u00fc\u015ft\u00fc. <\/p>\n<p style=\"text-align: justify;\">U\u00e7a\u011f\u0131 d\u00fc\u015fmeden saniyeler \u00f6nce f\u0131rlatma koltu\u011fu ile terkeden iki pilottan Hava Pilot Y\u00fczba\u015f\u0131 U\u011fur Ayd\u0131n yaral\u0131 kurtuldu, Hava Pilot Te\u011fmen Murat T\u00fcrkmen ise \u015fehit oldu.<\/p>\n<p style=\"text-align: justify;\">Konya&#8217;daki 3&#8217;\u00fcnc\u00fc Ana Jet \u00dcs Komutanl\u0131\u011f\u0131&#8217;ndan d\u00fcn \u00f6\u011fleden sonra e\u011fitim u\u00e7u\u015fu i\u00e7in <\/p>\n","protected":false},"author":1,"featured_media":0,"comment_status":"open","ping_status":"closed","sticky":false,"template":"","format":"standard","meta":{"footnotes":""},"categories":[105],"tags":[],"class_list":["post-5581","post","type-post","status-publish","format-standard","hentry","category-gundem","odd"],"_links":{"self":[{"href":"http:\/\/www.korhanyilmaz.com\/index.php?rest_route=\/wp\/v2\/posts\/5581","targetHints":{"allow":["GET"]}}],"collection":[{"href":"http:\/\/www.korhanyilmaz.com\/index.php?rest_route=\/wp\/v2\/posts"}],"about":[{"href":"http:\/\/www.korhanyilmaz.com\/index.php?rest_route=\/wp\/v2\/types\/post"}],"author":[{"embeddable":true,"href":"http:\/\/www.korhanyilmaz.com\/index.php?rest_route=\/wp\/v2\/users\/1"}],"replies":[{"embeddable":true,"href":"http:\/\/www.korhanyilmaz.com\/index.php?rest_route=%2Fwp%2Fv2%2Fcomments&post=5581"}],"version-history":[{"count":0,"href":"http:\/\/www.korhanyilmaz.com\/index.php?rest_route=\/wp\/v2\/posts\/5581\/revisions"}],"wp:attachment":[{"href":"http:\/\/www.korhanyilmaz.com\/index.php?rest_route=%2Fwp%2Fv2%2Fmedia&parent=5581"}],"wp:term":[{"taxonomy":"category","embeddable":true,"href":"http:\/\/www.korhanyilmaz.com\/index.php?rest_route=%2Fwp%2Fv2%2Fcategories&post=5581"},{"taxonomy":"post_tag","embeddable":true,"href":"http:\/\/www.korhanyilmaz.com\/index.php?rest_route=%2Fwp%2Fv2%2Ftags&post=5581"}],"curies":[{"name":"wp","href":"https:\/\/api.w.org\/{rel}","templated":true}]}}