{"id":5570,"date":"2009-03-18T08:28:45","date_gmt":"2009-03-18T06:28:45","guid":{"rendered":"http:\/\/www.korhanyilmaz.com\/?p=5570"},"modified":"2009-03-18T08:28:45","modified_gmt":"2009-03-18T06:28:45","slug":"akpliler-de-ceplerini-dusunuyor","status":"publish","type":"post","link":"http:\/\/www.korhanyilmaz.com\/?p=5570","title":{"rendered":"AKP&#039;liler de ceplerini d\u00fc\u015f\u00fcn\u00fcyor"},"content":{"rendered":"<p style=\"text-align: center;\"><img loading=\"lazy\" decoding=\"async\" class=\"aligncenter size-full wp-image-5572\" title=\" AKP'liler de ceplerini d\u00fc\u015f\u00fcn\u00fcyor \" src=\"http:\/\/www.korhanyilmaz.com\/wp-content\/uploads\/2009\/03\/1803200903203248901821.jpg\" alt=\"1803200903203248901821\" width=\"376\" height=\"187\" \/><\/p>\n<p style=\"text-align: center;\">\n<p style=\"text-align: justify;\">\n<p style=\"text-align: justify;\"><strong>Balbay&#8217;a atfedilen g\u00fcnl\u00fcklerde, eski M\u0130T M\u00fcste\u015far\u0131 \u015eenkal  Atasagun&#8217;a ili\u015fkin notlar da yer al\u0131yor.<\/strong><\/p>\n<p style=\"text-align: justify;\">G\u00fcnl\u00fckte Atasagun&#8217;un 30 May\u0131s 2003&#8217;te Cumhuriyet Gazetesi \u0130mtiyaz Sahibi ve Yay\u0131n Kurulu Ba\u015fkan\u0131 \u0130lhan Sel\u00e7uk, Genel Yay\u0131n Y\u00f6netmeni \u0130brahim Y\u0131ld\u0131z ve Mustafa Balbay&#8217;\u0131 \u00e7a\u011f\u0131rd\u0131\u011f\u0131 yemek \u015f\u00f6yle anlat\u0131l\u0131yor:<\/p>\n<p style=\"text-align: justify;\">&#8220;30 May\u0131s 2003 Cuma g\u00fcn\u00fc M\u0130T M\u00fcste\u015farl\u0131\u011f\u0131nda yemek&#8230; G\u00fczel bir salon. Alman kurdu k\u00f6pekleri arada dola\u015f\u0131yor. Koklay\u0131p gidiyor. Tablolar da deniz, ada, yar\u0131mada a\u011f\u0131rl\u0131kl\u0131. G\u00fczel biblolar vard\u0131&#8230; <!--more-->\u0130ki tane b\u00fcy\u00fck benjamin salonu s\u00fcsl\u00fcyordu. A\u011fa\u00e7 gibiydiler. Beyaz koltuklara oturduk. \u0130\u00e7ecekler s\u00f6ylendi. Daha birka\u00e7 dakika ge\u00e7meden \u015eA (\u015eenkal Atasagun) konuya girdi: Efendim bizim sizi \u00e7a\u011f\u0131rma, g\u00f6r\u00fc\u015fme nedenimiz haz\u0131rlanmakta olan yeni yasa. Buna pi\u015fmanl\u0131k yasas\u0131 ad\u0131n\u0131 takt\u0131lar ama, \u00f6yle adland\u0131rmak istemiyoruz&#8230; Burada endi\u015femiz, \u015fehit analar\u0131 ve benzer kesimlerin tepkisi. \u0130\u015fte bu noktada medyaya gereksinmemiz var&#8230;&#8221;<\/p>\n<p style=\"text-align: justify;\"><strong>&#8216;AKP de cebini d\u00fc\u015f\u00fcn\u00fcyor&#8217;<\/strong><\/p>\n<p style=\"text-align: justify;\">G\u00fcnl\u00fckte \u0130lhan Sel\u00e7uk burada s\u00f6ze giriyor ve &#8216;irtica&#8217; endi\u015felerini dile getiriyor. Atasagun&#8217;un buna cevab\u0131 \u015f\u00f6yle oluyor: &#8220;Bunlar\u0131 biz tan\u0131yoruz. \u0130nan\u0131n bunlar da \u00f6ncekilerden farkl\u0131 de\u011fil, \u00f6nce kendilerini, ceplerini d\u00fc\u015f\u00fcn\u00fcyorlar&#8230; Bana g\u00f6re laiklik tehlikesine kar\u015f\u0131 en b\u00fcy\u00fck g\u00fcvence T\u00fcrk Silahl\u0131 Kuvvetleri&#8230; Cumhuriyet&#8217;in man\u015feti (&#8216;Gen\u00e7 subaylar rahats\u0131z&#8217; haberi) \u00e7ok etkili oldu. Bu haber ba\u015fka yerde \u00e7\u0131ksa ba\u015fka de\u011ferde olur, bir de sizin imzan\u0131z var&#8230; Kayna\u011f\u0131n\u0131z ne bilmiyorum ama, \u00f6nemli olmal\u0131&#8230; E\u011fer mektuplarsa bize de geliyor. \u0130stanbul&#8217;dan birinci ordudan geliyor. Oraya baksan birinci orduda her \u015fey haz\u0131r, ihtilale haz\u0131rlan\u0131yorlar&#8230;&#8221;<\/p>\n<p style=\"text-align: justify;\"><span style=\"color: #888888;\">Kaynak : Vatan Gazetesi<\/span><\/p>\n","protected":false},"excerpt":{"rendered":"<p style=\"text-align: center;\">\n<p style=\"text-align: center;\">\n<p style=\"text-align: justify;\">\n<p style=\"text-align: justify;\">Balbay&#8217;a atfedilen g\u00fcnl\u00fcklerde, eski M\u0130T M\u00fcste\u015far\u0131 \u015eenkal Atasagun&#8217;a ili\u015fkin notlar da yer al\u0131yor.<\/p>\n<p style=\"text-align: justify;\">G\u00fcnl\u00fckte Atasagun&#8217;un 30 May\u0131s 2003&#8217;te Cumhuriyet Gazetesi \u0130mtiyaz Sahibi ve Yay\u0131n Kurulu Ba\u015fkan\u0131 \u0130lhan Sel\u00e7uk, Genel Yay\u0131n Y\u00f6netmeni \u0130brahim Y\u0131ld\u0131z ve Mustafa Balbay&#8217;\u0131 \u00e7a\u011f\u0131rd\u0131\u011f\u0131 yemek \u015f\u00f6yle anlat\u0131l\u0131yor:<\/p>\n<p style=\"text-align:  \n\n","protected":false},"author":1,"featured_media":0,"comment_status":"open","ping_status":"closed","sticky":false,"template":"","format":"standard","meta":{"footnotes":""},"categories":[105],"tags":[],"class_list":["post-5570","post","type-post","status-publish","format-standard","hentry","category-gundem","odd"],"_links":{"self":[{"href":"http:\/\/www.korhanyilmaz.com\/index.php?rest_route=\/wp\/v2\/posts\/5570","targetHints":{"allow":["GET"]}}],"collection":[{"href":"http:\/\/www.korhanyilmaz.com\/index.php?rest_route=\/wp\/v2\/posts"}],"about":[{"href":"http:\/\/www.korhanyilmaz.com\/index.php?rest_route=\/wp\/v2\/types\/post"}],"author":[{"embeddable":true,"href":"http:\/\/www.korhanyilmaz.com\/index.php?rest_route=\/wp\/v2\/users\/1"}],"replies":[{"embeddable":true,"href":"http:\/\/www.korhanyilmaz.com\/index.php?rest_route=%2Fwp%2Fv2%2Fcomments&post=5570"}],"version-history":[{"count":0,"href":"http:\/\/www.korhanyilmaz.com\/index.php?rest_route=\/wp\/v2\/posts\/5570\/revisions"}],"wp:attachment":[{"href":"http:\/\/www.korhanyilmaz.com\/index.php?rest_route=%2Fwp%2Fv2%2Fmedia&parent=5570"}],"wp:term":[{"taxonomy":"category","embeddable":true,"href":"http:\/\/www.korhanyilmaz.com\/index.php?rest_route=%2Fwp%2Fv2%2Fcategories&post=5570"},{"taxonomy":"post_tag","embeddable":true,"href":"http:\/\/www.korhanyilmaz.com\/index.php?rest_route=%2Fwp%2Fv2%2Ftags&post=5570"}],"curies":[{"name":"wp","href":"https:\/\/api.w.org\/{rel}","templated":true}]}}