{"id":5566,"date":"2009-03-17T12:52:41","date_gmt":"2009-03-17T10:52:41","guid":{"rendered":"http:\/\/www.korhanyilmaz.com\/?p=5566"},"modified":"2009-03-17T12:52:41","modified_gmt":"2009-03-17T10:52:41","slug":"canli-yayinda-akp-isyani","status":"publish","type":"post","link":"http:\/\/www.korhanyilmaz.com\/?p=5566","title":{"rendered":"Canl\u0131 yay\u0131nda AKP isyan\u0131"},"content":{"rendered":"<p style=\"text-align: center;\"><img loading=\"lazy\" decoding=\"async\" class=\"aligncenter size-full wp-image-5567\" title=\"Canl\u0131 yay\u0131nda AKP isyan\u0131 \" src=\"http:\/\/www.korhanyilmaz.com\/wp-content\/uploads\/2009\/03\/170320091523096940499.jpg\" alt=\"Canl\u0131 yay\u0131nda AKP isyan\u0131 \" width=\"376\" height=\"240\" \/><\/p>\n<p style=\"text-align: justify;\"><strong>Erbil ilk kez siyasete bula\u015ft\u0131, iktidara isyan etti. &#8220;Bunlar her \u015feyi kendilerine yontuyor. Siz b\u00f6yle koyun gibi olursan\u0131z tek parti d\u00f6nemine d\u00f6neriz valla ona g\u00f6re!&#8221;<\/strong><\/p>\n<p style=\"text-align: justify;\">Mehmet Ali Erbil, d\u00fcn ak\u015fam Fox Tv&#8217;de canl\u0131 olarak yay\u0131nlanan \u00c7ark\u0131felek program\u0131nda \u015fa\u015f\u0131rtt\u0131. Bug\u00fcne kadar siyasi taraf\u0131n\u0131 hi\u00e7 belli etmeyen Erbil ilk kez iktidara isyan etti. &#8220;Bunlar her \u015feyi kendilerine yontuyor. Tek partili d\u00f6neme mi d\u00f6nece\u011fiz acaba? Yaa siz b\u00f6yle koyun gibi olursan\u0131z d\u00f6neriz valla ona g\u00f6re. Bunlar\u0131 da kimse size s\u00f6yleyemez, s\u0131kar biraz. \u00dclkeyi zor g\u00fcnler bekliyor&#8221; dedi. <!--more--><\/p>\n<p style=\"text-align: justify;\"><strong>\u0130DO&#8217;DA \u0130KT\u0130DAR YANLISI KANAL <\/strong><\/p>\n<p style=\"text-align: justify;\">Mehmet Ali Erbil&#8217;in isyan\u0131 Bursa&#8217;ya giderken ya\u015fad\u0131klar\u0131 y\u00fcz\u00fcndendi. Ailecek hafta sonu Uluda\u011f&#8217;a \u00e7\u0131kmaya karar veren Erbil&#8217;ler \u0130DO&#8217;ya biniyor&#8230; \u0130lk olarak dikkatini feribotta yay\u0131n yapan kanala tak\u0131l\u0131yor. Bu sinirini de canl\u0131 yay\u0131nda seyircileriyle payla\u015f\u0131yor: &#8220;\u0130DO iktidar\u0131n \u0130DO&#8217;su ya!.. Bir tek iktidar yanl\u0131s\u0131 Kanal 24 yay\u0131nlan\u0131yor&#8230; &#8221; diye isyan ettikten sonra &#8220;TRT&#8217;ye bile raz\u0131yd\u0131k ama o da yok&#8221; diyor.<\/p>\n<p style=\"text-align: justify;\"><strong>HAN\u0130 \u0130NSAN HAKLARIYDI? <\/strong><\/p>\n<p style=\"text-align: justify;\">Televizyondan ba\u015f\u0131n\u0131 kald\u0131r\u0131p \u00e7evresine bakt\u0131\u011f\u0131nda feribotun hala yola \u00e7\u0131kmad\u0131\u011f\u0131n\u0131 g\u00f6r\u00fcyor Erbil&#8230; Feribot 20 dakika ge\u00e7 kalk\u0131yor. Mehmet Ali Erbil bu&#8230; A\u011fz\u0131na geleni tutabilir mi? Bu gecikmenin nedenini canl\u0131 yay\u0131nda a\u00e7\u0131klay\u0131veriyor:<\/p>\n<p style=\"text-align: justify;\">&#8220;Bir de karde\u015fim bindik. Be\u015f bu\u00e7ukta kalkacak. \u0130DO se\u00e7im otob\u00fcs\u00fcn\u00fc bekledi 20 dakika ge\u00e7 kalkt\u0131. Ak Parti se\u00e7im otob\u00fcs\u00fcn\u00fc bekledi 20 dk. Hani \u00e7o\u011fulcu demokrasiydi? Hani insan haklar\u0131yd\u0131? Bunlar kendilerine gelince yontuyorlar. MHP&#8217;nin otob\u00fcs\u00fcn\u00fc bekler miydi o \u0130DO? Bekler miydi? Size soruyorum.<\/p>\n<p style=\"text-align: justify;\"><strong> KOYUN G\u0130B\u0130 OLURSANIZ&#8230;<\/strong><\/p>\n<p style=\"text-align: justify;\">Of of! Bunlar k\u00fc\u00e7\u00fck \u015feyler ama bunlar mide buland\u0131ran \u015feyler arkada\u015flar. Tek partili d\u00f6neme mi d\u00f6nece\u011fiz acaba? Yaa siz b\u00f6yle koyun gibi olursan\u0131z d\u00f6neriz valla ona g\u00f6re. Bunlar\u0131 da herkes s\u00f6yleyemez yani s\u0131kar biraz yani s\u0131kar s\u0131kar. Ama biz kendimizi biliyoruz karde\u015fim. Kanunlara sayg\u0131l\u0131y\u0131z. Allah&#8217;tan korkar\u0131z.<\/p>\n<p style=\"text-align: justify;\"><strong>\u00c7OK ZOR G\u00dcNLER BEKL\u0130YOR \u00dcLKEY\u0130 <\/strong><\/p>\n<p style=\"text-align: justify;\">\u00d6nemli olan herkesin bu duygular i\u00e7inde olmas\u0131. Kanunlara sayg\u0131l\u0131 olacaks\u0131n. Ba\u015fkalar\u0131n\u0131n haklar\u0131na sayg\u0131l\u0131 olacaks\u0131n ama maalesef i\u015fte. \u00c7ok zor g\u00fcnler bekliyor \u00fclkeyi.&#8221;<\/p>\n<p style=\"text-align: justify;\"><span style=\"color: #888888;\">Kaynak : Vatan Gazetesi<\/span><\/p>\n","protected":false},"excerpt":{"rendered":"<p style=\"text-align: center;\">\n<p style=\"text-align: justify;\">Erbil ilk kez siyasete bula\u015ft\u0131, iktidara isyan etti. &#8220;Bunlar her \u015feyi kendilerine yontuyor. Siz b\u00f6yle koyun gibi olursan\u0131z tek parti d\u00f6nemine d\u00f6neriz valla ona g\u00f6re!&#8221;<\/p>\n<p style=\"text-align: justify;\">Mehmet Ali Erbil, d\u00fcn ak\u015fam Fox Tv&#8217;de canl\u0131 olarak yay\u0131nlanan \u00c7ark\u0131felek program\u0131nda \u015fa\u015f\u0131rtt\u0131. Bug\u00fcne kadar siyasi taraf\u0131n\u0131 hi\u00e7 belli etmeyen Erbil ilk kez <\/p>\n","protected":false},"author":1,"featured_media":0,"comment_status":"open","ping_status":"closed","sticky":false,"template":"","format":"standard","meta":{"footnotes":""},"categories":[7],"tags":[],"class_list":["post-5566","post","type-post","status-publish","format-standard","hentry","category-ekonomi","odd"],"_links":{"self":[{"href":"http:\/\/www.korhanyilmaz.com\/index.php?rest_route=\/wp\/v2\/posts\/5566","targetHints":{"allow":["GET"]}}],"collection":[{"href":"http:\/\/www.korhanyilmaz.com\/index.php?rest_route=\/wp\/v2\/posts"}],"about":[{"href":"http:\/\/www.korhanyilmaz.com\/index.php?rest_route=\/wp\/v2\/types\/post"}],"author":[{"embeddable":true,"href":"http:\/\/www.korhanyilmaz.com\/index.php?rest_route=\/wp\/v2\/users\/1"}],"replies":[{"embeddable":true,"href":"http:\/\/www.korhanyilmaz.com\/index.php?rest_route=%2Fwp%2Fv2%2Fcomments&post=5566"}],"version-history":[{"count":0,"href":"http:\/\/www.korhanyilmaz.com\/index.php?rest_route=\/wp\/v2\/posts\/5566\/revisions"}],"wp:attachment":[{"href":"http:\/\/www.korhanyilmaz.com\/index.php?rest_route=%2Fwp%2Fv2%2Fmedia&parent=5566"}],"wp:term":[{"taxonomy":"category","embeddable":true,"href":"http:\/\/www.korhanyilmaz.com\/index.php?rest_route=%2Fwp%2Fv2%2Fcategories&post=5566"},{"taxonomy":"post_tag","embeddable":true,"href":"http:\/\/www.korhanyilmaz.com\/index.php?rest_route=%2Fwp%2Fv2%2Ftags&post=5566"}],"curies":[{"name":"wp","href":"https:\/\/api.w.org\/{rel}","templated":true}]}}