{"id":5560,"date":"2009-03-18T08:20:11","date_gmt":"2009-03-18T06:20:11","guid":{"rendered":"http:\/\/www.korhanyilmaz.com\/?p=5560"},"modified":"2009-03-18T08:20:11","modified_gmt":"2009-03-18T06:20:11","slug":"iste-sulukule%e2%80%99nin-rantsal-donusumu","status":"publish","type":"post","link":"http:\/\/www.korhanyilmaz.com\/?p=5560","title":{"rendered":"\u0130\u015fte Sulukule\u2019nin rantsal d\u00f6n\u00fc\u015f\u00fcm\u00fc"},"content":{"rendered":"<p style=\"text-align: justify;\"><img loading=\"lazy\" decoding=\"async\" class=\"aligncenter size-full wp-image-5561\" title=\"\u0130\u015fte Sulukule\u2019nin rantsal d\u00f6n\u00fc\u015f\u00fcm\u00fc \" src=\"http:\/\/www.korhanyilmaz.com\/wp-content\/uploads\/2009\/03\/180320090356013825625.jpg\" alt=\"180320090356013825625\" width=\"376\" height=\"240\" \/><strong><\/strong><\/p>\n<p style=\"text-align: justify;\"><strong>Sulukule&#8217;deki kentsel d\u00f6n\u00fc\u015f\u00fcm\u00fcn rantsal d\u00f6n\u00fc\u015f\u00fcme d\u00f6nd\u00fc\u011f\u00fc ortaya \u00e7\u0131kt\u0131. \u0130simler ise yine \u00e7ok tan\u0131d\u0131k&#8230;<\/strong><\/p>\n<p style=\"text-align: justify;\">AKP&#8217;li Fatih Belediyesi&#8217;nin Sulukule&#8217;de kentsel d\u00f6n\u00fc\u015f\u00fcm \u00e7er\u00e7evesinde kamula\u015ft\u0131rma ve y\u0131k\u0131m karar\u0131 al\u0131nmas\u0131 sonras\u0131, iki mahalledeki konutlar\u0131n y\u00fczde 50&#8217;si el de\u011fi\u015ftirdi. &#8216;Romanlar&#8217; bor\u00e7land\u0131r\u0131l\u0131p TOK\u0130&#8217;nin yapt\u0131\u011f\u0131 dairelere ta\u015f\u0131n\u0131rken, ba\u015fkan dan\u0131\u015fman\u0131 ve baz\u0131 arac\u0131lar, de\u011ferleri katlanacak daireleri, belediyenin g\u00f6sterdi\u011fi emsal fiyat\u0131n biraz \u00fczerinden, \u00fc\u00e7\u00fcnc\u00fc ki\u015filer ad\u0131na toplamaya ba\u015flad\u0131.<\/p>\n<p style=\"text-align: justify;\">UNESCO&#8217;nun b\u00f6lgeye heyet g\u00f6nderip, &#8220;Proje bu \u015fekliyle devam ederse, \u0130stanbul, D\u00fcnya K\u00fclt\u00fcr Miras\u0131 listesinden \u00e7\u0131kar\u0131labilir&#8221; a\u00e7\u0131klamas\u0131 yapt\u0131\u011f\u0131 Sulukule&#8217;de, ba\u015fta hakk\u0131nda dava a\u00e7\u0131lan Deniz Feneri noteri \u0130smet B\u00fcy\u00fckk\u0131l\u0131\u00e7 olmak \u00fczere bir milletvekilinin o\u011flu, AKP&#8217;li meclis \u00fcyeleri ve tarikat lideri Mahmut Hoca&#8217;n\u0131n konut ald\u0131\u011f\u0131 ortaya \u00e7\u0131kt\u0131.<\/p>\n<p style=\"text-align: justify;\"><!--more--><\/p>\n<p style=\"text-align: justify;\">AKP\u2019liler ve Mahmut Hoca\u2019n\u0131n, proje dahilindeki konutlar\u0131 ilk sahiplerinin istimlak korkusuyla elden \u00e7\u0131kard\u0131klar\u0131 d\u00f6nemde, 2007 ve 2008 y\u0131llar\u0131nda sat\u0131n al\u0131p, belediye ile s\u00f6zle\u015fme imzalad\u0131klar\u0131 anla\u015f\u0131ld\u0131.<\/p>\n<p style=\"text-align: justify;\">Sab\u0131k \u0130stanbul 10. Noteri B\u00fcy\u00fckk\u0131l\u0131\u00e7\u2019\u0131n da iki konutu, hakk\u0131nda su\u00e7lamalar ayyuka \u00e7\u0131kt\u0131\u011f\u0131 d\u00f6nemde, Temmuz-A\u011fustos 2008 tarihlerinde sat\u0131n ald\u0131\u011f\u0131, bas\u0131na yans\u0131yan mal beyan\u0131nda bu konutlar\u0131n g\u00f6r\u00fcnmedi\u011fi ortaya \u00e7\u0131kt\u0131.<\/p>\n<p style=\"text-align: justify;\"><strong>\u0130ki koca mahallenin yar\u0131s\u0131 el de\u011fi\u015ftirdi<\/strong><\/p>\n<p style=\"text-align: justify;\">Sulukule\u2019de \u0130BB, Fatih Belediyesi ve TOK\u0130\u2019nin ortak y\u00fcr\u00fctt\u00fc\u011f\u00fc Nesli\u015fah ve Hatice Sultan Mahalleleri Kentsel Yenileme Projesi\u2019ne g\u00f6re geleneksel T\u00fcrk mimarisine uygun, 45\u2019i d\u00fckkan, 665 konut in\u015fa edilecek. Sulukule olarak bilinen iki mahalledeki konutlar\u0131n y\u00fczde 50\u2019sinin, Fatih Belediye Ba\u015fkan dan\u0131\u015fman\u0131 olarak kentsel yenileme alanlar\u0131ndaki istimlak \u00e7al\u0131\u015fmalar\u0131n\u0131 y\u00fcr\u00fcten Mustafa \u00c7ift\u00e7i ve baz\u0131 arac\u0131lar\u0131n devreye girmesiyle el de\u011fi\u015ftirdi\u011fi bildirildi.<\/p>\n<p style=\"text-align: justify;\">Belediyenin Sulukule\u2019ye ilgisi, 2004 yerel se\u00e7imlerinin ard\u0131ndan ba\u015flad\u0131. Belediye g\u00f6revlileri, Sulukule olarak bilinen Nesli\u015fah ve Hatice Sultan mahallelerinde kentsel d\u00f6n\u00fc\u015f\u00fcm \u00e7er\u00e7evesinde kamula\u015ft\u0131rma ve y\u0131k\u0131m yap\u0131laca\u011f\u0131 bilgisini yayarak tespitler yapmaya ba\u015flad\u0131.<\/p>\n<p style=\"text-align: justify;\"><strong>Sivil toplum \u00f6rg\u00fctleri d\u00f6rt ayr\u0131 dava a\u00e7t\u0131<\/strong><\/p>\n<p style=\"text-align: justify;\">Ard\u0131ndan Fatih Belediye Ba\u015fkan dan\u0131\u015fman\u0131 Mustafa \u00c7ift\u00e7i ve baz\u0131 arac\u0131lar devreye girerek, aralar\u0131nda 300 y\u0131ll\u0131k Osmanl\u0131 tapular\u0131n\u0131n sahiplerinin de bulundu\u011fu Romanlardan ellerindeki gayrimenkulleri belediye ve \u00fc\u00e7\u00fcnc\u00fc ki\u015filer ad\u0131na almaya ba\u015flad\u0131. Fatih Belediyesi mevcut evlerin metrekaresine 500 lira bedel bi\u00e7ip \u00fcstelik bu \u00f6demeyi de 5 y\u0131la yay\u0131nca, \u00fc\u00e7\u00fcnc\u00fc ki\u015filer verilen fiyat\u0131n biraz \u00fcst\u00fcnde gayrimenkulleri toplamaya 3 y\u0131l boyunca devam etti.<\/p>\n<p style=\"text-align: justify;\">Kirada oturan Romanlar Ta\u015foluk\u2019taki TOK\u0130 konutlar\u0131na bor\u00e7land\u0131r\u0131larak yerle\u015ftirildi, ard\u0131ndan Sulukule\u2019de halen s\u00fcren y\u0131k\u0131mlar ba\u015flad\u0131. Nesli\u015fah ve Hatice Sultan Mahalleleri Kentsel Yenileme Projesi \u00e7er\u00e7evesinde TOK\u0130\u2019nin 665 konut in\u015fa edece\u011fi a\u00e7\u0131kland\u0131. Bu s\u00fcre\u00e7te Roman vatanda\u015flardan ev ve arsa alanlar Sulukule 1. etapta yer alan 339 konut i\u00e7in s\u00f6zle\u015fmeler imzalad\u0131. Sivil toplum \u00f6rg\u00fctlerinin kar\u015f\u0131 \u00e7\u0131kt\u0131\u011f\u0131 projeyle ilgili Fatih Belediyesi\u2019nde CHP grubu ve baz\u0131 AKP\u2019li meclis \u00fcyeleri, &#8220;rantsal d\u00f6n\u00fc\u015f\u00fcm var&#8221; itiraz\u0131nda bulundu. Projenin iptali i\u00e7in \u0130stabul Mimarlar Odas\u0131, \u015eehir Planc\u0131lar Odas\u0131 ve bir sivil toplum \u00f6rg\u00fct\u00fc taraf\u0131ndan 4 ayr\u0131 dava a\u00e7\u0131ld\u0131.<\/p>\n<p style=\"text-align: justify;\"><strong>Ret oyu verenler disiplinde uyar\u0131ld\u0131<\/strong><\/p>\n<p style=\"text-align: justify;\">AKP\u2019li meclis \u00fcyeleri Sibel Musao\u011flu, Cemal Merdan, Kadir \u00d6zdemir projeye ret oyu verince grup karar\u0131na ayk\u0131r\u0131 davranmaktan disipline verilip uyar\u0131ld\u0131.<\/p>\n<p style=\"text-align: justify;\">AKP\u2019 Fatih kurucu \u00fcyesi Recep Karao\u011flu Sulukule 1. etaptan a\u00e7\u0131k ad\u0131yla konut al\u0131nca &#8220;etik de\u011fil&#8221; denilerek ihra\u00e7 edilmek istendi, istifa etti. Karao\u011flu istifa mektubunda, her vatanda\u015f gibi m\u00fclk edinme hakk\u0131 bulundu\u011funu belirterek, istifa i\u00e7in bask\u0131 yapan AKP Fatih il\u00e7e ba\u015fkan\u0131 ile Sulukule projesinde yer ald\u0131\u011f\u0131n\u0131 \u00f6ne s\u00fcrd\u00fc\u011f\u00fc partilileri de ayn\u0131 \u015fekilde istifaya \u00e7a\u011f\u0131rd\u0131.<\/p>\n<p style=\"text-align: justify;\"><strong>\u2019Onlar cahil, siz kurnazs\u0131n\u0131z\u2019<\/strong><\/p>\n<p style=\"text-align: justify;\">GE\u00c7EN ay AKP\u2019den istifa eden Fatih Belediye meclis \u00fcyesi Yakup Karo\u011flu, meclis tutanaklar\u0131na da ge\u00e7en konu\u015fmas\u0131nda Sulukule projesiyle ilgili \u015funlar\u0131 s\u00f6yledi: &#8220;Fatih\u2019te pek \u00e7ok proje ba\u015ftan sona gizli yap\u0131ld\u0131. Sulukule bunlardan biri. Hi\u00e7birimizin haberi olmad\u0131. Belediye ba\u015fkan\u0131 Sulukule ile ilgili bir sunum yapt\u0131; i\u015fte y\u00fczde 1\u2019i \u00e7alg\u0131c\u0131, zurnac\u0131, y\u00fczde 47\u2019si ilkokul mezunu bile de\u011fil dediler. Cahil insanlar demek istiyor. Do\u011frudur o insanlar sizin nezrinizde cahil ama siz de \u00e7ok kurnazs\u0131n\u0131z. Kentsel d\u00f6n\u00fc\u015f\u00fcm\u00fcn seyrine bakt\u0131\u011f\u0131m\u0131zda, b\u00f6lgedeki hak sahiplerinin y\u00fczde 50\u2019si el de\u011fi\u015ftirmi\u015f, Sulukule rant kap\u0131s\u0131 olmu\u015ftur. Endi\u015fem \u015fu; yar\u0131n oralarda meskenler yap\u0131lacak, kimler oturacak, beddualar alac\u0131\u011f\u0131z. Ba\u015fkalar\u0131 da diyecek ki \u2019falan \u015fah\u0131s da bak\u0131n orada oturuyor, Allah belas\u0131n\u0131 versin\u2019 diyecek.&#8221;<\/p>\n<p style=\"text-align: justify;\"><span style=\"color: #888888;\">Kaynak : H\u00fcrriyet Gazetesi<\/span><\/p>\n","protected":false},"excerpt":{"rendered":"<p style=\"text-align: justify;\">\n<p style=\"text-align: justify;\">Sulukule&#8217;deki kentsel d\u00f6n\u00fc\u015f\u00fcm\u00fcn rantsal d\u00f6n\u00fc\u015f\u00fcme d\u00f6nd\u00fc\u011f\u00fc ortaya \u00e7\u0131kt\u0131. \u0130simler ise yine \u00e7ok tan\u0131d\u0131k&#8230;<\/p>\n<p style=\"text-align: justify;\">AKP&#8217;li Fatih Belediyesi&#8217;nin Sulukule&#8217;de kentsel d\u00f6n\u00fc\u015f\u00fcm \u00e7er\u00e7evesinde kamula\u015ft\u0131rma ve y\u0131k\u0131m karar\u0131 al\u0131nmas\u0131 sonras\u0131, iki mahalledeki konutlar\u0131n y\u00fczde 50&#8217;si el de\u011fi\u015ftirdi. &#8216;Romanlar&#8217; bor\u00e7land\u0131r\u0131l\u0131p TOK\u0130&#8217;nin yapt\u0131\u011f\u0131 dairelere ta\u015f\u0131n\u0131rken, ba\u015fkan dan\u0131\u015fman\u0131 ve baz\u0131 arac\u0131lar, de\u011ferleri katlanacak daireleri, belediyenin <\/p>\n","protected":false},"author":1,"featured_media":0,"comment_status":"open","ping_status":"closed","sticky":false,"template":"","format":"standard","meta":{"footnotes":""},"categories":[105],"tags":[],"class_list":["post-5560","post","type-post","status-publish","format-standard","hentry","category-gundem","odd"],"_links":{"self":[{"href":"http:\/\/www.korhanyilmaz.com\/index.php?rest_route=\/wp\/v2\/posts\/5560","targetHints":{"allow":["GET"]}}],"collection":[{"href":"http:\/\/www.korhanyilmaz.com\/index.php?rest_route=\/wp\/v2\/posts"}],"about":[{"href":"http:\/\/www.korhanyilmaz.com\/index.php?rest_route=\/wp\/v2\/types\/post"}],"author":[{"embeddable":true,"href":"http:\/\/www.korhanyilmaz.com\/index.php?rest_route=\/wp\/v2\/users\/1"}],"replies":[{"embeddable":true,"href":"http:\/\/www.korhanyilmaz.com\/index.php?rest_route=%2Fwp%2Fv2%2Fcomments&post=5560"}],"version-history":[{"count":0,"href":"http:\/\/www.korhanyilmaz.com\/index.php?rest_route=\/wp\/v2\/posts\/5560\/revisions"}],"wp:attachment":[{"href":"http:\/\/www.korhanyilmaz.com\/index.php?rest_route=%2Fwp%2Fv2%2Fmedia&parent=5560"}],"wp:term":[{"taxonomy":"category","embeddable":true,"href":"http:\/\/www.korhanyilmaz.com\/index.php?rest_route=%2Fwp%2Fv2%2Fcategories&post=5560"},{"taxonomy":"post_tag","embeddable":true,"href":"http:\/\/www.korhanyilmaz.com\/index.php?rest_route=%2Fwp%2Fv2%2Ftags&post=5560"}],"curies":[{"name":"wp","href":"https:\/\/api.w.org\/{rel}","templated":true}]}}