{"id":55594,"date":"2012-09-17T09:40:03","date_gmt":"2012-09-17T06:40:03","guid":{"rendered":"http:\/\/www.korhanyilmaz.com\/?p=55594"},"modified":"2012-09-19T07:58:33","modified_gmt":"2012-09-19T04:58:33","slug":"hatay-ayakta-basin-uykuda","status":"publish","type":"post","link":"http:\/\/www.korhanyilmaz.com\/?p=55594","title":{"rendered":"Hatay ayakta, bas\u0131n uykuda!"},"content":{"rendered":"<p style=\"text-align: center;\"><a href=\"http:\/\/www.korhanyilmaz.com\/wp-content\/uploads\/2012\/09\/H815.jpg\"  class=\"lightview\"><img loading=\"lazy\" decoding=\"async\" class=\"aligncenter  wp-image-55598\" src=\"http:\/\/www.korhanyilmaz.com\/wp-content\/uploads\/2012\/09\/H815.jpg\" alt=\"\" width=\"392\" height=\"175\" \/><\/a><\/p>\n<p style=\"text-align: justify;\">D\u00fcn Antakya\u2019da d\u00fczenlenen \u201cT\u00fcrkiye-Suriye Karde\u015flik Bulu\u015fmas\u0131\u201d polisin \u00e7ok sert m\u00fcdahalesine sahne oldu. Gece boyu devam eden polis sald\u0131r\u0131s\u0131 ve halk\u0131n tepkisi kar\u015f\u0131s\u0131nda ana ak\u0131m bas\u0131n\u0131n tavr\u0131 yine \u201csessizlik\u201d oldu.<\/p>\n<p style=\"text-align: justify;\">D\u00fcn Antakya\u2019da \u0130\u015f\u00e7i Partisi\u2019nin \u00e7a\u011fr\u0131s\u0131 \u00fczerine d\u00fczenlenmek istenen \u201cT\u00fcrkiye-Suriye Karde\u015flik Bulu\u015fmas\u0131\u201d polisin sert m\u00fcdahalesine sahne oldu. Daha \u00f6nce Hatay Valili\u011fi taraf\u0131ndan yasaklanan eylem, buna ra\u011fmen geni\u015f bir kat\u0131l\u0131mla ger\u00e7ekle\u015fti. Polisin kitlenin toplanamamas\u0131 i\u00e7in bas\u0131n a\u00e7\u0131klamas\u0131n\u0131n yap\u0131laca\u011f\u0131 Antakya Do\u011fu\u015f Okullar\u0131 \u00f6n\u00fcne giri\u015fleri bloke etmesi \u00fczerine, kentin d\u00f6rt bir yan\u0131 eylem alan\u0131na d\u00f6nd\u00fc.<!--more--><\/p>\n<p style=\"text-align: justify;\"><strong>Bas\u0131n ya\u015fananlara g\u00f6zlerini yumdu<\/strong><\/p>\n<p style=\"text-align: justify;\">Eylemler ve polis m\u00fcdahalesine y\u00f6nelik tepki gece boyunca da devam etti. H\u00fck\u00fcmetin Suriye\u2019ye y\u00f6nelik politikalar\u0131n\u0131 protesto eden halk, \u201cAKP elini Suriye\u2019den \u00e7ek\u201d, \u201cSuriye-T\u00fcrkiye karde\u015ftir\u201d, \u201ckatil polis hesap verecek\u201d sloganlar\u0131yla m\u00fcdahaleleri, ya\u015fanan g\u00f6zalt\u0131lar\u0131 ve h\u00fck\u00fcmetin Suriye\u2019ye ili\u015fkin politikas\u0131n\u0131 yo\u011fun bir \u015fekilde protesto etti. Halk, Armutlu, S\u00fcmer ve Akdeniz mahallelerinde barikat kurarak polise direnmeye \u00e7al\u0131\u015ft\u0131.<\/p>\n<p style=\"text-align: justify;\">\u00d6zellikle son aylarda \u00fclke g\u00fcndeminden d\u00fc\u015fmeyen ve s\u0131k s\u0131k bas\u0131nda yer bulan Hatay, d\u00fcn b\u00f6ylesine hareketli saatler ge\u00e7irmi\u015f olmas\u0131na kar\u015f\u0131n ana ak\u0131m bas\u0131nda ya\u015fanan olaylarla ilgili tek bir s\u00f6z\u00fcn dahi edilmemesi dikkat \u00e7ekti. D\u00fcn \u00f6\u011flen saatlerinde ba\u015flayan ve gece boyunca s\u00fcren eylem ve \u00e7at\u0131\u015fmalar, bug\u00fcn egemen bas\u0131n\u0131n \u00f6n sayfalar\u0131nda yer bulamad\u0131.<\/p>\n<p style=\"text-align: center;\"><a href=\"http:\/\/www.korhanyilmaz.com\/wp-content\/uploads\/2012\/09\/H816.jpg\"  class=\"lightview\"><img loading=\"lazy\" decoding=\"async\" class=\"aligncenter  wp-image-55595\" src=\"http:\/\/www.korhanyilmaz.com\/wp-content\/uploads\/2012\/09\/H816.jpg\" alt=\"\" width=\"597\" height=\"268\" \/><\/a><\/p>\n<p style=\"text-align: justify;\">H\u00fcrriyet gazetesi bug\u00fcn Ba\u015fbakan Erdo\u011fan\u2019\u0131n T\u00dcS\u0130AD Ba\u015fkan\u0131 \u00dcmit Boyner\u2019e yan\u0131t\u0131n\u0131 \u201cO i\u015fine baks\u0131n\u201d man\u015fetiyle verirken, Ahmet Davuto\u011flu\u2019nun Cansu \u00c7aml\u0131bel\u2019le yapt\u0131\u011f\u0131 r\u00f6portaja da man\u015fetinde yer verdi.<\/p>\n<p style=\"text-align: justify;\">Milliyet gazetesi de Ba\u015fbakan\u0131n Boyner\u2019e y\u00f6nelik s\u00f6zlerini \u201cO kendi i\u015fine baks\u0131n\u201d man\u015fetiyle verirken, Hatay\u2019da ya\u015fananlar Milliyet&#8217;in de \u00f6n sayfas\u0131nda yer bulamad\u0131.<\/p>\n<p style=\"text-align: justify;\">Ak\u015fam, s\u00fcrman\u015fetten \u00dcmit \u00d6zda\u011f\u2019\u0131n \u015eenay Y\u0131ld\u0131z\u2019a yapt\u0131\u011f\u0131 a\u00e7\u0131klamalar\u0131 \u201cPKK i\u00e7 sava\u015f istiyor\u201d \u015feklinde duyururken, man\u015fetine Erdo\u011fan\u2019\u0131n, o\u011flunu kaybettikten sonra \u201ckan\u0131 siz durdurun\u201d diyen BDP milletvekili S\u0131rr\u0131 Sak\u0131k\u2019a y\u00f6nelik \u201cElimden geleni yapt\u0131m\u201d s\u00f6zlerini ta\u015f\u0131d\u0131.<\/p>\n<p style=\"text-align: center;\"><a href=\"http:\/\/www.korhanyilmaz.com\/wp-content\/uploads\/2012\/09\/H817.jpg\"  class=\"lightview\"><img loading=\"lazy\" decoding=\"async\" class=\"aligncenter  wp-image-55596\" src=\"http:\/\/www.korhanyilmaz.com\/wp-content\/uploads\/2012\/09\/H817.jpg\" alt=\"\" width=\"599\" height=\"268\" \/><\/a><\/p>\n<p style=\"text-align: justify;\">Radikal gazetesi ise man\u015fetine Bing\u00f6l\u2019de 8 polis memurunun may\u0131nl\u0131 sald\u0131r\u0131 sonucunda ya\u015fam\u0131n\u0131 yitirmesini ta\u015f\u0131d\u0131. Radikal de Hatay&#8217;da ya\u015fananlar\u0131 g\u00f6rmezden gelen gazeteler kervan\u0131na kat\u0131ld\u0131.<\/p>\n<p style=\"text-align: justify;\">Hatay\u2019da ya\u015fanan olaylar\u0131 g\u00f6rmezden gelmesi \u015fa\u015f\u0131rtmayan Zaman ise \u201c\u00d6l\u00fcm\u00fcn\u00fcn 51. Y\u0131l\u0131nda millet, Menderes\u2019e ko\u015ftu\u201d man\u015fetiyle \u00e7\u0131kt\u0131.<\/p>\n<p style=\"text-align: justify;\">S\u00f6zc\u00fc, Cumhuriyet, Vatan gibi gazetelerin de d\u00fcn Hatay\u2019da ya\u015fananlara \u00f6n sayfalar\u0131ndan yer vermemeleri dikkat \u00e7ekti.<\/p>\n<p style=\"text-align: justify;\"><strong>Hatay\u2019da ya\u015fananlar \u00c7in bas\u0131n\u0131nda!<\/strong><\/p>\n<p style=\"text-align: justify;\">T\u00fcrkiye\u2019de ana ak\u0131m bas\u0131n\u0131n g\u00f6rmedi\u011fi Hatay olaylar\u0131, \u00c7in\u2019in resmi haber ajans\u0131 Xinhua taraf\u0131ndan d\u00fcnyaya duyuruldu. Xinhua\u2019n\u0131n haberinde \u201cPazar g\u00fcn\u00fc T\u00fcrkiye\u2019nin do\u011fu kenti Hatay\u2019\u0131n merkezi Antakya\u2019da 5000\u2019i a\u015fk\u0131n g\u00f6sterici, T\u00fcrk h\u00fck\u00fcmetinin Suriye\u2019ye m\u00fcdahalesini protesto eden kitlesel bir sava\u015f kar\u015f\u0131t\u0131 g\u00f6steri d\u00fczenledi\u201d denildi. Haberde ayr\u0131ca \u201cyerel halk g\u00f6steriye kat\u0131larak, halk aras\u0131nda huzursuzlu\u011fa neden olan, T\u00fcrkiye\u2019nin Hatay\u2019da Suriyeli militanlar\u0131, hatta ter\u00f6ristleri bar\u0131nd\u0131rmas\u0131ndan \u015fikayet etti\u201d denildi.<\/p>\n<p style=\"text-align: justify;\">\u00a0<a href=\"http:\/\/haber.sol.org.tr\/medya\/hatay-ayakta-basin-uykuda-haberi-59718\" target=\"_blank\">Kaynak :\u00a0soL-Haber Merkezi<\/a><\/p>\n","protected":false},"excerpt":{"rendered":"<p style=\"text-align: center;\">\n<p style=\"text-align: justify;\">D\u00fcn Antakya\u2019da d\u00fczenlenen \u201cT\u00fcrkiye-Suriye Karde\u015flik Bulu\u015fmas\u0131\u201d polisin \u00e7ok sert m\u00fcdahalesine sahne oldu. Gece boyu devam eden polis sald\u0131r\u0131s\u0131 ve halk\u0131n tepkisi kar\u015f\u0131s\u0131nda ana ak\u0131m bas\u0131n\u0131n tavr\u0131 yine \u201csessizlik\u201d oldu.<\/p>\n<p style=\"text-align: justify;\">D\u00fcn Antakya\u2019da \u0130\u015f\u00e7i Partisi\u2019nin \u00e7a\u011fr\u0131s\u0131 \u00fczerine d\u00fczenlenmek istenen \u201cT\u00fcrkiye-Suriye Karde\u015flik Bulu\u015fmas\u0131\u201d polisin sert m\u00fcdahalesine sahne oldu. Daha \u00f6nce Hatay <\/p>\n","protected":false},"author":1,"featured_media":0,"comment_status":"open","ping_status":"open","sticky":false,"template":"","format":"standard","meta":{"footnotes":""},"categories":[105],"tags":[],"class_list":["post-55594","post","type-post","status-publish","format-standard","hentry","category-gundem","odd"],"_links":{"self":[{"href":"http:\/\/www.korhanyilmaz.com\/index.php?rest_route=\/wp\/v2\/posts\/55594","targetHints":{"allow":["GET"]}}],"collection":[{"href":"http:\/\/www.korhanyilmaz.com\/index.php?rest_route=\/wp\/v2\/posts"}],"about":[{"href":"http:\/\/www.korhanyilmaz.com\/index.php?rest_route=\/wp\/v2\/types\/post"}],"author":[{"embeddable":true,"href":"http:\/\/www.korhanyilmaz.com\/index.php?rest_route=\/wp\/v2\/users\/1"}],"replies":[{"embeddable":true,"href":"http:\/\/www.korhanyilmaz.com\/index.php?rest_route=%2Fwp%2Fv2%2Fcomments&post=55594"}],"version-history":[{"count":0,"href":"http:\/\/www.korhanyilmaz.com\/index.php?rest_route=\/wp\/v2\/posts\/55594\/revisions"}],"wp:attachment":[{"href":"http:\/\/www.korhanyilmaz.com\/index.php?rest_route=%2Fwp%2Fv2%2Fmedia&parent=55594"}],"wp:term":[{"taxonomy":"category","embeddable":true,"href":"http:\/\/www.korhanyilmaz.com\/index.php?rest_route=%2Fwp%2Fv2%2Fcategories&post=55594"},{"taxonomy":"post_tag","embeddable":true,"href":"http:\/\/www.korhanyilmaz.com\/index.php?rest_route=%2Fwp%2Fv2%2Ftags&post=55594"}],"curies":[{"name":"wp","href":"https:\/\/api.w.org\/{rel}","templated":true}]}}