{"id":55539,"date":"2012-09-17T13:33:37","date_gmt":"2012-09-17T10:33:37","guid":{"rendered":"http:\/\/www.korhanyilmaz.com\/?p=55539"},"modified":"2012-09-18T22:53:57","modified_gmt":"2012-09-18T19:53:57","slug":"imam-hatip-icin-kayitlari-silinen-ogrenciler-eylemde","status":"publish","type":"post","link":"http:\/\/www.korhanyilmaz.com\/?p=55539","title":{"rendered":"\u0130mam Hatip i\u00e7in kay\u0131tlar\u0131 silinen \u00f6\u011frenciler eylemde!"},"content":{"rendered":"<p style=\"text-align: center;\"><a href=\"http:\/\/www.korhanyilmaz.com\/wp-content\/uploads\/2012\/09\/H802.jpg\"  class=\"lightview\"><img loading=\"lazy\" decoding=\"async\" class=\"aligncenter  wp-image-55540\" src=\"http:\/\/www.korhanyilmaz.com\/wp-content\/uploads\/2012\/09\/H802.jpg\" alt=\"\" width=\"392\" height=\"175\" \/><\/a><\/p>\n<p style=\"text-align: justify;\">Fatih\u2019te Atat\u00fcrk \u0130lk\u00f6\u011fretim Okulu \u00f6\u011frencileri okula ba\u015flayacaklar\u0131 g\u00fcn okulun \u0130mam Hatip\u2019e d\u00f6n\u00fc\u015ft\u00fcr\u00fcld\u00fc\u011f\u00fcn\u00fc \u00f6\u011frendi. Kay\u0131tlar\u0131 iptal edilen \u00f6\u011frenciler ve velileri bug\u00fcn okulun \u00f6n\u00fcnde yapt\u0131klar\u0131 eylemde okulda \u0130mam Hatip s\u0131n\u0131flar\u0131na yer a\u00e7mak i\u00e7in kay\u0131tlar\u0131n\u0131n silindi\u011fini s\u00f6ylediler.<\/p>\n<p style=\"text-align: justify;\">AKP\u2019nin 4+4+4 gerici e\u011fitim uygulamalar\u0131ndan \u00f6\u011frenciler, veliler ve \u00f6\u011fretmenler ma\u011fdur olmaya devam ediyor. Fatih Atat\u00fcrk \u0130lk\u00f6\u011fretim Okulu\u2019na \u00e7ocuklar\u0131n\u0131n \u00f6n kayd\u0131n\u0131 yapt\u0131ran veliler e\u011fitimin ba\u015flamas\u0131na \u00fc\u00e7 g\u00fcn kala okulun \u0130mam Hatip\u2019e d\u00f6n\u00fc\u015ft\u00fcr\u00fcld\u00fc\u011f\u00fc \u00f6\u011frendi.\u00a0<!--more--><\/p>\n<p style=\"text-align: justify;\"><strong>Kay\u0131tlar iptal edildi, di\u011fer okul kay\u0131tlar\u0131 almad\u0131<\/strong><\/p>\n<p style=\"text-align: justify;\">Baz\u0131 veliler de 10 Eyl\u00fcl\u2019de ba\u015flayacak e\u011fitim i\u00e7in \u00e7ocuklar\u0131n\u0131 formalar\u0131yla, \u00e7antalar\u0131yla okula getirdi\u011finde karar\u0131 \u00f6\u011frenirken okul y\u00f6netimi \u00f6n kay\u0131tlar\u0131n iptal edildi\u011fini \u00e7ocuklar\u0131n Mimar Sinan \u0130lk\u00f6\u011fretim Okulu\u2019nda okula ba\u015flayabilece\u011fini s\u00f6yledi. Ancak veliler di\u011fer okula gittiklerinde de, \u201cBilgimiz yok, i\u015flem yapamay\u0131z\u201d s\u00f6zleriyle kar\u015f\u0131la\u015ft\u0131.<\/p>\n<p style=\"text-align: justify;\"><strong>Okulsuz kalan \u00f6\u011frenciler aileleriyle eylemde<\/strong><\/p>\n<p style=\"text-align: justify;\">Okula ba\u015flayamayan \u00e7ocuklar ve \u00e7ocuklar\u0131n\u0131 okula ba\u015flatamayan veliler bug\u00fcn skandal uygulaman\u0131n ya\u015fand\u0131\u011f\u0131 Fatih Atat\u00fcrk \u0130lk\u00f6\u011fretim Okulu \u00f6n\u00fcndeydi. \u201cSusma ses \u00e7\u0131kar, okuluna sahip \u00e7\u0131k\u201d sloganlar\u0131yla yap\u0131lan eylemde \u00f6\u011frencilerin \u00e7o\u011funlu\u011fu dikkat \u00e7ekerken veliler \u00e7ocuklar\u0131yla birlikte ya\u015fananlara tepki g\u00f6sterdi.<\/p>\n<p style=\"text-align: justify;\">Eylem devam ederken E\u011fitim-Sen 8. No.lu \u015eube\u2019den e\u011fitimcilerle bir heyet okul m\u00fcd\u00fcr\u00fcyle kay\u0131tlar\u0131n yap\u0131lmas\u0131 y\u00f6n\u00fcnde g\u00f6r\u00fc\u015fme yapt\u0131. Okul y\u00f6netimi \u00f6\u011frencilerin okula al\u0131nmas\u0131 i\u00e7in \u0130l Milli E\u011fitim M\u00fcd\u00fcrl\u00fc\u011f\u00fc\u2019yle tekrar g\u00f6r\u00fc\u015fme yapacaklar\u0131n\u0131 ve sonu\u00e7tan velileri yar\u0131na kadar haberdar edeceklerini s\u00f6yledi. \u00d6\u011frenciler ve veliler de olumlu sonu\u00e7 alana kadar eylemlerine devam edeceklerini duyurdular.<\/p>\n<p style=\"text-align: justify;\"><strong>Ortaokul \u00f6\u011frencileri de ma\u011fdur oldu<\/strong><\/p>\n<p style=\"text-align: justify;\">Okulda e\u011fitimin 5. s\u0131n\u0131ftan itibaren \u0130mam Hatip\u2019e d\u00f6n\u00fc\u015ft\u00fcr\u00fclmesiyle sadece ilkokula ba\u015flayacak olan \u00f6\u011frenciler de\u011fil e\u011fitimlerine devam eden ortaokul \u00f6\u011frencileri de ma\u011fdur oldu. Okul \u00f6n\u00fcnde yap\u0131lan eyleme kat\u0131lan veliler \u00e7ocuklar\u0131n\u0131n okulu bitirecekken \u0130mam Hatip\u2019e d\u00f6n\u00fc\u015ft\u00fcr\u00fclmesinden \u00f6t\u00fcr\u00fc ba\u015fka okullara nakil ald\u0131rmak zorunda kald\u0131klar\u0131n\u0131 anlatt\u0131.<\/p>\n<p style=\"text-align: justify;\"><strong>\u00c7al\u0131\u015fan veliler yak\u0131n okullara kay\u0131t yapt\u0131rtamad\u0131<\/strong><\/p>\n<p style=\"text-align: justify;\">Milli E\u011fitim Bakanl\u0131\u011f\u0131\u2019n\u0131n \u00e7al\u0131\u015fan velilerin yak\u0131nlar\u0131ndaki okullara kay\u0131t yap\u0131laca\u011f\u0131 y\u00f6n\u00fcndeki a\u00e7\u0131klamalar\u0131n da ger\u00e7ek d\u0131\u015f\u0131 oldu\u011fu anla\u015f\u0131ld\u0131. Okulun yak\u0131n\u0131nda bulunan bir\u00e7ok kamu kurulu\u015funda \u00e7al\u0131\u015fan veliler \u00e7ocuklar\u0131n\u0131 kaydettirebilecekleri di\u011fer okullar\u0131n kay\u0131t almad\u0131\u011f\u0131n\u0131 ifade etti.<\/p>\n<p style=\"text-align: justify;\"><strong>\u0130mam Hatip\u2019e yer a\u00e7mak i\u00e7in kay\u0131tlar\u0131 sildiler<\/strong><\/p>\n<p style=\"text-align: justify;\">Kapasitesi 450 ki\u015filik olan okulda \u0130mam Hatip \u00f6\u011frencilerine d\u00f6rt s\u0131n\u0131f a\u00e7\u0131laca\u011f\u0131n\u0131 ve be\u015fincisinin de a\u00e7\u0131lmak istendi\u011fini belirten okuldan bir \u00f6\u011fretmen ise okul y\u00f6netiminin imam hatip \u00f6\u011frencilerine yer a\u00e7mak i\u00e7in ilkokul \u00f6\u011frencilerinin kay\u0131tlar\u0131n\u0131n iptal edildi\u011fini ifade etti.<\/p>\n<p style=\"text-align: justify;\"><a href=\"http:\/\/haber.sol.org.tr\/devlet-ve-siyaset\/imam-hatip-icin-kayitlari-silinen-ogrenciler-eylemde-haberi-59730\" target=\"_blank\">(soL \u2013 \u0130stanbul)<\/a><\/p>\n","protected":false},"excerpt":{"rendered":"<p style=\"text-align: center;\">\n<p style=\"text-align: justify;\">Fatih\u2019te Atat\u00fcrk \u0130lk\u00f6\u011fretim Okulu \u00f6\u011frencileri okula ba\u015flayacaklar\u0131 g\u00fcn okulun \u0130mam Hatip\u2019e d\u00f6n\u00fc\u015ft\u00fcr\u00fcld\u00fc\u011f\u00fcn\u00fc \u00f6\u011frendi. Kay\u0131tlar\u0131 iptal edilen \u00f6\u011frenciler ve velileri bug\u00fcn okulun \u00f6n\u00fcnde yapt\u0131klar\u0131 eylemde okulda \u0130mam Hatip s\u0131n\u0131flar\u0131na yer a\u00e7mak i\u00e7in kay\u0131tlar\u0131n\u0131n silindi\u011fini s\u00f6ylediler.<\/p>\n<p style=\"text-align: justify;\">AKP\u2019nin 4+4+4 gerici e\u011fitim uygulamalar\u0131ndan \u00f6\u011frenciler, veliler ve \u00f6\u011fretmenler ma\u011fdur olmaya devam ediyor. Fatih <\/p>\n","protected":false},"author":1,"featured_media":0,"comment_status":"open","ping_status":"open","sticky":false,"template":"","format":"standard","meta":{"footnotes":""},"categories":[105],"tags":[],"class_list":["post-55539","post","type-post","status-publish","format-standard","hentry","category-gundem","odd"],"_links":{"self":[{"href":"http:\/\/www.korhanyilmaz.com\/index.php?rest_route=\/wp\/v2\/posts\/55539","targetHints":{"allow":["GET"]}}],"collection":[{"href":"http:\/\/www.korhanyilmaz.com\/index.php?rest_route=\/wp\/v2\/posts"}],"about":[{"href":"http:\/\/www.korhanyilmaz.com\/index.php?rest_route=\/wp\/v2\/types\/post"}],"author":[{"embeddable":true,"href":"http:\/\/www.korhanyilmaz.com\/index.php?rest_route=\/wp\/v2\/users\/1"}],"replies":[{"embeddable":true,"href":"http:\/\/www.korhanyilmaz.com\/index.php?rest_route=%2Fwp%2Fv2%2Fcomments&post=55539"}],"version-history":[{"count":0,"href":"http:\/\/www.korhanyilmaz.com\/index.php?rest_route=\/wp\/v2\/posts\/55539\/revisions"}],"wp:attachment":[{"href":"http:\/\/www.korhanyilmaz.com\/index.php?rest_route=%2Fwp%2Fv2%2Fmedia&parent=55539"}],"wp:term":[{"taxonomy":"category","embeddable":true,"href":"http:\/\/www.korhanyilmaz.com\/index.php?rest_route=%2Fwp%2Fv2%2Fcategories&post=55539"},{"taxonomy":"post_tag","embeddable":true,"href":"http:\/\/www.korhanyilmaz.com\/index.php?rest_route=%2Fwp%2Fv2%2Ftags&post=55539"}],"curies":[{"name":"wp","href":"https:\/\/api.w.org\/{rel}","templated":true}]}}