{"id":5550,"date":"2009-03-15T18:10:08","date_gmt":"2009-03-15T16:10:08","guid":{"rendered":"http:\/\/www.korhanyilmaz.com\/?p=5550"},"modified":"2009-03-15T18:10:08","modified_gmt":"2009-03-15T16:10:08","slug":"bakana-protesto","status":"publish","type":"post","link":"http:\/\/www.korhanyilmaz.com\/?p=5550","title":{"rendered":"Bakan&#039;a protesto!"},"content":{"rendered":"<p style=\"text-align: center;\"><img loading=\"lazy\" decoding=\"async\" class=\"aligncenter size-full wp-image-5551\" title=\"Bakan'a protesto! \" src=\"http:\/\/www.korhanyilmaz.com\/wp-content\/uploads\/2009\/03\/150320091828350709090.jpg\" alt=\"Bakan'a protesto! \" width=\"376\" height=\"240\" \/><\/p>\n<p style=\"text-align: justify;\"><strong>&#8216;Git provokasyonunu ba\u015fka yerde yap. Ben rakamlarla konu\u015fuyorum&#8217;<\/strong><\/p>\n<p style=\"text-align: justify;\">E\u011firdir&#8217;deki huzurevi a\u00e7\u0131l\u0131\u015f\u0131 sonras\u0131 \u00c7ayk\u00f6y K\u00f6y\u00fc&#8217;nde so\u011fuk hava deposu a\u00e7\u0131l\u0131\u015f\u0131 yapan Tar\u0131m ve K\u00f6yi\u015fleri Bakan\u0131 Mehmet Mehdi Eker, buradan Gelendost \u0130l\u00e7esi&#8217;ne ge\u00e7ti.<\/p>\n<p style=\"text-align: justify;\">Gelendost AKP \u0130l\u00e7e Ba\u015fkanl\u0131\u011f\u0131&#8217;n\u0131 ziyaret eden Bakan Eker, parti binas\u0131 \u00f6n\u00fcnde toplananlara seslendi. AKP H\u00fck\u00fcmeti zaman\u0131nda e\u011fitim, sa\u011fl\u0131k, turizm ve tar\u0131mda \u00e7ok \u00f6nemli reform niteli\u011finde hizmetler yap\u0131ld\u0131\u011f\u0131n\u0131 belirten Bakan Eker, &#8220;Isparta \u00f6zellikle tar\u0131mdan b\u00fcy\u00fck destek g\u00f6rd\u00fc. Ispartal\u0131 \u00e7ift\u00e7inin cebine bakanl\u0131\u011f\u0131m\u0131z d\u00f6neminde 120 milyon TL girdi&#8221; dedi. <!--more--><\/p>\n<p style=\"text-align: justify;\">Bu s\u0131rada elma \u00fcreticisi \u015e\u00fckr\u00fc T\u00fcz\u00fcn, &#8220;Yan\u0131l\u0131yorsunuz. \u00d6nceki h\u00fck\u00fcmetler d\u00f6neminde daha fazla destek al\u0131yorduk. Elimizdeki so\u011fuk hava deposunu hacizle kaybettik&#8221; diyerek Bakan Eker&#8217;e ba\u011f\u0131rd\u0131.<\/p>\n<p style=\"text-align: justify;\">Bakan Eker de &#8220;Sen, git provokasyonunu ba\u015fka yerde yap. Ben rakamlarla konu\u015fuyorum&#8221; dedi. Bu s\u0131rada Bakan Eker&#8217;in bir korumas\u0131 T\u00fcz\u00fcn&#8217;\u00fcn yan\u0131na giderek susmas\u0131n\u0131 s\u00f6yledi.<\/p>\n<p style=\"text-align: justify;\">2002 y\u0131l\u0131nda 550 bin \u00e7ift\u00e7iye 550 milyon kredi verilirken 2008 sonu itibariyle 1 milyon \u00e7ift\u00e7iye 8 milyar 300 milyon TL kredi deste\u011fi verdiklerini anlatan Bakan Eker&#8217;e seslenen alkoll\u00fc oldu\u011fu ileri s\u00fcr\u00fclen bir ki\u015fi, &#8220;Ben de konu\u015fmak istiyorum&#8221; diyerek el kald\u0131rd\u0131.<\/p>\n<p style=\"text-align: justify;\">AKP Isparta Milletvetili S\u00fcreyya Sadi Bilgi\u00e7&#8217;in susturdu\u011fu ki\u015fi \u0131srar\u0131n\u0131 s\u00fcrd\u00fcr\u00fcnce korumalar taraf\u0131ndan alan\u0131ndan uzakla\u015ft\u0131r\u0131ld\u0131. Bakan Eker, daha sonra Yalva\u00e7&#8217;a hareket etti.<\/p>\n<p style=\"text-align: justify;\"><span style=\"color: #888888;\">Kaynak : Vatan Gazetesi<\/span><\/p>\n<p style=\"text-align: justify;\">\n","protected":false},"excerpt":{"rendered":"<p style=\"text-align: center;\">\n<p style=\"text-align: justify;\">&#8216;Git provokasyonunu ba\u015fka yerde yap. Ben rakamlarla konu\u015fuyorum&#8217;<\/p>\n<p style=\"text-align: justify;\">E\u011firdir&#8217;deki huzurevi a\u00e7\u0131l\u0131\u015f\u0131 sonras\u0131 \u00c7ayk\u00f6y K\u00f6y\u00fc&#8217;nde so\u011fuk hava deposu a\u00e7\u0131l\u0131\u015f\u0131 yapan Tar\u0131m ve K\u00f6yi\u015fleri Bakan\u0131 Mehmet Mehdi Eker, buradan Gelendost \u0130l\u00e7esi&#8217;ne ge\u00e7ti.<\/p>\n<p style=\"text-align: justify;\">Gelendost AKP \u0130l\u00e7e Ba\u015fkanl\u0131\u011f\u0131&#8217;n\u0131 ziyaret eden Bakan Eker, parti binas\u0131 \u00f6n\u00fcnde toplananlara seslendi. AKP H\u00fck\u00fcmeti zaman\u0131nda <\/p>\n","protected":false},"author":1,"featured_media":0,"comment_status":"open","ping_status":"closed","sticky":false,"template":"","format":"standard","meta":{"footnotes":""},"categories":[105],"tags":[],"class_list":["post-5550","post","type-post","status-publish","format-standard","hentry","category-gundem","odd"],"_links":{"self":[{"href":"http:\/\/www.korhanyilmaz.com\/index.php?rest_route=\/wp\/v2\/posts\/5550","targetHints":{"allow":["GET"]}}],"collection":[{"href":"http:\/\/www.korhanyilmaz.com\/index.php?rest_route=\/wp\/v2\/posts"}],"about":[{"href":"http:\/\/www.korhanyilmaz.com\/index.php?rest_route=\/wp\/v2\/types\/post"}],"author":[{"embeddable":true,"href":"http:\/\/www.korhanyilmaz.com\/index.php?rest_route=\/wp\/v2\/users\/1"}],"replies":[{"embeddable":true,"href":"http:\/\/www.korhanyilmaz.com\/index.php?rest_route=%2Fwp%2Fv2%2Fcomments&post=5550"}],"version-history":[{"count":0,"href":"http:\/\/www.korhanyilmaz.com\/index.php?rest_route=\/wp\/v2\/posts\/5550\/revisions"}],"wp:attachment":[{"href":"http:\/\/www.korhanyilmaz.com\/index.php?rest_route=%2Fwp%2Fv2%2Fmedia&parent=5550"}],"wp:term":[{"taxonomy":"category","embeddable":true,"href":"http:\/\/www.korhanyilmaz.com\/index.php?rest_route=%2Fwp%2Fv2%2Fcategories&post=5550"},{"taxonomy":"post_tag","embeddable":true,"href":"http:\/\/www.korhanyilmaz.com\/index.php?rest_route=%2Fwp%2Fv2%2Ftags&post=5550"}],"curies":[{"name":"wp","href":"https:\/\/api.w.org\/{rel}","templated":true}]}}