{"id":55494,"date":"2012-09-17T00:01:20","date_gmt":"2012-09-16T21:01:20","guid":{"rendered":"http:\/\/www.korhanyilmaz.com\/?p=55494"},"modified":"2012-09-17T02:40:40","modified_gmt":"2012-09-16T23:40:40","slug":"kritik-gun-20-eylul","status":"publish","type":"post","link":"http:\/\/www.korhanyilmaz.com\/?p=55494","title":{"rendered":"Kritik g\u00fcn: 20 Eyl\u00fcl"},"content":{"rendered":"<p style=\"text-align: center;\"><a href=\"http:\/\/www.korhanyilmaz.com\/wp-content\/uploads\/2012\/09\/H788.jpg\"  class=\"lightview\"><img loading=\"lazy\" decoding=\"async\" class=\"aligncenter  wp-image-55495\" src=\"http:\/\/www.korhanyilmaz.com\/wp-content\/uploads\/2012\/09\/H788.jpg\" alt=\"\" width=\"396\" height=\"180\" \/><\/a><\/p>\n<p style=\"text-align: justify;\">Anayasa Mahkemesi, 4+4+4 bi\u00e7imindeki e\u011fitim yasas\u0131 i\u00e7in 20 Eyl\u00fcl g\u00fcn\u00fc kritik bir karar verecek. Mahkemenin alaca\u011f\u0131 olas\u0131 bir iptal karar\u0131 sistemi de\u011fi\u015ftirecek.<\/p>\n<p style=\"text-align: justify;\">ANKARA &#8211; Anayasa Mahkemesi, 4+4+4 bi\u00e7imindeki zorunlu ve kesintili e\u011fitim yasas\u0131 i\u00e7in 20 Eyl\u00fcl g\u00fcn\u00fc kritik bir karar verecek. Anayasa Mahkemesinin CHP\u2019nin ba\u015fvurusu \u00fczerine alaca\u011f\u0131 olas\u0131 bir iptal karar\u0131, yeni e\u011fitim y\u0131l\u0131ndaki uygulamalar a\u00e7\u0131s\u0131ndan \u00f6nem ta\u015f\u0131yor.\u00a0<!--more--><\/p>\n<p style=\"text-align: justify;\">CHP, \u0130lk\u00f6\u011fretim yasas\u0131nda de\u011fi\u015fiklik \u00f6ng\u00f6ren kanunun baz\u0131 maddelerinin i\u00e7in dava a\u00e7m\u0131\u015ft\u0131. CHP, ilkokula ba\u015flama ya\u015f\u0131n\u0131 \u00e7ocu\u011fun 5 ya\u015f\u0131n\u0131 bitirdi\u011fi ya\u015f\u0131n Eyl\u00fcl ay\u0131nda ba\u015flatmas\u0131 ve 66 ayl\u0131klar\u0131n zorunlu olarak okula g\u00f6nderilmesi, zorunlu e\u011fitimin 4+4+4 olarak kademeli hale getirilmesi, ortaokullar\u0131n, ilkokullarla veya liselerle birlikte de kurulabilmesi, imam hatip ortaokullar\u0131n\u0131n kurulmas\u0131, ortaokul ve liselerde Kuran ve Hz. Muhammed\u2019in hayat\u0131n\u0131n se\u00e7meli ders olarak okutulmas\u0131na ili\u015fkin h\u00fck\u00fcmlerin iptalini istiyor.<\/p>\n<p style=\"text-align: justify;\">CHP daha \u00f6nce de yasan\u0131n y\u00fcr\u00fctmesinin durdurulmas\u0131 istemiyle Anayasa Mahkemesi\u2019ne ba\u015fvurmu\u015ftu. Ba\u015fvuruda yasan\u0131n Meclis E\u011fitim Komisyonu\u2019ndaki g\u00f6r\u00fc\u015fmeleri s\u0131ras\u0131nda milletvekillerine s\u00f6z hakk\u0131 verilmeyerek maddelerin oyland\u0131\u011f\u0131na dikkat \u00e7ekilmi\u015f ve bu durumun Meclis \u0130\u00e7t\u00fcz\u00fc\u011f\u00fc ile Anayasa\u2019ya ayk\u0131r\u0131 oldu\u011fu ileri s\u00fcr\u00fclm\u00fc\u015ft\u00fc. AYM, ise sadece \u201cSon oylaman\u0131n \u00f6ng\u00f6r\u00fclen \u00e7o\u011funlukla yap\u0131lmamas\u0131\u201d halinde \u015fekil bak\u0131m\u0131ndan iptal karar\u0131 verilebilece\u011fine dikkat \u00e7ekerek ba\u015fvuruyu reddetmi\u015fti. Mahkeme \u015fimdi yasayla ilgili esas a\u00e7\u0131s\u0131ndan karar verecek.<\/p>\n<p style=\"text-align: justify;\"><a href=\"http:\/\/www.gazeteport.com.tr\/haber\/111100\/kritik-gun-20-eylul\" target=\"_blank\">Kaynak : GAZETEPORT<\/a><\/p>\n","protected":false},"excerpt":{"rendered":"<p style=\"text-align: center;\">\n<p style=\"text-align: justify;\">Anayasa Mahkemesi, 4+4+4 bi\u00e7imindeki e\u011fitim yasas\u0131 i\u00e7in 20 Eyl\u00fcl g\u00fcn\u00fc kritik bir karar verecek. Mahkemenin alaca\u011f\u0131 olas\u0131 bir iptal karar\u0131 sistemi de\u011fi\u015ftirecek.<\/p>\n<p style=\"text-align: justify;\">ANKARA &#8211; Anayasa Mahkemesi, 4+4+4 bi\u00e7imindeki zorunlu ve kesintili e\u011fitim yasas\u0131 i\u00e7in 20 Eyl\u00fcl g\u00fcn\u00fc kritik bir karar verecek. Anayasa Mahkemesinin CHP\u2019nin ba\u015fvurusu \u00fczerine alaca\u011f\u0131 olas\u0131 <\/p>\n","protected":false},"author":1,"featured_media":0,"comment_status":"open","ping_status":"open","sticky":false,"template":"","format":"standard","meta":{"footnotes":""},"categories":[105],"tags":[],"class_list":["post-55494","post","type-post","status-publish","format-standard","hentry","category-gundem","odd"],"_links":{"self":[{"href":"http:\/\/www.korhanyilmaz.com\/index.php?rest_route=\/wp\/v2\/posts\/55494","targetHints":{"allow":["GET"]}}],"collection":[{"href":"http:\/\/www.korhanyilmaz.com\/index.php?rest_route=\/wp\/v2\/posts"}],"about":[{"href":"http:\/\/www.korhanyilmaz.com\/index.php?rest_route=\/wp\/v2\/types\/post"}],"author":[{"embeddable":true,"href":"http:\/\/www.korhanyilmaz.com\/index.php?rest_route=\/wp\/v2\/users\/1"}],"replies":[{"embeddable":true,"href":"http:\/\/www.korhanyilmaz.com\/index.php?rest_route=%2Fwp%2Fv2%2Fcomments&post=55494"}],"version-history":[{"count":0,"href":"http:\/\/www.korhanyilmaz.com\/index.php?rest_route=\/wp\/v2\/posts\/55494\/revisions"}],"wp:attachment":[{"href":"http:\/\/www.korhanyilmaz.com\/index.php?rest_route=%2Fwp%2Fv2%2Fmedia&parent=55494"}],"wp:term":[{"taxonomy":"category","embeddable":true,"href":"http:\/\/www.korhanyilmaz.com\/index.php?rest_route=%2Fwp%2Fv2%2Fcategories&post=55494"},{"taxonomy":"post_tag","embeddable":true,"href":"http:\/\/www.korhanyilmaz.com\/index.php?rest_route=%2Fwp%2Fv2%2Ftags&post=55494"}],"curies":[{"name":"wp","href":"https:\/\/api.w.org\/{rel}","templated":true}]}}