{"id":55486,"date":"2012-09-16T19:46:24","date_gmt":"2012-09-16T16:46:24","guid":{"rendered":"http:\/\/www.korhanyilmaz.com\/?p=55486"},"modified":"2012-09-17T01:35:32","modified_gmt":"2012-09-16T22:35:32","slug":"sirri-sakikin-oglu-son-yolculuguna-ugurlandi","status":"publish","type":"post","link":"http:\/\/www.korhanyilmaz.com\/?p=55486","title":{"rendered":"S\u0131rr\u0131 Sak\u0131k&#8217;\u0131n o\u011flu son yolculu\u011funa u\u011furland\u0131"},"content":{"rendered":"<p style=\"text-align: justify;\"><a href=\"http:\/\/www.korhanyilmaz.com\/wp-content\/uploads\/2012\/09\/H786.jpg\"  class=\"lightview\"><img loading=\"lazy\" decoding=\"async\" class=\"aligncenter size-full wp-image-55487\" title=\"\" src=\"http:\/\/www.korhanyilmaz.com\/wp-content\/uploads\/2012\/09\/H786.jpg\" alt=\"\" width=\"292\" height=\"224\" \/><\/a><\/p>\n<p style=\"text-align: justify;\">Evinin balkonundan atlayarak intihar eden BDP Mu\u015f Milletvekili S\u0131rr\u0131 Sak\u0131k&#8217;\u0131n o\u011flu Sedar Sak\u0131k bug\u00fcn son yolculu\u011funa u\u011furland\u0131. BDP E\u015fba\u015fkan\u0131 Selahattin Demirta\u015f ba\u015fta olmak \u00fczere t\u00fcm BDP&#8217;li vekiller ile MHP d\u0131\u015f\u0131ndaki partilerin temsilcileri cenazede haz\u0131r bulundu. S\u0131rr\u0131 Sak\u0131k gen\u00e7 ya\u015fta kaybetti\u011fi o\u011flunu son yolculu\u011funa u\u011furlarken g\u00f6zya\u015flar\u0131na hakim olamad\u0131.<!--more--><\/p>\n<p style=\"text-align: justify;\">BDP Mu\u015f Milletvekili S\u0131rr\u0131 Sak\u0131k&#8217;\u0131n o\u011flu Sedar Sak\u0131k, 5. katta bulunan evinin balkonundan atlayarak intihar etti. Hen\u00fcz 25 ya\u015f\u0131nda hayata g\u00f6zlerini yuman sedar sak\u0131k son yolculu\u011funa u\u011furland\u0131.<\/p>\n<p style=\"text-align: justify;\">BDP, \u00f6nce Sedar Sak\u0131k&#8217;\u0131n, Kocatepe Camii&#8217;nde d\u00fczenlencek cenaze namaz\u0131n\u0131n ard\u0131ndan G\u00f6lba\u015f\u0131 Mezarl\u0131\u011f\u0131&#8217;nda topra\u011fa verilece\u011fini duyurdu.<\/p>\n<p style=\"text-align: justify;\">Ancak ayn\u0131 saatlerde Kocatepe Camii&#8217;nde iki \u015fehit cenazesi olmas\u0131 \u00fczerine aile camiinin de\u011fi\u015ftirilmesine karar verdi. Sedar Sak\u0131k, Y\u0131ld\u0131z Orta Camii&#8217;nde \u00f6\u011fle vakti k\u0131l\u0131nan cenaze namaz\u0131n\u0131n ard\u0131ndan annesinin de kabrinin oldu\u011fu G\u00f6lba\u015f\u0131 Mezarl\u0131\u011f\u0131&#8217;nda topra\u011fa verildi.<\/p>\n<p style=\"text-align: justify;\">Cenazede BDP E\u015fba\u015fkan\u0131 Selahattin Demirta\u015f ba\u015fta olmak \u00fczere eski ve yeni BDP&#8217;li vekillerin yan\u0131 s\u0131ra Ahmet T\u00fcrk ile Aysel Tu\u011fluk, Diyarbak\u0131r Belediye Ba\u015fkan\u0131 Osman Baydemir ve \u00e7ok say\u0131da partili haz\u0131r bulundu.<\/p>\n<p style=\"text-align: justify;\">AK Parti&#8217;yi Ankara Milletvekili Fatih \u015eahin temsil etti. CHP&#8217;den Genel Ba\u015fkan Yard\u0131mc\u0131s\u0131 Adnan Keskin ile MYK \u00fcyesi Sezgin Tanr\u0131kulu cenazeye kat\u0131ld\u0131. MHP&#8217;den ise temsilci yoktu.<\/p>\n<p style=\"text-align: justify;\">Cenaze namaz\u0131nda Aysel Tu\u011fluk da erkeklerin aras\u0131nda saf tuttu, imam\u0131n helallik istedi\u011fi an cenaze boyunca kendini tutan S\u0131rr\u0131 Sak\u0131k g\u00f6zya\u015flar\u0131na engel olamad\u0131.<\/p>\n<p style=\"text-align: justify;\">Gen\u00e7 ya\u015fta hayat\u0131n\u0131 kaybeden Sedar Sak\u0131k, 5 y\u0131l \u00f6nce kaybetti\u011fi annesinin yan\u0131nda defnedilmek \u00fczere omuzlarda cenaze arabas\u0131na ta\u015f\u0131nd\u0131.<\/p>\n<p style=\"text-align: justify;\"><a href=\"http:\/\/www.cnnturk.com\/2012\/turkiye\/09\/16\/sirri.sakikin.oglu.son.yolculuguna.ugurlandi\/676913.0\/index.html\" target=\"_blank\">Kaynak : CNN T\u00dcRK<\/a><\/p>\n","protected":false},"excerpt":{"rendered":"<p style=\"text-align: justify;\">\n<p style=\"text-align: justify;\">Evinin balkonundan atlayarak intihar eden BDP Mu\u015f Milletvekili S\u0131rr\u0131 Sak\u0131k&#8217;\u0131n o\u011flu Sedar Sak\u0131k bug\u00fcn son yolculu\u011funa u\u011furland\u0131. BDP E\u015fba\u015fkan\u0131 Selahattin Demirta\u015f ba\u015fta olmak \u00fczere t\u00fcm BDP&#8217;li vekiller ile MHP d\u0131\u015f\u0131ndaki partilerin temsilcileri cenazede haz\u0131r bulundu. S\u0131rr\u0131 Sak\u0131k gen\u00e7 ya\u015fta kaybetti\u011fi o\u011flunu son yolculu\u011funa u\u011furlarken g\u00f6zya\u015flar\u0131na hakim olamad\u0131.<\/p>\n","protected":false},"author":1,"featured_media":0,"comment_status":"open","ping_status":"open","sticky":false,"template":"","format":"standard","meta":{"footnotes":""},"categories":[105],"tags":[],"class_list":["post-55486","post","type-post","status-publish","format-standard","hentry","category-gundem","odd"],"_links":{"self":[{"href":"http:\/\/www.korhanyilmaz.com\/index.php?rest_route=\/wp\/v2\/posts\/55486","targetHints":{"allow":["GET"]}}],"collection":[{"href":"http:\/\/www.korhanyilmaz.com\/index.php?rest_route=\/wp\/v2\/posts"}],"about":[{"href":"http:\/\/www.korhanyilmaz.com\/index.php?rest_route=\/wp\/v2\/types\/post"}],"author":[{"embeddable":true,"href":"http:\/\/www.korhanyilmaz.com\/index.php?rest_route=\/wp\/v2\/users\/1"}],"replies":[{"embeddable":true,"href":"http:\/\/www.korhanyilmaz.com\/index.php?rest_route=%2Fwp%2Fv2%2Fcomments&post=55486"}],"version-history":[{"count":0,"href":"http:\/\/www.korhanyilmaz.com\/index.php?rest_route=\/wp\/v2\/posts\/55486\/revisions"}],"wp:attachment":[{"href":"http:\/\/www.korhanyilmaz.com\/index.php?rest_route=%2Fwp%2Fv2%2Fmedia&parent=55486"}],"wp:term":[{"taxonomy":"category","embeddable":true,"href":"http:\/\/www.korhanyilmaz.com\/index.php?rest_route=%2Fwp%2Fv2%2Fcategories&post=55486"},{"taxonomy":"post_tag","embeddable":true,"href":"http:\/\/www.korhanyilmaz.com\/index.php?rest_route=%2Fwp%2Fv2%2Ftags&post=55486"}],"curies":[{"name":"wp","href":"https:\/\/api.w.org\/{rel}","templated":true}]}}